{"id":7880,"date":"2026-07-23T00:00:00","date_gmt":"2026-07-23T00:00:00","guid":{"rendered":"https:\/\/www.contem.es\/sentencias-de-interes-en-el-ambito-laboral\/"},"modified":"2026-07-23T00:00:00","modified_gmt":"2026-07-23T00:00:00","slug":"sentencias-de-interes-en-el-ambito-laboral","status":"publish","type":"post","link":"https:\/\/www.contem.es\/es\/sentencias-de-interes-en-el-ambito-laboral\/","title":{"rendered":"Sentencias de inter\u00e9s en el \u00e1mbito laboral"},"content":{"rendered":"<p>Esquirolaje tecnol\u00f3gico<\/p>\n<p>Seg\u00fan el Tribunal Constitucional [TC 12-03-2026], el uso de medios t\u00e9cnicos o tecnol\u00f3gicos por parte de la empresa puede vulnerar el derecho de huelga si se utilizan de forma excepcional para neutralizar y reducir sus efectos.<\/p>\n<p>Durante una huelga indefinida en Metro Sevilla, la empresa puso en circulaci\u00f3n trenes dobles, aunque antes de la huelga estaban previstos trenes simples. El sindicato sostuvo que, pese a respetarse formalmente los servicios m\u00ednimos, se busc\u00f3 reducir el impacto del paro duplicando plazas. El tribunal concluye que:<\/p>\n<ul>\n<li>Si la empresa acude a medios materiales o procedimientos t\u00e9cnicos de modo distinto al habitual y espec\u00edficamente para afrontar la huelga, se produce una sustituci\u00f3n \u201cimpropia\u201d de los trabajadores y se lesiona su derecho.<\/li>\n<li>Aqu\u00ed, al no existir causa ordinaria que justificase el uso de trenes dobles, la medida era excepcional y contraria al derecho de huelga.<\/li>\n<\/ul>\n<p>\u00a0<\/p>\n<p>Demanda sin firma<\/p>\n<p>Una demanda laboral debe cumplir unos requisitos formales m\u00ednimos. Entre ellos, la firma de quien la interpone es obligatoria, porque expresa la voluntad del demandante de ejercitar la acci\u00f3n. Si la demanda se presenta s\u00f3lo firmada por el abogado y sin firma del actor, el defecto es relevante y debe subsanarse, y as\u00ed lo han confirmado los tribunales [TSJ Murcia 17-02-2026].<\/p>\n<p>En definitiva, el demandante puede comparecer por s\u00ed mismo o actuar mediante un representante. En ese \u00faltimo caso, debe acreditarse la representaci\u00f3n mediante un poder v\u00e1lido (apoderamiento \u201capud acta\u201d o escritura p\u00fablica).\u00a0 Si el juzgado requiere al demandante subsanar la falta de firma (aportando el poder o presentando de nuevo la demanda firmada por \u00e9l mismo) pero no se corrige en plazo, proceder\u00e1 a la inadmisi\u00f3n de la demanda y al archivo del procedimiento.<\/p>\n<p>\u00a0<\/p>\n<p>Excepci\u00f3n a la audiencia previa<\/p>\n<p>El Tribunal Superior de Justicia de Cantabria [TSJ Cantabria 30-01-2026] ha confirmado la procedencia del despido disciplinario de un trabajador que descarg\u00f3 sin autorizaci\u00f3n datos confidenciales de m\u00e1s de 16.000 clientes de su empresa. La conducta se consider\u00f3 una grave transgresi\u00f3n de la buena fe contractual y un abuso de confianza suficientes para justificar la extinci\u00f3n inmediata del contrato, aunque no se acreditara un uso posterior de los datos con fines lucrativos ni su cesi\u00f3n a terceros.<\/p>\n<p>Los tribunales recuerdan que antes de un despido disciplinario debe concederse una audiencia previa para formular alegaciones. Pero esta obligaci\u00f3n admite excepciones cuando no resulta razonable exigirla. En este caso, el empleado reconoci\u00f3 los hechos al ser requerido para entregar los dispositivos de trabajo, y ello puede considerarse equivalente a una audiencia.<\/p>\n","protected":false},"excerpt":{"rendered":"<p>Esquirolaje tecnol&oacute;gico Seg&uacute;n el Tribunal Constitucional [TC 12-03-2026], el uso de medios t&eacute;cnicos o tecnol&oacute;gicos por parte de la empresa puede vulnerar el derecho de huelga si se utilizan de forma excepcional para neutralizar y reducir sus efectos. Durante una huelga indefinida en Metro Sevilla, la empresa puso en circulaci&oacute;n trenes dobles, aunque antes de [&hellip;]<\/p>\n","protected":false},"author":7,"featured_media":7881,"comment_status":"closed","ping_status":"closed","sticky":false,"template":"","format":"standard","meta":{"footnotes":""},"categories":[19],"tags":[],"class_list":["post-7880","post","type-post","status-publish","format-standard","has-post-thumbnail","hentry","category-laboral"],"yoast_head":"<!-- This site is optimized with the Yoast SEO plugin v28.3 - https:\/\/yoast.com\/product\/yoast-seo-wordpress\/ -->\n<title>Sentencias de inter\u00e9s en el \u00e1mbito laboral | Contem Assessors<\/title>\n<meta name=\"robots\" content=\"index, follow, max-snippet:-1, max-image-preview:large, max-video-preview:-1\" \/>\n<link rel=\"canonical\" href=\"https:\/\/www.contem.es\/es\/sentencias-de-interes-en-el-ambito-laboral\/\" \/>\n<meta property=\"og:locale\" content=\"es_ES\" \/>\n<meta property=\"og:type\" content=\"article\" \/>\n<meta property=\"og:title\" content=\"Sentencias de inter\u00e9s en el \u00e1mbito laboral | Contem Assessors\" \/>\n<meta property=\"og:description\" content=\"Esquirolaje tecnol&oacute;gico Seg&uacute;n el Tribunal Constitucional [TC 12-03-2026], el uso de medios t&eacute;cnicos o tecnol&oacute;gicos por parte de la empresa puede vulnerar el derecho de huelga si se utilizan de forma excepcional para neutralizar y reducir sus efectos. Durante una huelga indefinida en Metro Sevilla, la empresa puso en circulaci&oacute;n trenes dobles, aunque antes de [&hellip;]\" \/>\n<meta property=\"og:url\" content=\"https:\/\/www.contem.es\/es\/sentencias-de-interes-en-el-ambito-laboral\/\" \/>\n<meta property=\"og:site_name\" content=\"Contem Assessors\" \/>\n<meta property=\"article:published_time\" content=\"2026-07-23T00:00:00+00:00\" \/>\n<meta property=\"og:image\" content=\"https:\/\/www.contem.es\/wp-content\/uploads\/2016\/06\/touch-icon-contem.png\" \/>\n<meta name=\"author\" content=\"rss\" \/>\n<meta name=\"twitter:card\" content=\"summary_large_image\" \/>\n<meta name=\"twitter:creator\" content=\"@contemassessors\" \/>\n<meta name=\"twitter:site\" content=\"@contemassessors\" \/>\n<meta name=\"twitter:label1\" content=\"Escrito por\" \/>\n\t<meta name=\"twitter:data1\" content=\"rss\" \/>\n\t<meta name=\"twitter:label2\" content=\"Tiempo de lectura\" \/>\n\t<meta name=\"twitter:data2\" content=\"2 minutos\" \/>\n<script type=\"application\/ld+json\" class=\"yoast-schema-graph\">{\"@context\":\"https:\\\/\\\/schema.org\",\"@graph\":[{\"@type\":\"Article\",\"@id\":\"https:\\\/\\\/www.contem.es\\\/es\\\/sentencias-de-interes-en-el-ambito-laboral\\\/#article\",\"isPartOf\":{\"@id\":\"https:\\\/\\\/www.contem.es\\\/es\\\/sentencias-de-interes-en-el-ambito-laboral\\\/\"},\"author\":{\"name\":\"rss\",\"@id\":\"https:\\\/\\\/www.contem.es\\\/es\\\/#\\\/schema\\\/person\\\/c1284c1e1887128f110dc4a88f6137ae\"},\"headline\":\"Sentencias de inter\u00e9s en el \u00e1mbito laboral\",\"datePublished\":\"2026-07-23T00:00:00+00:00\",\"mainEntityOfPage\":{\"@id\":\"https:\\\/\\\/www.contem.es\\\/es\\\/sentencias-de-interes-en-el-ambito-laboral\\\/\"},\"wordCount\":444,\"publisher\":{\"@id\":\"https:\\\/\\\/www.contem.es\\\/es\\\/#organization\"},\"image\":{\"@id\":\"https:\\\/\\\/www.contem.es\\\/es\\\/sentencias-de-interes-en-el-ambito-laboral\\\/#primaryimage\"},\"thumbnailUrl\":\"https:\\\/\\\/www.contem.es\\\/wp-content\\\/uploads\\\/2026\\\/07\\\/shutterstock1146624194-bcSize-650x118-2.jpg\",\"articleSection\":[\"Laboral\"],\"inLanguage\":\"es\"},{\"@type\":\"WebPage\",\"@id\":\"https:\\\/\\\/www.contem.es\\\/es\\\/sentencias-de-interes-en-el-ambito-laboral\\\/\",\"url\":\"https:\\\/\\\/www.contem.es\\\/es\\\/sentencias-de-interes-en-el-ambito-laboral\\\/\",\"name\":\"Sentencias de inter\u00e9s en el \u00e1mbito laboral | Contem Assessors\",\"isPartOf\":{\"@id\":\"https:\\\/\\\/www.contem.es\\\/es\\\/#website\"},\"primaryImageOfPage\":{\"@id\":\"https:\\\/\\\/www.contem.es\\\/es\\\/sentencias-de-interes-en-el-ambito-laboral\\\/#primaryimage\"},\"image\":{\"@id\":\"https:\\\/\\\/www.contem.es\\\/es\\\/sentencias-de-interes-en-el-ambito-laboral\\\/#primaryimage\"},\"thumbnailUrl\":\"https:\\\/\\\/www.contem.es\\\/wp-content\\\/uploads\\\/2026\\\/07\\\/shutterstock1146624194-bcSize-650x118-2.jpg\",\"datePublished\":\"2026-07-23T00:00:00+00:00\",\"breadcrumb\":{\"@id\":\"https:\\\/\\\/www.contem.es\\\/es\\\/sentencias-de-interes-en-el-ambito-laboral\\\/#breadcrumb\"},\"inLanguage\":\"es\",\"potentialAction\":[{\"@type\":\"ReadAction\",\"target\":[\"https:\\\/\\\/www.contem.es\\\/es\\\/sentencias-de-interes-en-el-ambito-laboral\\\/\"]}]},{\"@type\":\"ImageObject\",\"inLanguage\":\"es\",\"@id\":\"https:\\\/\\\/www.contem.es\\\/es\\\/sentencias-de-interes-en-el-ambito-laboral\\\/#primaryimage\",\"url\":\"https:\\\/\\\/www.contem.es\\\/wp-content\\\/uploads\\\/2026\\\/07\\\/shutterstock1146624194-bcSize-650x118-2.jpg\",\"contentUrl\":\"https:\\\/\\\/www.contem.es\\\/wp-content\\\/uploads\\\/2026\\\/07\\\/shutterstock1146624194-bcSize-650x118-2.jpg\",\"width\":650,\"height\":118},{\"@type\":\"BreadcrumbList\",\"@id\":\"https:\\\/\\\/www.contem.es\\\/es\\\/sentencias-de-interes-en-el-ambito-laboral\\\/#breadcrumb\",\"itemListElement\":[{\"@type\":\"ListItem\",\"position\":1,\"name\":\"Inici\",\"item\":\"https:\\\/\\\/www.contem.es\\\/es\\\/\"},{\"@type\":\"ListItem\",\"position\":2,\"name\":\"Sentencias de inter\u00e9s en el \u00e1mbito laboral\"}]},{\"@type\":\"WebSite\",\"@id\":\"https:\\\/\\\/www.contem.es\\\/es\\\/#website\",\"url\":\"https:\\\/\\\/www.contem.es\\\/es\\\/\",\"name\":\"Contem Assessors\",\"description\":\"Fiscal, comptable , laboral , jur\u00eddic , econ\u00f2mic i assegurances\",\"publisher\":{\"@id\":\"https:\\\/\\\/www.contem.es\\\/es\\\/#organization\"},\"potentialAction\":[{\"@type\":\"SearchAction\",\"target\":{\"@type\":\"EntryPoint\",\"urlTemplate\":\"https:\\\/\\\/www.contem.es\\\/es\\\/?s={search_term_string}\"},\"query-input\":{\"@type\":\"PropertyValueSpecification\",\"valueRequired\":true,\"valueName\":\"search_term_string\"}}],\"inLanguage\":\"es\"},{\"@type\":\"Organization\",\"@id\":\"https:\\\/\\\/www.contem.es\\\/es\\\/#organization\",\"name\":\"Contem Assessors\",\"url\":\"https:\\\/\\\/www.contem.es\\\/es\\\/\",\"logo\":{\"@type\":\"ImageObject\",\"inLanguage\":\"es\",\"@id\":\"https:\\\/\\\/www.contem.es\\\/es\\\/#\\\/schema\\\/logo\\\/image\\\/\",\"url\":\"https:\\\/\\\/www.contem.es\\\/wp-content\\\/uploads\\\/2016\\\/06\\\/touch-icon-contem.png\",\"contentUrl\":\"https:\\\/\\\/www.contem.es\\\/wp-content\\\/uploads\\\/2016\\\/06\\\/touch-icon-contem.png\",\"width\":120,\"height\":120,\"caption\":\"Contem Assessors\"},\"image\":{\"@id\":\"https:\\\/\\\/www.contem.es\\\/es\\\/#\\\/schema\\\/logo\\\/image\\\/\"},\"sameAs\":[\"https:\\\/\\\/x.com\\\/contemassessors\",\"https:\\\/\\\/www.linkedin.com\\\/company\\\/contem-assessors\"]},{\"@type\":\"Person\",\"@id\":\"https:\\\/\\\/www.contem.es\\\/es\\\/#\\\/schema\\\/person\\\/c1284c1e1887128f110dc4a88f6137ae\",\"name\":\"rss\",\"image\":{\"@type\":\"ImageObject\",\"inLanguage\":\"es\",\"@id\":\"https:\\\/\\\/secure.gravatar.com\\\/avatar\\\/ab3bd31bf66b0e143141b04dbe6aa5f58290e800756006b9aef442f9b1e697cb?s=96&d=mm&r=g\",\"url\":\"https:\\\/\\\/secure.gravatar.com\\\/avatar\\\/ab3bd31bf66b0e143141b04dbe6aa5f58290e800756006b9aef442f9b1e697cb?s=96&d=mm&r=g\",\"contentUrl\":\"https:\\\/\\\/secure.gravatar.com\\\/avatar\\\/ab3bd31bf66b0e143141b04dbe6aa5f58290e800756006b9aef442f9b1e697cb?s=96&d=mm&r=g\",\"caption\":\"rss\"},\"url\":\"https:\\\/\\\/www.contem.es\\\/es\\\/author\\\/rss\\\/\"}]}<\/script>\n<!-- \/ Yoast SEO plugin. -->","yoast_head_json":{"title":"Sentencias de inter\u00e9s en el \u00e1mbito laboral | Contem Assessors","robots":{"index":"index","follow":"follow","max-snippet":"max-snippet:-1","max-image-preview":"max-image-preview:large","max-video-preview":"max-video-preview:-1"},"canonical":"https:\/\/www.contem.es\/es\/sentencias-de-interes-en-el-ambito-laboral\/","og_locale":"es_ES","og_type":"article","og_title":"Sentencias de inter\u00e9s en el \u00e1mbito laboral | Contem Assessors","og_description":"Esquirolaje tecnol&oacute;gico Seg&uacute;n el Tribunal Constitucional [TC 12-03-2026], el uso de medios t&eacute;cnicos o tecnol&oacute;gicos por parte de la empresa puede vulnerar el derecho de huelga si se utilizan de forma excepcional para neutralizar y reducir sus efectos. Durante una huelga indefinida en Metro Sevilla, la empresa puso en circulaci&oacute;n trenes dobles, aunque antes de [&hellip;]","og_url":"https:\/\/www.contem.es\/es\/sentencias-de-interes-en-el-ambito-laboral\/","og_site_name":"Contem Assessors","article_published_time":"2026-07-23T00:00:00+00:00","og_image":[{"url":"https:\/\/www.contem.es\/wp-content\/uploads\/2016\/06\/touch-icon-contem.png","type":"","width":"","height":""}],"author":"rss","twitter_card":"summary_large_image","twitter_creator":"@contemassessors","twitter_site":"@contemassessors","twitter_misc":{"Escrito por":"rss","Tiempo de lectura":"2 minutos"},"schema":{"@context":"https:\/\/schema.org","@graph":[{"@type":"Article","@id":"https:\/\/www.contem.es\/es\/sentencias-de-interes-en-el-ambito-laboral\/#article","isPartOf":{"@id":"https:\/\/www.contem.es\/es\/sentencias-de-interes-en-el-ambito-laboral\/"},"author":{"name":"rss","@id":"https:\/\/www.contem.es\/es\/#\/schema\/person\/c1284c1e1887128f110dc4a88f6137ae"},"headline":"Sentencias de inter\u00e9s en el \u00e1mbito laboral","datePublished":"2026-07-23T00:00:00+00:00","mainEntityOfPage":{"@id":"https:\/\/www.contem.es\/es\/sentencias-de-interes-en-el-ambito-laboral\/"},"wordCount":444,"publisher":{"@id":"https:\/\/www.contem.es\/es\/#organization"},"image":{"@id":"https:\/\/www.contem.es\/es\/sentencias-de-interes-en-el-ambito-laboral\/#primaryimage"},"thumbnailUrl":"https:\/\/www.contem.es\/wp-content\/uploads\/2026\/07\/shutterstock1146624194-bcSize-650x118-2.jpg","articleSection":["Laboral"],"inLanguage":"es"},{"@type":"WebPage","@id":"https:\/\/www.contem.es\/es\/sentencias-de-interes-en-el-ambito-laboral\/","url":"https:\/\/www.contem.es\/es\/sentencias-de-interes-en-el-ambito-laboral\/","name":"Sentencias de inter\u00e9s en el \u00e1mbito laboral | Contem Assessors","isPartOf":{"@id":"https:\/\/www.contem.es\/es\/#website"},"primaryImageOfPage":{"@id":"https:\/\/www.contem.es\/es\/sentencias-de-interes-en-el-ambito-laboral\/#primaryimage"},"image":{"@id":"https:\/\/www.contem.es\/es\/sentencias-de-interes-en-el-ambito-laboral\/#primaryimage"},"thumbnailUrl":"https:\/\/www.contem.es\/wp-content\/uploads\/2026\/07\/shutterstock1146624194-bcSize-650x118-2.jpg","datePublished":"2026-07-23T00:00:00+00:00","breadcrumb":{"@id":"https:\/\/www.contem.es\/es\/sentencias-de-interes-en-el-ambito-laboral\/#breadcrumb"},"inLanguage":"es","potentialAction":[{"@type":"ReadAction","target":["https:\/\/www.contem.es\/es\/sentencias-de-interes-en-el-ambito-laboral\/"]}]},{"@type":"ImageObject","inLanguage":"es","@id":"https:\/\/www.contem.es\/es\/sentencias-de-interes-en-el-ambito-laboral\/#primaryimage","url":"https:\/\/www.contem.es\/wp-content\/uploads\/2026\/07\/shutterstock1146624194-bcSize-650x118-2.jpg","contentUrl":"https:\/\/www.contem.es\/wp-content\/uploads\/2026\/07\/shutterstock1146624194-bcSize-650x118-2.jpg","width":650,"height":118},{"@type":"BreadcrumbList","@id":"https:\/\/www.contem.es\/es\/sentencias-de-interes-en-el-ambito-laboral\/#breadcrumb","itemListElement":[{"@type":"ListItem","position":1,"name":"Inici","item":"https:\/\/www.contem.es\/es\/"},{"@type":"ListItem","position":2,"name":"Sentencias de inter\u00e9s en el \u00e1mbito laboral"}]},{"@type":"WebSite","@id":"https:\/\/www.contem.es\/es\/#website","url":"https:\/\/www.contem.es\/es\/","name":"Contem Assessors","description":"Fiscal, comptable , laboral , jur\u00eddic , econ\u00f2mic i assegurances","publisher":{"@id":"https:\/\/www.contem.es\/es\/#organization"},"potentialAction":[{"@type":"SearchAction","target":{"@type":"EntryPoint","urlTemplate":"https:\/\/www.contem.es\/es\/?s={search_term_string}"},"query-input":{"@type":"PropertyValueSpecification","valueRequired":true,"valueName":"search_term_string"}}],"inLanguage":"es"},{"@type":"Organization","@id":"https:\/\/www.contem.es\/es\/#organization","name":"Contem Assessors","url":"https:\/\/www.contem.es\/es\/","logo":{"@type":"ImageObject","inLanguage":"es","@id":"https:\/\/www.contem.es\/es\/#\/schema\/logo\/image\/","url":"https:\/\/www.contem.es\/wp-content\/uploads\/2016\/06\/touch-icon-contem.png","contentUrl":"https:\/\/www.contem.es\/wp-content\/uploads\/2016\/06\/touch-icon-contem.png","width":120,"height":120,"caption":"Contem Assessors"},"image":{"@id":"https:\/\/www.contem.es\/es\/#\/schema\/logo\/image\/"},"sameAs":["https:\/\/x.com\/contemassessors","https:\/\/www.linkedin.com\/company\/contem-assessors"]},{"@type":"Person","@id":"https:\/\/www.contem.es\/es\/#\/schema\/person\/c1284c1e1887128f110dc4a88f6137ae","name":"rss","image":{"@type":"ImageObject","inLanguage":"es","@id":"https:\/\/secure.gravatar.com\/avatar\/ab3bd31bf66b0e143141b04dbe6aa5f58290e800756006b9aef442f9b1e697cb?s=96&d=mm&r=g","url":"https:\/\/secure.gravatar.com\/avatar\/ab3bd31bf66b0e143141b04dbe6aa5f58290e800756006b9aef442f9b1e697cb?s=96&d=mm&r=g","contentUrl":"https:\/\/secure.gravatar.com\/avatar\/ab3bd31bf66b0e143141b04dbe6aa5f58290e800756006b9aef442f9b1e697cb?s=96&d=mm&r=g","caption":"rss"},"url":"https:\/\/www.contem.es\/es\/author\/rss\/"}]}},"_links":{"self":[{"href":"https:\/\/www.contem.es\/es\/wp-json\/wp\/v2\/posts\/7880","targetHints":{"allow":["GET"]}}],"collection":[{"href":"https:\/\/www.contem.es\/es\/wp-json\/wp\/v2\/posts"}],"about":[{"href":"https:\/\/www.contem.es\/es\/wp-json\/wp\/v2\/types\/post"}],"author":[{"embeddable":true,"href":"https:\/\/www.contem.es\/es\/wp-json\/wp\/v2\/users\/7"}],"replies":[{"embeddable":true,"href":"https:\/\/www.contem.es\/es\/wp-json\/wp\/v2\/comments?post=7880"}],"version-history":[{"count":0,"href":"https:\/\/www.contem.es\/es\/wp-json\/wp\/v2\/posts\/7880\/revisions"}],"wp:featuredmedia":[{"embeddable":true,"href":"https:\/\/www.contem.es\/es\/wp-json\/wp\/v2\/media\/7881"}],"wp:attachment":[{"href":"https:\/\/www.contem.es\/es\/wp-json\/wp\/v2\/media?parent=7880"}],"wp:term":[{"taxonomy":"category","embeddable":true,"href":"https:\/\/www.contem.es\/es\/wp-json\/wp\/v2\/categories?post=7880"},{"taxonomy":"post_tag","embeddable":true,"href":"https:\/\/www.contem.es\/es\/wp-json\/wp\/v2\/tags?post=7880"}],"curies":[{"name":"wp","href":"https:\/\/api.w.org\/{rel}","templated":true}]}}