{"id":7509,"date":"2026-04-20T00:00:00","date_gmt":"2026-04-20T00:00:00","guid":{"rendered":"https:\/\/www.contem.es\/concursal-2\/"},"modified":"2026-04-20T00:00:00","modified_gmt":"2026-04-20T00:00:00","slug":"concursal-2","status":"publish","type":"post","link":"https:\/\/www.contem.es\/es\/concursal-2\/","title":{"rendered":"Concursal"},"content":{"rendered":"<p>La pregunta de fondo es bastante sencilla, si una persona se endeuda para <b>ayudar econ\u00f3micamente a su familia y<\/b> luego no puede pagar, \u00bfeso convierte autom\u00e1ticamente su concurso de acreedores en \u201cculpable\u201d? En el caso analizado, se discut\u00eda si esas deudas pod\u00edan encajar en la causa general por la que un concurso puede <b>calificarse como culpable<\/b>, que la insolvencia (o su empeoramiento) se haya provocado o agravado por una conducta del deudor realizada con dolo o culpa grave.<\/p>\n<p>Aqu\u00ed, el protagonista era un pensionista que cobraba unos 1.949 euros netos al mes y, entre 2019 y 2020, <b>pidi\u00f3 financiaci\u00f3n<\/b> y acumul\u00f3 deudas por unos 20.242 euros. \u00bfEl motivo? Ayudar a su hija, a su yerno y a sus nietos, que estaban atravesando una situaci\u00f3n complicada por la <b>inestabilidad laboral<\/b> surgida durante la pandemia del <b>Covid-19<\/b>. Cuando se abri\u00f3 la secci\u00f3n de calificaci\u00f3n, la administraci\u00f3n concursal entendi\u00f3 que el concurso <b>deb\u00eda ser fortuito<\/b> (es decir, sin culpa relevante). Sin embargo, el Ministerio Fiscal pidi\u00f3 que se <b>declarara culpable<\/b>, y tanto el juzgado mercantil como la audiencia provincial le dieron la raz\u00f3n, al considerar que el deudor hab\u00eda agravado la insolvencia de manera <b>gravemente negligente<\/b>. El deudor recurri\u00f3 al Tribunal Supremo (TS).<\/p>\n<p>El TS le da la raz\u00f3n y declara el <b>concurso fortuito<\/b>. Reconoce que endeudarse para ayudar a la familia <b>contribuy\u00f3 a la insolvencia<\/b>, pero deja claro que eso no basta, si la calificaci\u00f3n se basa solo en el \u201ctipo general\u201d, no solo hay que ver la relaci\u00f3n entre la conducta y la insolvencia, sino <b>demostrar<\/b> adem\u00e1s dolo o culpa grave. El TS <b>descarta el dolo<\/b> (no ve intenci\u00f3n de provocar o empeorar la insolvencia) y tambi\u00e9n la <b>culpa grave<\/b>, porque el endeudamiento no se considera desproporcionado frente a sus ingresos y ten\u00eda una <b>finalidad asistencial<\/b> ligada a una necesidad familiar excepcional en el contexto de la pandemia. Aunque pudiera haber <b>cierta negligencia<\/b> por no medir bien la capacidad real de devoluci\u00f3n, no aprecia esa falta de diligencia m\u00ednima que exigir\u00eda hablar de culpa grave.<\/p>\n<p> Si usted se encuentra en una situaci\u00f3n similar a la descrita, nuestros profesionales pueden prestarle la oportuna asistencia y emprender cuantas acciones pudieran resultar pertinentes.<\/p>\n","protected":false},"excerpt":{"rendered":"<p>La pregunta de fondo es bastante sencilla, si una persona se endeuda para ayudar econ&oacute;micamente a su familia y luego no puede pagar, &iquest;eso convierte autom&aacute;ticamente su concurso de acreedores en &ldquo;culpable&rdquo;? En el caso analizado, se discut&iacute;a si esas deudas pod&iacute;an encajar en la causa general por la que un concurso puede calificarse como [&hellip;]<\/p>\n","protected":false},"author":7,"featured_media":7510,"comment_status":"closed","ping_status":"closed","sticky":false,"template":"","format":"standard","meta":{"footnotes":""},"categories":[91],"tags":[],"class_list":["post-7509","post","type-post","status-publish","format-standard","has-post-thumbnail","hentry","category-concursal"],"yoast_head":"<!-- This site is optimized with the Yoast SEO plugin v27.4 - https:\/\/yoast.com\/product\/yoast-seo-wordpress\/ -->\n<title>Concursal | Contem Assessors<\/title>\n<meta name=\"robots\" content=\"index, follow, max-snippet:-1, max-image-preview:large, max-video-preview:-1\" \/>\n<link rel=\"canonical\" href=\"https:\/\/www.contem.es\/es\/concursal-2\/\" \/>\n<meta property=\"og:locale\" content=\"es_ES\" \/>\n<meta property=\"og:type\" content=\"article\" \/>\n<meta property=\"og:title\" content=\"Concursal | Contem Assessors\" \/>\n<meta property=\"og:description\" content=\"La pregunta de fondo es bastante sencilla, si una persona se endeuda para ayudar econ&oacute;micamente a su familia y luego no puede pagar, &iquest;eso convierte autom&aacute;ticamente su concurso de acreedores en &ldquo;culpable&rdquo;? En el caso analizado, se discut&iacute;a si esas deudas pod&iacute;an encajar en la causa general por la que un concurso puede calificarse como [&hellip;]\" \/>\n<meta property=\"og:url\" content=\"https:\/\/www.contem.es\/es\/concursal-2\/\" \/>\n<meta property=\"og:site_name\" content=\"Contem Assessors\" \/>\n<meta property=\"article:published_time\" content=\"2026-04-20T00:00:00+00:00\" \/>\n<meta property=\"og:image\" content=\"https:\/\/www.contem.es\/wp-content\/uploads\/2016\/06\/touch-icon-contem.png\" \/>\n<meta name=\"author\" content=\"rss\" \/>\n<meta name=\"twitter:card\" content=\"summary_large_image\" \/>\n<meta name=\"twitter:creator\" content=\"@contemassessors\" \/>\n<meta name=\"twitter:site\" content=\"@contemassessors\" \/>\n<meta name=\"twitter:label1\" content=\"Escrito por\" \/>\n\t<meta name=\"twitter:data1\" content=\"rss\" \/>\n\t<meta name=\"twitter:label2\" content=\"Tiempo de lectura\" \/>\n\t<meta name=\"twitter:data2\" content=\"2 minutos\" \/>\n<script type=\"application\/ld+json\" class=\"yoast-schema-graph\">{\"@context\":\"https:\\\/\\\/schema.org\",\"@graph\":[{\"@type\":\"Article\",\"@id\":\"https:\\\/\\\/www.contem.es\\\/es\\\/concursal-2\\\/#article\",\"isPartOf\":{\"@id\":\"https:\\\/\\\/www.contem.es\\\/es\\\/concursal-2\\\/\"},\"author\":{\"name\":\"rss\",\"@id\":\"https:\\\/\\\/www.contem.es\\\/es\\\/#\\\/schema\\\/person\\\/c1284c1e1887128f110dc4a88f6137ae\"},\"headline\":\"Concursal\",\"datePublished\":\"2026-04-20T00:00:00+00:00\",\"mainEntityOfPage\":{\"@id\":\"https:\\\/\\\/www.contem.es\\\/es\\\/concursal-2\\\/\"},\"wordCount\":379,\"publisher\":{\"@id\":\"https:\\\/\\\/www.contem.es\\\/es\\\/#organization\"},\"image\":{\"@id\":\"https:\\\/\\\/www.contem.es\\\/es\\\/concursal-2\\\/#primaryimage\"},\"thumbnailUrl\":\"https:\\\/\\\/www.contem.es\\\/wp-content\\\/uploads\\\/2026\\\/04\\\/Concursoacreedores2-bcSize-650x118-2.jpg\",\"articleSection\":[\"Concursal\"],\"inLanguage\":\"es\"},{\"@type\":\"WebPage\",\"@id\":\"https:\\\/\\\/www.contem.es\\\/es\\\/concursal-2\\\/\",\"url\":\"https:\\\/\\\/www.contem.es\\\/es\\\/concursal-2\\\/\",\"name\":\"Concursal | Contem Assessors\",\"isPartOf\":{\"@id\":\"https:\\\/\\\/www.contem.es\\\/es\\\/#website\"},\"primaryImageOfPage\":{\"@id\":\"https:\\\/\\\/www.contem.es\\\/es\\\/concursal-2\\\/#primaryimage\"},\"image\":{\"@id\":\"https:\\\/\\\/www.contem.es\\\/es\\\/concursal-2\\\/#primaryimage\"},\"thumbnailUrl\":\"https:\\\/\\\/www.contem.es\\\/wp-content\\\/uploads\\\/2026\\\/04\\\/Concursoacreedores2-bcSize-650x118-2.jpg\",\"datePublished\":\"2026-04-20T00:00:00+00:00\",\"breadcrumb\":{\"@id\":\"https:\\\/\\\/www.contem.es\\\/es\\\/concursal-2\\\/#breadcrumb\"},\"inLanguage\":\"es\",\"potentialAction\":[{\"@type\":\"ReadAction\",\"target\":[\"https:\\\/\\\/www.contem.es\\\/es\\\/concursal-2\\\/\"]}]},{\"@type\":\"ImageObject\",\"inLanguage\":\"es\",\"@id\":\"https:\\\/\\\/www.contem.es\\\/es\\\/concursal-2\\\/#primaryimage\",\"url\":\"https:\\\/\\\/www.contem.es\\\/wp-content\\\/uploads\\\/2026\\\/04\\\/Concursoacreedores2-bcSize-650x118-2.jpg\",\"contentUrl\":\"https:\\\/\\\/www.contem.es\\\/wp-content\\\/uploads\\\/2026\\\/04\\\/Concursoacreedores2-bcSize-650x118-2.jpg\",\"width\":650,\"height\":118},{\"@type\":\"BreadcrumbList\",\"@id\":\"https:\\\/\\\/www.contem.es\\\/es\\\/concursal-2\\\/#breadcrumb\",\"itemListElement\":[{\"@type\":\"ListItem\",\"position\":1,\"name\":\"Inici\",\"item\":\"https:\\\/\\\/www.contem.es\\\/es\\\/\"},{\"@type\":\"ListItem\",\"position\":2,\"name\":\"Concursal\"}]},{\"@type\":\"WebSite\",\"@id\":\"https:\\\/\\\/www.contem.es\\\/es\\\/#website\",\"url\":\"https:\\\/\\\/www.contem.es\\\/es\\\/\",\"name\":\"Contem Assessors\",\"description\":\"Fiscal, comptable , laboral , jur\u00eddic , econ\u00f2mic i assegurances\",\"publisher\":{\"@id\":\"https:\\\/\\\/www.contem.es\\\/es\\\/#organization\"},\"potentialAction\":[{\"@type\":\"SearchAction\",\"target\":{\"@type\":\"EntryPoint\",\"urlTemplate\":\"https:\\\/\\\/www.contem.es\\\/es\\\/?s={search_term_string}\"},\"query-input\":{\"@type\":\"PropertyValueSpecification\",\"valueRequired\":true,\"valueName\":\"search_term_string\"}}],\"inLanguage\":\"es\"},{\"@type\":\"Organization\",\"@id\":\"https:\\\/\\\/www.contem.es\\\/es\\\/#organization\",\"name\":\"Contem Assessors\",\"url\":\"https:\\\/\\\/www.contem.es\\\/es\\\/\",\"logo\":{\"@type\":\"ImageObject\",\"inLanguage\":\"es\",\"@id\":\"https:\\\/\\\/www.contem.es\\\/es\\\/#\\\/schema\\\/logo\\\/image\\\/\",\"url\":\"https:\\\/\\\/www.contem.es\\\/wp-content\\\/uploads\\\/2016\\\/06\\\/touch-icon-contem.png\",\"contentUrl\":\"https:\\\/\\\/www.contem.es\\\/wp-content\\\/uploads\\\/2016\\\/06\\\/touch-icon-contem.png\",\"width\":120,\"height\":120,\"caption\":\"Contem Assessors\"},\"image\":{\"@id\":\"https:\\\/\\\/www.contem.es\\\/es\\\/#\\\/schema\\\/logo\\\/image\\\/\"},\"sameAs\":[\"https:\\\/\\\/x.com\\\/contemassessors\",\"https:\\\/\\\/www.linkedin.com\\\/company\\\/contem-assessors\"]},{\"@type\":\"Person\",\"@id\":\"https:\\\/\\\/www.contem.es\\\/es\\\/#\\\/schema\\\/person\\\/c1284c1e1887128f110dc4a88f6137ae\",\"name\":\"rss\",\"image\":{\"@type\":\"ImageObject\",\"inLanguage\":\"es\",\"@id\":\"https:\\\/\\\/secure.gravatar.com\\\/avatar\\\/ab3bd31bf66b0e143141b04dbe6aa5f58290e800756006b9aef442f9b1e697cb?s=96&d=mm&r=g\",\"url\":\"https:\\\/\\\/secure.gravatar.com\\\/avatar\\\/ab3bd31bf66b0e143141b04dbe6aa5f58290e800756006b9aef442f9b1e697cb?s=96&d=mm&r=g\",\"contentUrl\":\"https:\\\/\\\/secure.gravatar.com\\\/avatar\\\/ab3bd31bf66b0e143141b04dbe6aa5f58290e800756006b9aef442f9b1e697cb?s=96&d=mm&r=g\",\"caption\":\"rss\"},\"url\":\"https:\\\/\\\/www.contem.es\\\/es\\\/author\\\/rss\\\/\"}]}<\/script>\n<!-- \/ Yoast SEO plugin. -->","yoast_head_json":{"title":"Concursal | Contem Assessors","robots":{"index":"index","follow":"follow","max-snippet":"max-snippet:-1","max-image-preview":"max-image-preview:large","max-video-preview":"max-video-preview:-1"},"canonical":"https:\/\/www.contem.es\/es\/concursal-2\/","og_locale":"es_ES","og_type":"article","og_title":"Concursal | Contem Assessors","og_description":"La pregunta de fondo es bastante sencilla, si una persona se endeuda para ayudar econ&oacute;micamente a su familia y luego no puede pagar, &iquest;eso convierte autom&aacute;ticamente su concurso de acreedores en &ldquo;culpable&rdquo;? En el caso analizado, se discut&iacute;a si esas deudas pod&iacute;an encajar en la causa general por la que un concurso puede calificarse como [&hellip;]","og_url":"https:\/\/www.contem.es\/es\/concursal-2\/","og_site_name":"Contem Assessors","article_published_time":"2026-04-20T00:00:00+00:00","og_image":[{"url":"https:\/\/www.contem.es\/wp-content\/uploads\/2016\/06\/touch-icon-contem.png","type":"","width":"","height":""}],"author":"rss","twitter_card":"summary_large_image","twitter_creator":"@contemassessors","twitter_site":"@contemassessors","twitter_misc":{"Escrito por":"rss","Tiempo de lectura":"2 minutos"},"schema":{"@context":"https:\/\/schema.org","@graph":[{"@type":"Article","@id":"https:\/\/www.contem.es\/es\/concursal-2\/#article","isPartOf":{"@id":"https:\/\/www.contem.es\/es\/concursal-2\/"},"author":{"name":"rss","@id":"https:\/\/www.contem.es\/es\/#\/schema\/person\/c1284c1e1887128f110dc4a88f6137ae"},"headline":"Concursal","datePublished":"2026-04-20T00:00:00+00:00","mainEntityOfPage":{"@id":"https:\/\/www.contem.es\/es\/concursal-2\/"},"wordCount":379,"publisher":{"@id":"https:\/\/www.contem.es\/es\/#organization"},"image":{"@id":"https:\/\/www.contem.es\/es\/concursal-2\/#primaryimage"},"thumbnailUrl":"https:\/\/www.contem.es\/wp-content\/uploads\/2026\/04\/Concursoacreedores2-bcSize-650x118-2.jpg","articleSection":["Concursal"],"inLanguage":"es"},{"@type":"WebPage","@id":"https:\/\/www.contem.es\/es\/concursal-2\/","url":"https:\/\/www.contem.es\/es\/concursal-2\/","name":"Concursal | Contem Assessors","isPartOf":{"@id":"https:\/\/www.contem.es\/es\/#website"},"primaryImageOfPage":{"@id":"https:\/\/www.contem.es\/es\/concursal-2\/#primaryimage"},"image":{"@id":"https:\/\/www.contem.es\/es\/concursal-2\/#primaryimage"},"thumbnailUrl":"https:\/\/www.contem.es\/wp-content\/uploads\/2026\/04\/Concursoacreedores2-bcSize-650x118-2.jpg","datePublished":"2026-04-20T00:00:00+00:00","breadcrumb":{"@id":"https:\/\/www.contem.es\/es\/concursal-2\/#breadcrumb"},"inLanguage":"es","potentialAction":[{"@type":"ReadAction","target":["https:\/\/www.contem.es\/es\/concursal-2\/"]}]},{"@type":"ImageObject","inLanguage":"es","@id":"https:\/\/www.contem.es\/es\/concursal-2\/#primaryimage","url":"https:\/\/www.contem.es\/wp-content\/uploads\/2026\/04\/Concursoacreedores2-bcSize-650x118-2.jpg","contentUrl":"https:\/\/www.contem.es\/wp-content\/uploads\/2026\/04\/Concursoacreedores2-bcSize-650x118-2.jpg","width":650,"height":118},{"@type":"BreadcrumbList","@id":"https:\/\/www.contem.es\/es\/concursal-2\/#breadcrumb","itemListElement":[{"@type":"ListItem","position":1,"name":"Inici","item":"https:\/\/www.contem.es\/es\/"},{"@type":"ListItem","position":2,"name":"Concursal"}]},{"@type":"WebSite","@id":"https:\/\/www.contem.es\/es\/#website","url":"https:\/\/www.contem.es\/es\/","name":"Contem Assessors","description":"Fiscal, comptable , laboral , jur\u00eddic , econ\u00f2mic i assegurances","publisher":{"@id":"https:\/\/www.contem.es\/es\/#organization"},"potentialAction":[{"@type":"SearchAction","target":{"@type":"EntryPoint","urlTemplate":"https:\/\/www.contem.es\/es\/?s={search_term_string}"},"query-input":{"@type":"PropertyValueSpecification","valueRequired":true,"valueName":"search_term_string"}}],"inLanguage":"es"},{"@type":"Organization","@id":"https:\/\/www.contem.es\/es\/#organization","name":"Contem Assessors","url":"https:\/\/www.contem.es\/es\/","logo":{"@type":"ImageObject","inLanguage":"es","@id":"https:\/\/www.contem.es\/es\/#\/schema\/logo\/image\/","url":"https:\/\/www.contem.es\/wp-content\/uploads\/2016\/06\/touch-icon-contem.png","contentUrl":"https:\/\/www.contem.es\/wp-content\/uploads\/2016\/06\/touch-icon-contem.png","width":120,"height":120,"caption":"Contem Assessors"},"image":{"@id":"https:\/\/www.contem.es\/es\/#\/schema\/logo\/image\/"},"sameAs":["https:\/\/x.com\/contemassessors","https:\/\/www.linkedin.com\/company\/contem-assessors"]},{"@type":"Person","@id":"https:\/\/www.contem.es\/es\/#\/schema\/person\/c1284c1e1887128f110dc4a88f6137ae","name":"rss","image":{"@type":"ImageObject","inLanguage":"es","@id":"https:\/\/secure.gravatar.com\/avatar\/ab3bd31bf66b0e143141b04dbe6aa5f58290e800756006b9aef442f9b1e697cb?s=96&d=mm&r=g","url":"https:\/\/secure.gravatar.com\/avatar\/ab3bd31bf66b0e143141b04dbe6aa5f58290e800756006b9aef442f9b1e697cb?s=96&d=mm&r=g","contentUrl":"https:\/\/secure.gravatar.com\/avatar\/ab3bd31bf66b0e143141b04dbe6aa5f58290e800756006b9aef442f9b1e697cb?s=96&d=mm&r=g","caption":"rss"},"url":"https:\/\/www.contem.es\/es\/author\/rss\/"}]}},"_links":{"self":[{"href":"https:\/\/www.contem.es\/es\/wp-json\/wp\/v2\/posts\/7509","targetHints":{"allow":["GET"]}}],"collection":[{"href":"https:\/\/www.contem.es\/es\/wp-json\/wp\/v2\/posts"}],"about":[{"href":"https:\/\/www.contem.es\/es\/wp-json\/wp\/v2\/types\/post"}],"author":[{"embeddable":true,"href":"https:\/\/www.contem.es\/es\/wp-json\/wp\/v2\/users\/7"}],"replies":[{"embeddable":true,"href":"https:\/\/www.contem.es\/es\/wp-json\/wp\/v2\/comments?post=7509"}],"version-history":[{"count":0,"href":"https:\/\/www.contem.es\/es\/wp-json\/wp\/v2\/posts\/7509\/revisions"}],"wp:featuredmedia":[{"embeddable":true,"href":"https:\/\/www.contem.es\/es\/wp-json\/wp\/v2\/media\/7510"}],"wp:attachment":[{"href":"https:\/\/www.contem.es\/es\/wp-json\/wp\/v2\/media?parent=7509"}],"wp:term":[{"taxonomy":"category","embeddable":true,"href":"https:\/\/www.contem.es\/es\/wp-json\/wp\/v2\/categories?post=7509"},{"taxonomy":"post_tag","embeddable":true,"href":"https:\/\/www.contem.es\/es\/wp-json\/wp\/v2\/tags?post=7509"}],"curies":[{"name":"wp","href":"https:\/\/api.w.org\/{rel}","templated":true}]}}