{"id":7436,"date":"2026-03-31T00:00:00","date_gmt":"2026-03-31T00:00:00","guid":{"rendered":"https:\/\/www.contem.es\/pais-vasco-puede-aplicar-la-deduccion-por-descendientes\/"},"modified":"2026-03-31T00:00:00","modified_gmt":"2026-03-31T00:00:00","slug":"pais-vasco-puede-aplicar-la-deduccion-por-descendientes","status":"publish","type":"post","link":"https:\/\/www.contem.es\/es\/pais-vasco-puede-aplicar-la-deduccion-por-descendientes\/","title":{"rendered":"PA\u00cdS VASCO: \u00bfPuede aplicar la deducci\u00f3n por descendientes?"},"content":{"rendered":"<p style=\"text-align: justify\"><b>\u00bfQu\u00e9 requisitos deben reunir los descendientes? <\/b><\/p>\n<ul>\n<li style=\"text-align: justify\">No pueden tener m\u00e1s de 30 a\u00f1os, excepto que den derecho a la deducci\u00f3n por discapacidad.<\/li>\n<li style=\"text-align: justify\">Sus rentas anuales no pueden superar el SMI. O si forman parte de otra unidad familiar, ninguno de sus miembros puede tener rentas superiores a ese importe.<\/li>\n<li style=\"text-align: justify\">No deben presentar la declaraci\u00f3n de la Renta, ni estar obligados a hacerlo.<\/li>\n<\/ul>\n<p style=\"text-align: justify\"><b>\u00bfQui\u00e9n puede aplicar la deducci\u00f3n?<\/b><\/p>\n<p style=\"text-align: justify\">Con car\u00e1cter general, los ascendientes (padres, madres, abuelos, abuelas) que convivan con los descendientes:<\/p>\n<ul>\n<li style=\"text-align: justify\">Si son del mismo grado, pueden aplicar la deducci\u00f3n por partes iguales.<\/li>\n<li style=\"text-align: justify\">Si son de diferente grado, la aplican los de grado m\u00e1s pr\u00f3ximo, siempre que tengan rentas anuales superiores al\u00a0SMI. Si no, la deducci\u00f3n pasa a los de grado m\u00e1s lejano.<\/li>\n<\/ul>\n<p style=\"text-align: justify\"><b>Adem\u00e1s de los ascendientes, \u00bfpueden otras personas aplicar la deducci\u00f3n?<\/b><\/p>\n<p style=\"text-align: justify\">S\u00ed, las personas a las que est\u00e9n vinculados los descendientes por tutela o acogimiento,\u00a0o quienes ejerzan respecto de ellos la curatela con facultades de representaci\u00f3n.<\/p>\n<p style=\"text-align: justify\"><b>\u00bfHay alguna especialidad cuando hay una decisi\u00f3n judicial sobre el mantenimiento econ\u00f3mico de los descendientes?<\/b><\/p>\n<ul>\n<li style=\"text-align: justify\">La deducci\u00f3n la aplica el progenitor que mantenga econ\u00f3micamente al descendiente, aunque no conviva con \u00e9l.<\/li>\n<li style=\"text-align: justify\">Si el mantenimiento depende de ambos progenitores (lo que se presume, salvo prueba en contrario), se practica por mitades.\u00a0<\/li>\n<\/ul>\n<p> Nuestros profesionales le explicar\u00e1n con detalle los requisitos de esta deducci\u00f3n y sus cuant\u00edas.<\/p>\n","protected":false},"excerpt":{"rendered":"<p>&iquest;Qu&eacute; requisitos deben reunir los descendientes? No pueden tener m&aacute;s de 30 a&ntilde;os, excepto que den derecho a la deducci&oacute;n por discapacidad. Sus rentas anuales no pueden superar el SMI. O si forman parte de otra unidad familiar, ninguno de sus miembros puede tener rentas superiores a ese importe. No deben presentar la declaraci&oacute;n de [&hellip;]<\/p>\n","protected":false},"author":7,"featured_media":7437,"comment_status":"closed","ping_status":"closed","sticky":false,"template":"","format":"standard","meta":{"footnotes":""},"categories":[12],"tags":[],"class_list":["post-7436","post","type-post","status-publish","format-standard","has-post-thumbnail","hentry","category-fiscal"],"yoast_head":"<!-- This site is optimized with the Yoast SEO plugin v27.4 - https:\/\/yoast.com\/product\/yoast-seo-wordpress\/ -->\n<title>PA\u00cdS VASCO: \u00bfPuede aplicar la deducci\u00f3n por descendientes? | Contem Assessors<\/title>\n<meta name=\"robots\" content=\"index, follow, max-snippet:-1, max-image-preview:large, max-video-preview:-1\" \/>\n<link rel=\"canonical\" href=\"https:\/\/www.contem.es\/es\/pais-vasco-puede-aplicar-la-deduccion-por-descendientes\/\" \/>\n<meta property=\"og:locale\" content=\"es_ES\" \/>\n<meta property=\"og:type\" content=\"article\" \/>\n<meta property=\"og:title\" content=\"PA\u00cdS VASCO: \u00bfPuede aplicar la deducci\u00f3n por descendientes? | Contem Assessors\" \/>\n<meta property=\"og:description\" content=\"&iquest;Qu&eacute; requisitos deben reunir los descendientes? No pueden tener m&aacute;s de 30 a&ntilde;os, excepto que den derecho a la deducci&oacute;n por discapacidad. Sus rentas anuales no pueden superar el SMI. O si forman parte de otra unidad familiar, ninguno de sus miembros puede tener rentas superiores a ese importe. No deben presentar la declaraci&oacute;n de [&hellip;]\" \/>\n<meta property=\"og:url\" content=\"https:\/\/www.contem.es\/es\/pais-vasco-puede-aplicar-la-deduccion-por-descendientes\/\" \/>\n<meta property=\"og:site_name\" content=\"Contem Assessors\" \/>\n<meta property=\"article:published_time\" content=\"2026-03-31T00:00:00+00:00\" \/>\n<meta property=\"og:image\" content=\"https:\/\/www.contem.es\/wp-content\/uploads\/2016\/06\/touch-icon-contem.png\" \/>\n<meta name=\"author\" content=\"rss\" \/>\n<meta name=\"twitter:card\" content=\"summary_large_image\" \/>\n<meta name=\"twitter:creator\" content=\"@contemassessors\" \/>\n<meta name=\"twitter:site\" content=\"@contemassessors\" \/>\n<meta name=\"twitter:label1\" content=\"Escrito por\" \/>\n\t<meta name=\"twitter:data1\" content=\"rss\" \/>\n\t<meta name=\"twitter:label2\" content=\"Tiempo de lectura\" \/>\n\t<meta name=\"twitter:data2\" content=\"1 minuto\" \/>\n<script type=\"application\/ld+json\" class=\"yoast-schema-graph\">{\"@context\":\"https:\\\/\\\/schema.org\",\"@graph\":[{\"@type\":\"Article\",\"@id\":\"https:\\\/\\\/www.contem.es\\\/es\\\/pais-vasco-puede-aplicar-la-deduccion-por-descendientes\\\/#article\",\"isPartOf\":{\"@id\":\"https:\\\/\\\/www.contem.es\\\/es\\\/pais-vasco-puede-aplicar-la-deduccion-por-descendientes\\\/\"},\"author\":{\"name\":\"rss\",\"@id\":\"https:\\\/\\\/www.contem.es\\\/es\\\/#\\\/schema\\\/person\\\/c1284c1e1887128f110dc4a88f6137ae\"},\"headline\":\"PA\u00cdS VASCO: \u00bfPuede aplicar la deducci\u00f3n por descendientes?\",\"datePublished\":\"2026-03-31T00:00:00+00:00\",\"mainEntityOfPage\":{\"@id\":\"https:\\\/\\\/www.contem.es\\\/es\\\/pais-vasco-puede-aplicar-la-deduccion-por-descendientes\\\/\"},\"wordCount\":256,\"publisher\":{\"@id\":\"https:\\\/\\\/www.contem.es\\\/es\\\/#organization\"},\"image\":{\"@id\":\"https:\\\/\\\/www.contem.es\\\/es\\\/pais-vasco-puede-aplicar-la-deduccion-por-descendientes\\\/#primaryimage\"},\"thumbnailUrl\":\"https:\\\/\\\/www.contem.es\\\/wp-content\\\/uploads\\\/2026\\\/03\\\/shutterstock2478754935-bcSize-650x118-1.jpg\",\"articleSection\":[\"Fiscal\"],\"inLanguage\":\"es\"},{\"@type\":\"WebPage\",\"@id\":\"https:\\\/\\\/www.contem.es\\\/es\\\/pais-vasco-puede-aplicar-la-deduccion-por-descendientes\\\/\",\"url\":\"https:\\\/\\\/www.contem.es\\\/es\\\/pais-vasco-puede-aplicar-la-deduccion-por-descendientes\\\/\",\"name\":\"PA\u00cdS VASCO: \u00bfPuede aplicar la deducci\u00f3n por descendientes? | Contem Assessors\",\"isPartOf\":{\"@id\":\"https:\\\/\\\/www.contem.es\\\/es\\\/#website\"},\"primaryImageOfPage\":{\"@id\":\"https:\\\/\\\/www.contem.es\\\/es\\\/pais-vasco-puede-aplicar-la-deduccion-por-descendientes\\\/#primaryimage\"},\"image\":{\"@id\":\"https:\\\/\\\/www.contem.es\\\/es\\\/pais-vasco-puede-aplicar-la-deduccion-por-descendientes\\\/#primaryimage\"},\"thumbnailUrl\":\"https:\\\/\\\/www.contem.es\\\/wp-content\\\/uploads\\\/2026\\\/03\\\/shutterstock2478754935-bcSize-650x118-1.jpg\",\"datePublished\":\"2026-03-31T00:00:00+00:00\",\"breadcrumb\":{\"@id\":\"https:\\\/\\\/www.contem.es\\\/es\\\/pais-vasco-puede-aplicar-la-deduccion-por-descendientes\\\/#breadcrumb\"},\"inLanguage\":\"es\",\"potentialAction\":[{\"@type\":\"ReadAction\",\"target\":[\"https:\\\/\\\/www.contem.es\\\/es\\\/pais-vasco-puede-aplicar-la-deduccion-por-descendientes\\\/\"]}]},{\"@type\":\"ImageObject\",\"inLanguage\":\"es\",\"@id\":\"https:\\\/\\\/www.contem.es\\\/es\\\/pais-vasco-puede-aplicar-la-deduccion-por-descendientes\\\/#primaryimage\",\"url\":\"https:\\\/\\\/www.contem.es\\\/wp-content\\\/uploads\\\/2026\\\/03\\\/shutterstock2478754935-bcSize-650x118-1.jpg\",\"contentUrl\":\"https:\\\/\\\/www.contem.es\\\/wp-content\\\/uploads\\\/2026\\\/03\\\/shutterstock2478754935-bcSize-650x118-1.jpg\",\"width\":650,\"height\":118},{\"@type\":\"BreadcrumbList\",\"@id\":\"https:\\\/\\\/www.contem.es\\\/es\\\/pais-vasco-puede-aplicar-la-deduccion-por-descendientes\\\/#breadcrumb\",\"itemListElement\":[{\"@type\":\"ListItem\",\"position\":1,\"name\":\"Inici\",\"item\":\"https:\\\/\\\/www.contem.es\\\/es\\\/\"},{\"@type\":\"ListItem\",\"position\":2,\"name\":\"PA\u00cdS VASCO: \u00bfPuede aplicar la deducci\u00f3n por descendientes?\"}]},{\"@type\":\"WebSite\",\"@id\":\"https:\\\/\\\/www.contem.es\\\/es\\\/#website\",\"url\":\"https:\\\/\\\/www.contem.es\\\/es\\\/\",\"name\":\"Contem Assessors\",\"description\":\"Fiscal, comptable , laboral , jur\u00eddic , econ\u00f2mic i assegurances\",\"publisher\":{\"@id\":\"https:\\\/\\\/www.contem.es\\\/es\\\/#organization\"},\"potentialAction\":[{\"@type\":\"SearchAction\",\"target\":{\"@type\":\"EntryPoint\",\"urlTemplate\":\"https:\\\/\\\/www.contem.es\\\/es\\\/?s={search_term_string}\"},\"query-input\":{\"@type\":\"PropertyValueSpecification\",\"valueRequired\":true,\"valueName\":\"search_term_string\"}}],\"inLanguage\":\"es\"},{\"@type\":\"Organization\",\"@id\":\"https:\\\/\\\/www.contem.es\\\/es\\\/#organization\",\"name\":\"Contem Assessors\",\"url\":\"https:\\\/\\\/www.contem.es\\\/es\\\/\",\"logo\":{\"@type\":\"ImageObject\",\"inLanguage\":\"es\",\"@id\":\"https:\\\/\\\/www.contem.es\\\/es\\\/#\\\/schema\\\/logo\\\/image\\\/\",\"url\":\"https:\\\/\\\/www.contem.es\\\/wp-content\\\/uploads\\\/2016\\\/06\\\/touch-icon-contem.png\",\"contentUrl\":\"https:\\\/\\\/www.contem.es\\\/wp-content\\\/uploads\\\/2016\\\/06\\\/touch-icon-contem.png\",\"width\":120,\"height\":120,\"caption\":\"Contem Assessors\"},\"image\":{\"@id\":\"https:\\\/\\\/www.contem.es\\\/es\\\/#\\\/schema\\\/logo\\\/image\\\/\"},\"sameAs\":[\"https:\\\/\\\/x.com\\\/contemassessors\",\"https:\\\/\\\/www.linkedin.com\\\/company\\\/contem-assessors\"]},{\"@type\":\"Person\",\"@id\":\"https:\\\/\\\/www.contem.es\\\/es\\\/#\\\/schema\\\/person\\\/c1284c1e1887128f110dc4a88f6137ae\",\"name\":\"rss\",\"image\":{\"@type\":\"ImageObject\",\"inLanguage\":\"es\",\"@id\":\"https:\\\/\\\/secure.gravatar.com\\\/avatar\\\/ab3bd31bf66b0e143141b04dbe6aa5f58290e800756006b9aef442f9b1e697cb?s=96&d=mm&r=g\",\"url\":\"https:\\\/\\\/secure.gravatar.com\\\/avatar\\\/ab3bd31bf66b0e143141b04dbe6aa5f58290e800756006b9aef442f9b1e697cb?s=96&d=mm&r=g\",\"contentUrl\":\"https:\\\/\\\/secure.gravatar.com\\\/avatar\\\/ab3bd31bf66b0e143141b04dbe6aa5f58290e800756006b9aef442f9b1e697cb?s=96&d=mm&r=g\",\"caption\":\"rss\"},\"url\":\"https:\\\/\\\/www.contem.es\\\/es\\\/author\\\/rss\\\/\"}]}<\/script>\n<!-- \/ Yoast SEO plugin. -->","yoast_head_json":{"title":"PA\u00cdS VASCO: \u00bfPuede aplicar la deducci\u00f3n por descendientes? | Contem Assessors","robots":{"index":"index","follow":"follow","max-snippet":"max-snippet:-1","max-image-preview":"max-image-preview:large","max-video-preview":"max-video-preview:-1"},"canonical":"https:\/\/www.contem.es\/es\/pais-vasco-puede-aplicar-la-deduccion-por-descendientes\/","og_locale":"es_ES","og_type":"article","og_title":"PA\u00cdS VASCO: \u00bfPuede aplicar la deducci\u00f3n por descendientes? | Contem Assessors","og_description":"&iquest;Qu&eacute; requisitos deben reunir los descendientes? No pueden tener m&aacute;s de 30 a&ntilde;os, excepto que den derecho a la deducci&oacute;n por discapacidad. Sus rentas anuales no pueden superar el SMI. O si forman parte de otra unidad familiar, ninguno de sus miembros puede tener rentas superiores a ese importe. No deben presentar la declaraci&oacute;n de [&hellip;]","og_url":"https:\/\/www.contem.es\/es\/pais-vasco-puede-aplicar-la-deduccion-por-descendientes\/","og_site_name":"Contem Assessors","article_published_time":"2026-03-31T00:00:00+00:00","og_image":[{"url":"https:\/\/www.contem.es\/wp-content\/uploads\/2016\/06\/touch-icon-contem.png","type":"","width":"","height":""}],"author":"rss","twitter_card":"summary_large_image","twitter_creator":"@contemassessors","twitter_site":"@contemassessors","twitter_misc":{"Escrito por":"rss","Tiempo de lectura":"1 minuto"},"schema":{"@context":"https:\/\/schema.org","@graph":[{"@type":"Article","@id":"https:\/\/www.contem.es\/es\/pais-vasco-puede-aplicar-la-deduccion-por-descendientes\/#article","isPartOf":{"@id":"https:\/\/www.contem.es\/es\/pais-vasco-puede-aplicar-la-deduccion-por-descendientes\/"},"author":{"name":"rss","@id":"https:\/\/www.contem.es\/es\/#\/schema\/person\/c1284c1e1887128f110dc4a88f6137ae"},"headline":"PA\u00cdS VASCO: \u00bfPuede aplicar la deducci\u00f3n por descendientes?","datePublished":"2026-03-31T00:00:00+00:00","mainEntityOfPage":{"@id":"https:\/\/www.contem.es\/es\/pais-vasco-puede-aplicar-la-deduccion-por-descendientes\/"},"wordCount":256,"publisher":{"@id":"https:\/\/www.contem.es\/es\/#organization"},"image":{"@id":"https:\/\/www.contem.es\/es\/pais-vasco-puede-aplicar-la-deduccion-por-descendientes\/#primaryimage"},"thumbnailUrl":"https:\/\/www.contem.es\/wp-content\/uploads\/2026\/03\/shutterstock2478754935-bcSize-650x118-1.jpg","articleSection":["Fiscal"],"inLanguage":"es"},{"@type":"WebPage","@id":"https:\/\/www.contem.es\/es\/pais-vasco-puede-aplicar-la-deduccion-por-descendientes\/","url":"https:\/\/www.contem.es\/es\/pais-vasco-puede-aplicar-la-deduccion-por-descendientes\/","name":"PA\u00cdS VASCO: \u00bfPuede aplicar la deducci\u00f3n por descendientes? | Contem Assessors","isPartOf":{"@id":"https:\/\/www.contem.es\/es\/#website"},"primaryImageOfPage":{"@id":"https:\/\/www.contem.es\/es\/pais-vasco-puede-aplicar-la-deduccion-por-descendientes\/#primaryimage"},"image":{"@id":"https:\/\/www.contem.es\/es\/pais-vasco-puede-aplicar-la-deduccion-por-descendientes\/#primaryimage"},"thumbnailUrl":"https:\/\/www.contem.es\/wp-content\/uploads\/2026\/03\/shutterstock2478754935-bcSize-650x118-1.jpg","datePublished":"2026-03-31T00:00:00+00:00","breadcrumb":{"@id":"https:\/\/www.contem.es\/es\/pais-vasco-puede-aplicar-la-deduccion-por-descendientes\/#breadcrumb"},"inLanguage":"es","potentialAction":[{"@type":"ReadAction","target":["https:\/\/www.contem.es\/es\/pais-vasco-puede-aplicar-la-deduccion-por-descendientes\/"]}]},{"@type":"ImageObject","inLanguage":"es","@id":"https:\/\/www.contem.es\/es\/pais-vasco-puede-aplicar-la-deduccion-por-descendientes\/#primaryimage","url":"https:\/\/www.contem.es\/wp-content\/uploads\/2026\/03\/shutterstock2478754935-bcSize-650x118-1.jpg","contentUrl":"https:\/\/www.contem.es\/wp-content\/uploads\/2026\/03\/shutterstock2478754935-bcSize-650x118-1.jpg","width":650,"height":118},{"@type":"BreadcrumbList","@id":"https:\/\/www.contem.es\/es\/pais-vasco-puede-aplicar-la-deduccion-por-descendientes\/#breadcrumb","itemListElement":[{"@type":"ListItem","position":1,"name":"Inici","item":"https:\/\/www.contem.es\/es\/"},{"@type":"ListItem","position":2,"name":"PA\u00cdS VASCO: \u00bfPuede aplicar la deducci\u00f3n por descendientes?"}]},{"@type":"WebSite","@id":"https:\/\/www.contem.es\/es\/#website","url":"https:\/\/www.contem.es\/es\/","name":"Contem Assessors","description":"Fiscal, comptable , laboral , jur\u00eddic , econ\u00f2mic i assegurances","publisher":{"@id":"https:\/\/www.contem.es\/es\/#organization"},"potentialAction":[{"@type":"SearchAction","target":{"@type":"EntryPoint","urlTemplate":"https:\/\/www.contem.es\/es\/?s={search_term_string}"},"query-input":{"@type":"PropertyValueSpecification","valueRequired":true,"valueName":"search_term_string"}}],"inLanguage":"es"},{"@type":"Organization","@id":"https:\/\/www.contem.es\/es\/#organization","name":"Contem Assessors","url":"https:\/\/www.contem.es\/es\/","logo":{"@type":"ImageObject","inLanguage":"es","@id":"https:\/\/www.contem.es\/es\/#\/schema\/logo\/image\/","url":"https:\/\/www.contem.es\/wp-content\/uploads\/2016\/06\/touch-icon-contem.png","contentUrl":"https:\/\/www.contem.es\/wp-content\/uploads\/2016\/06\/touch-icon-contem.png","width":120,"height":120,"caption":"Contem Assessors"},"image":{"@id":"https:\/\/www.contem.es\/es\/#\/schema\/logo\/image\/"},"sameAs":["https:\/\/x.com\/contemassessors","https:\/\/www.linkedin.com\/company\/contem-assessors"]},{"@type":"Person","@id":"https:\/\/www.contem.es\/es\/#\/schema\/person\/c1284c1e1887128f110dc4a88f6137ae","name":"rss","image":{"@type":"ImageObject","inLanguage":"es","@id":"https:\/\/secure.gravatar.com\/avatar\/ab3bd31bf66b0e143141b04dbe6aa5f58290e800756006b9aef442f9b1e697cb?s=96&d=mm&r=g","url":"https:\/\/secure.gravatar.com\/avatar\/ab3bd31bf66b0e143141b04dbe6aa5f58290e800756006b9aef442f9b1e697cb?s=96&d=mm&r=g","contentUrl":"https:\/\/secure.gravatar.com\/avatar\/ab3bd31bf66b0e143141b04dbe6aa5f58290e800756006b9aef442f9b1e697cb?s=96&d=mm&r=g","caption":"rss"},"url":"https:\/\/www.contem.es\/es\/author\/rss\/"}]}},"_links":{"self":[{"href":"https:\/\/www.contem.es\/es\/wp-json\/wp\/v2\/posts\/7436","targetHints":{"allow":["GET"]}}],"collection":[{"href":"https:\/\/www.contem.es\/es\/wp-json\/wp\/v2\/posts"}],"about":[{"href":"https:\/\/www.contem.es\/es\/wp-json\/wp\/v2\/types\/post"}],"author":[{"embeddable":true,"href":"https:\/\/www.contem.es\/es\/wp-json\/wp\/v2\/users\/7"}],"replies":[{"embeddable":true,"href":"https:\/\/www.contem.es\/es\/wp-json\/wp\/v2\/comments?post=7436"}],"version-history":[{"count":0,"href":"https:\/\/www.contem.es\/es\/wp-json\/wp\/v2\/posts\/7436\/revisions"}],"wp:featuredmedia":[{"embeddable":true,"href":"https:\/\/www.contem.es\/es\/wp-json\/wp\/v2\/media\/7437"}],"wp:attachment":[{"href":"https:\/\/www.contem.es\/es\/wp-json\/wp\/v2\/media?parent=7436"}],"wp:term":[{"taxonomy":"category","embeddable":true,"href":"https:\/\/www.contem.es\/es\/wp-json\/wp\/v2\/categories?post=7436"},{"taxonomy":"post_tag","embeddable":true,"href":"https:\/\/www.contem.es\/es\/wp-json\/wp\/v2\/tags?post=7436"}],"curies":[{"name":"wp","href":"https:\/\/api.w.org\/{rel}","templated":true}]}}