{"id":6454,"date":"2025-06-25T00:00:00","date_gmt":"2025-06-25T00:00:00","guid":{"rendered":"https:\/\/www.contem.es\/impuesto-sobre-sociedades-2024-microempresas\/"},"modified":"2025-06-25T00:00:00","modified_gmt":"2025-06-25T00:00:00","slug":"impuesto-sobre-sociedades-2024-microempresas","status":"publish","type":"post","link":"https:\/\/www.contem.es\/es\/impuesto-sobre-sociedades-2024-microempresas\/","title":{"rendered":"Impuesto sobre Sociedades 2024: microempresas"},"content":{"rendered":"<p>Si el ejercicio social de su empresa coincide con el a\u00f1o natural, entre el 1 y el 25 de julio\u00a0deber\u00e1 presentar la declaraci\u00f3n del Impuesto sobre Sociedades de 2024 (entre el 1 y el 22 de julio si domicilia el pago del impuesto).<\/p>\n<p>Al igual que ocurri\u00f3 en el IS del a\u00f1o pasado,\u00a0recuerde que, si el importe neto de la cifra de negocios de su empresa durante el ejercicio 2024 ha sido inferior al mill\u00f3n de euros \u2014por lo que es una microempresa\u2014, podr\u00e1 tributar a un tipo impositivo de s\u00f3lo el 23% (en lugar del tipo general del 25%). Eso s\u00ed:\u00a0este tipo reducido no le ser\u00e1 aplicable si tiene el car\u00e1cter de entidad patrimonial.<\/p>\n<p>Si su empresa forma parte de un grupo de empresas, para saber si alcanza o no la cuant\u00eda anterior deber\u00e1 tener en cuenta la cifra de negocios de dicho grupo (aunque podr\u00e1 descontar las operaciones intragrupo). Asimismo, tenga en cuenta las siguientes reglas:<\/p>\n<ul>\n<li>Compute\u00a0las ventas de bienes o servicios habituales en la actividad \u2013sin incluir el IVA\u2013 y a\u00f1ada las subvenciones vinculadas directamente al precio de dichos bienes o servicios.<\/li>\n<\/ul>\n<ul>\n<li>Reste las devoluciones de ventas, as\u00ed como los\u00a0<i>rappels\u00a0<\/i>y \u00a0los descuentos otorgados.<\/li>\n<\/ul>\n<ul>\n<li>No deber\u00e1 computar las ventas de inmovilizados utilizados en la actividad, ni las subvenciones para realizar inversiones, ni los ingresos financieros (salvo que su empresa se dedique a prestar servicios financieros).<\/li>\n<\/ul>\n<p>\u00a0<\/p>\n<p> La mayor\u00eda de las empresas deben presentar su declaraci\u00f3n del Impuesto sobre Sociedades en los pr\u00f3ximos d\u00edas. Nuestros asesores le ayudar\u00e1n a confeccionarla.<\/p>\n","protected":false},"excerpt":{"rendered":"<p>Si el ejercicio social de su empresa coincide con el a&ntilde;o natural, entre el 1 y el 25 de julio&nbsp;deber&aacute; presentar la declaraci&oacute;n del Impuesto sobre Sociedades de 2024 (entre el 1 y el 22 de julio si domicilia el pago del impuesto). Al igual que ocurri&oacute; en el IS del a&ntilde;o pasado,&nbsp;recuerde que, si [&hellip;]<\/p>\n","protected":false},"author":7,"featured_media":6455,"comment_status":"closed","ping_status":"closed","sticky":false,"template":"","format":"standard","meta":{"footnotes":""},"categories":[12],"tags":[],"class_list":["post-6454","post","type-post","status-publish","format-standard","has-post-thumbnail","hentry","category-fiscal"],"yoast_head":"<!-- This site is optimized with the Yoast SEO plugin v27.4 - https:\/\/yoast.com\/product\/yoast-seo-wordpress\/ -->\n<title>Impuesto sobre Sociedades 2024: microempresas | Contem Assessors<\/title>\n<meta name=\"robots\" content=\"index, follow, max-snippet:-1, max-image-preview:large, max-video-preview:-1\" \/>\n<link rel=\"canonical\" href=\"https:\/\/www.contem.es\/es\/impuesto-sobre-sociedades-2024-microempresas\/\" \/>\n<meta property=\"og:locale\" content=\"es_ES\" \/>\n<meta property=\"og:type\" content=\"article\" \/>\n<meta property=\"og:title\" content=\"Impuesto sobre Sociedades 2024: microempresas | Contem Assessors\" \/>\n<meta property=\"og:description\" content=\"Si el ejercicio social de su empresa coincide con el a&ntilde;o natural, entre el 1 y el 25 de julio&nbsp;deber&aacute; presentar la declaraci&oacute;n del Impuesto sobre Sociedades de 2024 (entre el 1 y el 22 de julio si domicilia el pago del impuesto). Al igual que ocurri&oacute; en el IS del a&ntilde;o pasado,&nbsp;recuerde que, si [&hellip;]\" \/>\n<meta property=\"og:url\" content=\"https:\/\/www.contem.es\/es\/impuesto-sobre-sociedades-2024-microempresas\/\" \/>\n<meta property=\"og:site_name\" content=\"Contem Assessors\" \/>\n<meta property=\"article:published_time\" content=\"2025-06-25T00:00:00+00:00\" \/>\n<meta property=\"og:image\" content=\"https:\/\/www.contem.es\/wp-content\/uploads\/2016\/06\/touch-icon-contem.png\" \/>\n<meta name=\"author\" content=\"rss\" \/>\n<meta name=\"twitter:card\" content=\"summary_large_image\" \/>\n<meta name=\"twitter:creator\" content=\"@contemassessors\" \/>\n<meta name=\"twitter:site\" content=\"@contemassessors\" \/>\n<meta name=\"twitter:label1\" content=\"Escrito por\" \/>\n\t<meta name=\"twitter:data1\" content=\"rss\" \/>\n\t<meta name=\"twitter:label2\" content=\"Tiempo de lectura\" \/>\n\t<meta name=\"twitter:data2\" content=\"1 minuto\" \/>\n<script type=\"application\/ld+json\" class=\"yoast-schema-graph\">{\"@context\":\"https:\\\/\\\/schema.org\",\"@graph\":[{\"@type\":\"Article\",\"@id\":\"https:\\\/\\\/www.contem.es\\\/es\\\/impuesto-sobre-sociedades-2024-microempresas\\\/#article\",\"isPartOf\":{\"@id\":\"https:\\\/\\\/www.contem.es\\\/es\\\/impuesto-sobre-sociedades-2024-microempresas\\\/\"},\"author\":{\"name\":\"rss\",\"@id\":\"https:\\\/\\\/www.contem.es\\\/es\\\/#\\\/schema\\\/person\\\/c1284c1e1887128f110dc4a88f6137ae\"},\"headline\":\"Impuesto sobre Sociedades 2024: microempresas\",\"datePublished\":\"2025-06-25T00:00:00+00:00\",\"mainEntityOfPage\":{\"@id\":\"https:\\\/\\\/www.contem.es\\\/es\\\/impuesto-sobre-sociedades-2024-microempresas\\\/\"},\"wordCount\":265,\"publisher\":{\"@id\":\"https:\\\/\\\/www.contem.es\\\/es\\\/#organization\"},\"image\":{\"@id\":\"https:\\\/\\\/www.contem.es\\\/es\\\/impuesto-sobre-sociedades-2024-microempresas\\\/#primaryimage\"},\"thumbnailUrl\":\"https:\\\/\\\/www.contem.es\\\/wp-content\\\/uploads\\\/2025\\\/06\\\/shutterstock2531000025-bcSize-650x118-2.jpg\",\"articleSection\":[\"Fiscal\"],\"inLanguage\":\"es\"},{\"@type\":\"WebPage\",\"@id\":\"https:\\\/\\\/www.contem.es\\\/es\\\/impuesto-sobre-sociedades-2024-microempresas\\\/\",\"url\":\"https:\\\/\\\/www.contem.es\\\/es\\\/impuesto-sobre-sociedades-2024-microempresas\\\/\",\"name\":\"Impuesto sobre Sociedades 2024: microempresas | Contem Assessors\",\"isPartOf\":{\"@id\":\"https:\\\/\\\/www.contem.es\\\/es\\\/#website\"},\"primaryImageOfPage\":{\"@id\":\"https:\\\/\\\/www.contem.es\\\/es\\\/impuesto-sobre-sociedades-2024-microempresas\\\/#primaryimage\"},\"image\":{\"@id\":\"https:\\\/\\\/www.contem.es\\\/es\\\/impuesto-sobre-sociedades-2024-microempresas\\\/#primaryimage\"},\"thumbnailUrl\":\"https:\\\/\\\/www.contem.es\\\/wp-content\\\/uploads\\\/2025\\\/06\\\/shutterstock2531000025-bcSize-650x118-2.jpg\",\"datePublished\":\"2025-06-25T00:00:00+00:00\",\"breadcrumb\":{\"@id\":\"https:\\\/\\\/www.contem.es\\\/es\\\/impuesto-sobre-sociedades-2024-microempresas\\\/#breadcrumb\"},\"inLanguage\":\"es\",\"potentialAction\":[{\"@type\":\"ReadAction\",\"target\":[\"https:\\\/\\\/www.contem.es\\\/es\\\/impuesto-sobre-sociedades-2024-microempresas\\\/\"]}]},{\"@type\":\"ImageObject\",\"inLanguage\":\"es\",\"@id\":\"https:\\\/\\\/www.contem.es\\\/es\\\/impuesto-sobre-sociedades-2024-microempresas\\\/#primaryimage\",\"url\":\"https:\\\/\\\/www.contem.es\\\/wp-content\\\/uploads\\\/2025\\\/06\\\/shutterstock2531000025-bcSize-650x118-2.jpg\",\"contentUrl\":\"https:\\\/\\\/www.contem.es\\\/wp-content\\\/uploads\\\/2025\\\/06\\\/shutterstock2531000025-bcSize-650x118-2.jpg\",\"width\":650,\"height\":118},{\"@type\":\"BreadcrumbList\",\"@id\":\"https:\\\/\\\/www.contem.es\\\/es\\\/impuesto-sobre-sociedades-2024-microempresas\\\/#breadcrumb\",\"itemListElement\":[{\"@type\":\"ListItem\",\"position\":1,\"name\":\"Inici\",\"item\":\"https:\\\/\\\/www.contem.es\\\/es\\\/\"},{\"@type\":\"ListItem\",\"position\":2,\"name\":\"Impuesto sobre Sociedades 2024: microempresas\"}]},{\"@type\":\"WebSite\",\"@id\":\"https:\\\/\\\/www.contem.es\\\/es\\\/#website\",\"url\":\"https:\\\/\\\/www.contem.es\\\/es\\\/\",\"name\":\"Contem Assessors\",\"description\":\"Fiscal, comptable , laboral , jur\u00eddic , econ\u00f2mic i assegurances\",\"publisher\":{\"@id\":\"https:\\\/\\\/www.contem.es\\\/es\\\/#organization\"},\"potentialAction\":[{\"@type\":\"SearchAction\",\"target\":{\"@type\":\"EntryPoint\",\"urlTemplate\":\"https:\\\/\\\/www.contem.es\\\/es\\\/?s={search_term_string}\"},\"query-input\":{\"@type\":\"PropertyValueSpecification\",\"valueRequired\":true,\"valueName\":\"search_term_string\"}}],\"inLanguage\":\"es\"},{\"@type\":\"Organization\",\"@id\":\"https:\\\/\\\/www.contem.es\\\/es\\\/#organization\",\"name\":\"Contem Assessors\",\"url\":\"https:\\\/\\\/www.contem.es\\\/es\\\/\",\"logo\":{\"@type\":\"ImageObject\",\"inLanguage\":\"es\",\"@id\":\"https:\\\/\\\/www.contem.es\\\/es\\\/#\\\/schema\\\/logo\\\/image\\\/\",\"url\":\"https:\\\/\\\/www.contem.es\\\/wp-content\\\/uploads\\\/2016\\\/06\\\/touch-icon-contem.png\",\"contentUrl\":\"https:\\\/\\\/www.contem.es\\\/wp-content\\\/uploads\\\/2016\\\/06\\\/touch-icon-contem.png\",\"width\":120,\"height\":120,\"caption\":\"Contem Assessors\"},\"image\":{\"@id\":\"https:\\\/\\\/www.contem.es\\\/es\\\/#\\\/schema\\\/logo\\\/image\\\/\"},\"sameAs\":[\"https:\\\/\\\/x.com\\\/contemassessors\",\"https:\\\/\\\/www.linkedin.com\\\/company\\\/contem-assessors\"]},{\"@type\":\"Person\",\"@id\":\"https:\\\/\\\/www.contem.es\\\/es\\\/#\\\/schema\\\/person\\\/c1284c1e1887128f110dc4a88f6137ae\",\"name\":\"rss\",\"image\":{\"@type\":\"ImageObject\",\"inLanguage\":\"es\",\"@id\":\"https:\\\/\\\/secure.gravatar.com\\\/avatar\\\/ab3bd31bf66b0e143141b04dbe6aa5f58290e800756006b9aef442f9b1e697cb?s=96&d=mm&r=g\",\"url\":\"https:\\\/\\\/secure.gravatar.com\\\/avatar\\\/ab3bd31bf66b0e143141b04dbe6aa5f58290e800756006b9aef442f9b1e697cb?s=96&d=mm&r=g\",\"contentUrl\":\"https:\\\/\\\/secure.gravatar.com\\\/avatar\\\/ab3bd31bf66b0e143141b04dbe6aa5f58290e800756006b9aef442f9b1e697cb?s=96&d=mm&r=g\",\"caption\":\"rss\"},\"url\":\"https:\\\/\\\/www.contem.es\\\/es\\\/author\\\/rss\\\/\"}]}<\/script>\n<!-- \/ Yoast SEO plugin. -->","yoast_head_json":{"title":"Impuesto sobre Sociedades 2024: microempresas | Contem Assessors","robots":{"index":"index","follow":"follow","max-snippet":"max-snippet:-1","max-image-preview":"max-image-preview:large","max-video-preview":"max-video-preview:-1"},"canonical":"https:\/\/www.contem.es\/es\/impuesto-sobre-sociedades-2024-microempresas\/","og_locale":"es_ES","og_type":"article","og_title":"Impuesto sobre Sociedades 2024: microempresas | Contem Assessors","og_description":"Si el ejercicio social de su empresa coincide con el a&ntilde;o natural, entre el 1 y el 25 de julio&nbsp;deber&aacute; presentar la declaraci&oacute;n del Impuesto sobre Sociedades de 2024 (entre el 1 y el 22 de julio si domicilia el pago del impuesto). Al igual que ocurri&oacute; en el IS del a&ntilde;o pasado,&nbsp;recuerde que, si [&hellip;]","og_url":"https:\/\/www.contem.es\/es\/impuesto-sobre-sociedades-2024-microempresas\/","og_site_name":"Contem Assessors","article_published_time":"2025-06-25T00:00:00+00:00","og_image":[{"url":"https:\/\/www.contem.es\/wp-content\/uploads\/2016\/06\/touch-icon-contem.png","type":"","width":"","height":""}],"author":"rss","twitter_card":"summary_large_image","twitter_creator":"@contemassessors","twitter_site":"@contemassessors","twitter_misc":{"Escrito por":"rss","Tiempo de lectura":"1 minuto"},"schema":{"@context":"https:\/\/schema.org","@graph":[{"@type":"Article","@id":"https:\/\/www.contem.es\/es\/impuesto-sobre-sociedades-2024-microempresas\/#article","isPartOf":{"@id":"https:\/\/www.contem.es\/es\/impuesto-sobre-sociedades-2024-microempresas\/"},"author":{"name":"rss","@id":"https:\/\/www.contem.es\/es\/#\/schema\/person\/c1284c1e1887128f110dc4a88f6137ae"},"headline":"Impuesto sobre Sociedades 2024: microempresas","datePublished":"2025-06-25T00:00:00+00:00","mainEntityOfPage":{"@id":"https:\/\/www.contem.es\/es\/impuesto-sobre-sociedades-2024-microempresas\/"},"wordCount":265,"publisher":{"@id":"https:\/\/www.contem.es\/es\/#organization"},"image":{"@id":"https:\/\/www.contem.es\/es\/impuesto-sobre-sociedades-2024-microempresas\/#primaryimage"},"thumbnailUrl":"https:\/\/www.contem.es\/wp-content\/uploads\/2025\/06\/shutterstock2531000025-bcSize-650x118-2.jpg","articleSection":["Fiscal"],"inLanguage":"es"},{"@type":"WebPage","@id":"https:\/\/www.contem.es\/es\/impuesto-sobre-sociedades-2024-microempresas\/","url":"https:\/\/www.contem.es\/es\/impuesto-sobre-sociedades-2024-microempresas\/","name":"Impuesto sobre Sociedades 2024: microempresas | Contem Assessors","isPartOf":{"@id":"https:\/\/www.contem.es\/es\/#website"},"primaryImageOfPage":{"@id":"https:\/\/www.contem.es\/es\/impuesto-sobre-sociedades-2024-microempresas\/#primaryimage"},"image":{"@id":"https:\/\/www.contem.es\/es\/impuesto-sobre-sociedades-2024-microempresas\/#primaryimage"},"thumbnailUrl":"https:\/\/www.contem.es\/wp-content\/uploads\/2025\/06\/shutterstock2531000025-bcSize-650x118-2.jpg","datePublished":"2025-06-25T00:00:00+00:00","breadcrumb":{"@id":"https:\/\/www.contem.es\/es\/impuesto-sobre-sociedades-2024-microempresas\/#breadcrumb"},"inLanguage":"es","potentialAction":[{"@type":"ReadAction","target":["https:\/\/www.contem.es\/es\/impuesto-sobre-sociedades-2024-microempresas\/"]}]},{"@type":"ImageObject","inLanguage":"es","@id":"https:\/\/www.contem.es\/es\/impuesto-sobre-sociedades-2024-microempresas\/#primaryimage","url":"https:\/\/www.contem.es\/wp-content\/uploads\/2025\/06\/shutterstock2531000025-bcSize-650x118-2.jpg","contentUrl":"https:\/\/www.contem.es\/wp-content\/uploads\/2025\/06\/shutterstock2531000025-bcSize-650x118-2.jpg","width":650,"height":118},{"@type":"BreadcrumbList","@id":"https:\/\/www.contem.es\/es\/impuesto-sobre-sociedades-2024-microempresas\/#breadcrumb","itemListElement":[{"@type":"ListItem","position":1,"name":"Inici","item":"https:\/\/www.contem.es\/es\/"},{"@type":"ListItem","position":2,"name":"Impuesto sobre Sociedades 2024: microempresas"}]},{"@type":"WebSite","@id":"https:\/\/www.contem.es\/es\/#website","url":"https:\/\/www.contem.es\/es\/","name":"Contem Assessors","description":"Fiscal, comptable , laboral , jur\u00eddic , econ\u00f2mic i assegurances","publisher":{"@id":"https:\/\/www.contem.es\/es\/#organization"},"potentialAction":[{"@type":"SearchAction","target":{"@type":"EntryPoint","urlTemplate":"https:\/\/www.contem.es\/es\/?s={search_term_string}"},"query-input":{"@type":"PropertyValueSpecification","valueRequired":true,"valueName":"search_term_string"}}],"inLanguage":"es"},{"@type":"Organization","@id":"https:\/\/www.contem.es\/es\/#organization","name":"Contem Assessors","url":"https:\/\/www.contem.es\/es\/","logo":{"@type":"ImageObject","inLanguage":"es","@id":"https:\/\/www.contem.es\/es\/#\/schema\/logo\/image\/","url":"https:\/\/www.contem.es\/wp-content\/uploads\/2016\/06\/touch-icon-contem.png","contentUrl":"https:\/\/www.contem.es\/wp-content\/uploads\/2016\/06\/touch-icon-contem.png","width":120,"height":120,"caption":"Contem Assessors"},"image":{"@id":"https:\/\/www.contem.es\/es\/#\/schema\/logo\/image\/"},"sameAs":["https:\/\/x.com\/contemassessors","https:\/\/www.linkedin.com\/company\/contem-assessors"]},{"@type":"Person","@id":"https:\/\/www.contem.es\/es\/#\/schema\/person\/c1284c1e1887128f110dc4a88f6137ae","name":"rss","image":{"@type":"ImageObject","inLanguage":"es","@id":"https:\/\/secure.gravatar.com\/avatar\/ab3bd31bf66b0e143141b04dbe6aa5f58290e800756006b9aef442f9b1e697cb?s=96&d=mm&r=g","url":"https:\/\/secure.gravatar.com\/avatar\/ab3bd31bf66b0e143141b04dbe6aa5f58290e800756006b9aef442f9b1e697cb?s=96&d=mm&r=g","contentUrl":"https:\/\/secure.gravatar.com\/avatar\/ab3bd31bf66b0e143141b04dbe6aa5f58290e800756006b9aef442f9b1e697cb?s=96&d=mm&r=g","caption":"rss"},"url":"https:\/\/www.contem.es\/es\/author\/rss\/"}]}},"_links":{"self":[{"href":"https:\/\/www.contem.es\/es\/wp-json\/wp\/v2\/posts\/6454","targetHints":{"allow":["GET"]}}],"collection":[{"href":"https:\/\/www.contem.es\/es\/wp-json\/wp\/v2\/posts"}],"about":[{"href":"https:\/\/www.contem.es\/es\/wp-json\/wp\/v2\/types\/post"}],"author":[{"embeddable":true,"href":"https:\/\/www.contem.es\/es\/wp-json\/wp\/v2\/users\/7"}],"replies":[{"embeddable":true,"href":"https:\/\/www.contem.es\/es\/wp-json\/wp\/v2\/comments?post=6454"}],"version-history":[{"count":0,"href":"https:\/\/www.contem.es\/es\/wp-json\/wp\/v2\/posts\/6454\/revisions"}],"wp:featuredmedia":[{"embeddable":true,"href":"https:\/\/www.contem.es\/es\/wp-json\/wp\/v2\/media\/6455"}],"wp:attachment":[{"href":"https:\/\/www.contem.es\/es\/wp-json\/wp\/v2\/media?parent=6454"}],"wp:term":[{"taxonomy":"category","embeddable":true,"href":"https:\/\/www.contem.es\/es\/wp-json\/wp\/v2\/categories?post=6454"},{"taxonomy":"post_tag","embeddable":true,"href":"https:\/\/www.contem.es\/es\/wp-json\/wp\/v2\/tags?post=6454"}],"curies":[{"name":"wp","href":"https:\/\/api.w.org\/{rel}","templated":true}]}}