{"id":5585,"date":"2025-01-03T00:00:00","date_gmt":"2025-01-03T00:00:00","guid":{"rendered":"https:\/\/www.contem.es\/procedimientos-judiciales\/"},"modified":"2025-01-03T00:00:00","modified_gmt":"2025-01-03T00:00:00","slug":"procedimientos-judiciales","status":"publish","type":"post","link":"https:\/\/www.contem.es\/es\/procedimientos-judiciales\/","title":{"rendered":"Procedimientos judiciales"},"content":{"rendered":"<p>La LO 1\/2025 de medidas en materia de eficiencia del Servicio P\u00fablico de Justicia, introduce importantes novedades que afectan a todos los \u00f3rdenes jurisdiccionales as\u00ed como a la demarcaci\u00f3n y planta judicial.<\/p>\n<p><a><\/a><strong>A)<\/strong> <b>Modificaci\u00f3n de la demarcaci\u00f3n y planta judicial.<\/b> Establece la transformaci\u00f3n de los \u00f3rganos jurisdiccionales unipersonales en secciones de tribunales de instancia o del central de instancia, de modo que, al margen de la Jurisdicci\u00f3n militar, del Tribunal Constitucional y del Tribunal de Cuentas, la planta judicial quedar\u00eda integrada por:<a><\/a><\/p>\n<p><a><\/a>\u2022 Tribunales de instancia. <a><\/a><\/p>\n<p><a><\/a>\u2022 Audiencias provinciales. <a><\/a><\/p>\n<p><a><\/a>\u2022 Tribunales superiores de Justicia. <a><\/a><\/p>\n<p><a><\/a>\u2022 Tribunal Central de Instancia.<a><\/a><\/p>\n<p><a><\/a>\u2022 Audiencia Nacional. <a><\/a><\/p>\n<p><a><\/a>\u2022 Tribunal Supremo. <a><\/a><\/p>\n<p><a><\/a>En los tribunales de instancia:<a><\/a><\/p>\n<p><a><\/a>&#8211; las secciones civiles, de instrucci\u00f3n y las secciones \u00fanicas (civiles y de instrucci\u00f3n), las de familia y las de violencia sobre la mujer, ejercer\u00e1n sus funciones en el partido judicial (en uno o en varios del \u00e1mbito territorial del mismo tribunal superior de justicia);<a><\/a><\/p>\n<p><a><\/a>&#8211; las secciones de enjuiciamiento penal, de lo contencioso-administrativo, de lo social, de lo mercantil, de vigilancia penitenciaria y de menores, tendr\u00e1n -como regla- \u00e1mbito provincial.<a><\/a><\/p>\n<p><a><\/a>Se prev\u00e9 la desaparici\u00f3n de los juzgados de paz en el momento en que se constituyan las oficinas de justicia, pasando sus asuntos a la secci\u00f3n civil o \u00fanica de los tribunales de instancia, que se implantar\u00e1n de manera simult\u00e1nea a aquellas.<a><\/a><\/p>\n<p><a><\/a>La constituci\u00f3n de los tribunales de instancia se realizar\u00e1 de manera escalonada. <a><\/a><\/p>\n<p><a><\/a><strong>B)<\/strong> Se regulan los denominados <strong>medios adecuados de soluci\u00f3n de controversias<\/strong>: cualquier tipo de actividad negociadora, tipificada en esta u otras leyes, a la que las partes de un conflicto acuden de buena fe con el objeto de encontrar una soluci\u00f3n extrajudicial al mismo, ya sea por s\u00ed mismas o con la intervenci\u00f3n de un tercero neutral. <a><\/a><\/p>\n<p><a><\/a>La regulaci\u00f3n es de aplicaci\u00f3n a los asuntos civiles y mercantiles, incluidos los conflictos transfronterizos. <a><\/a>En defecto de sometimiento expreso o t\u00e1cito al r\u00e9gimen incorporado a la Ley, su regulaci\u00f3n <b>es aplicable<\/b> cuando, al menos, una de las partes tenga su domicilio en Espa\u00f1a y la actividad negociadora se realice en territorio espa\u00f1ol. <a><\/a>Quedan <b>excluidos<\/b>, en todo caso, de la nueva regulaci\u00f3n las materias laboral, penal y concursal, as\u00ed como los asuntos de cualquier naturaleza, con independencia del orden jurisdiccional ante el que deban ventilarse, en los que una de las partes sea una entidad perteneciente al sector p\u00fablico.<a><\/a><\/p>\n<p><a><\/a><strong>C)<\/strong> Se prev\u00e9 la creaci\u00f3n de la Autoridad Administrativa Independiente de <strong>Defensa del Cliente Financiero<\/strong>, en los t\u00e9rminos establecidos en una Ley espec\u00edfica, para la resoluci\u00f3n extrajudicial de conflictos entre las entidades financieras y sus clientes, que se crear\u00e1 y entrar\u00e1 en funcionamiento en los t\u00e9rminos establecidos por dicha Ley.<a><\/a><\/p>\n<p><strong>D)<\/strong> <b>Ocupaci\u00f3n de viviendas<\/b>. Se modifica la <a href=\"\">LECr art.795.1.2\u00aa<\/a> para incluir en el \u00e1mbito de aplicaci\u00f3n del procedimiento para el enjuiciamiento r\u00e1pido, dos nuevos delitos:<\/p>\n<p>&#8211; Allanamiento de morada del CP art.202.<\/p>\n<p>&#8211; Usurpaci\u00f3n del CP art.245.<\/p>\n<p><b>E) Reforma de leyes procesales<\/b>. La LO 1\/2025 reforma las leyes de enjuiciamiento civil, enjuiciamiento criminal<a><\/a>, principalmente el tratamiento del juicio oral y las actuaciones previas, as\u00ed como la ejecutoria, jurisdicci\u00f3n contencioso-administrativa en lo relativo al tratamiento del procedimiento abreviado, y reguladora de la jurisdicci\u00f3n social.<\/p>\n<p><a><\/a><a><\/a><strong>F)<\/strong> <strong>Otras reformas legales<\/strong>. Entre otras, se modifican las siguientes normas: Ley del Notariado; C\u00f3digo Civil; Ley General para la defensa de consumidores y usuarios; Ley hipotecaria; Ley de propiedad horizontal; Ley de asistencia jur\u00eddica gratuita; Ley de condiciones generales de la contrataci\u00f3n; Ley de sociedades profesionales; Ley del Registro Civil; Ley de mediaci\u00f3n en asuntos civiles y mercantiles; Ley de jurisdicci\u00f3n voluntaria<a><\/a>; Ley de sociedades de capital; Estatuto de los Trabajadores; Ley de resoluci\u00f3n alternativa de conflictos en materia de consumo; Ley Concursal; etc.<a><\/a><\/p>\n<p><a><\/a><a><\/a><strong>G) <\/strong>R\u00e9gimen de <strong>entrada en vigor<\/strong>. <a><\/a>Con car\u00e1cter general la Ley tiene una vacatio legis de 3 meses desde la publicaci\u00f3n de la norma en el BOE, con lo que entrar\u00e1 en vigor el 3-4-2025 <a><\/a><\/p>\n<p>Las disposiciones del t\u00edtulo I (modificaci\u00f3n de la LOPJ) entran en vigor a los 20 d\u00edas de dicha publicaci\u00f3n<a><\/a>: 23-1-2025.<\/p>\n<p><a><\/a><a><\/a>La atribuci\u00f3n de competencias en materia de violencia sexual a los juzgados de violencia sobre la mujer, y las modificaciones de <a href=\"\">LECr art.14<\/a><a><\/a>; <a href=\"\">L 50\/1981 art.20.1<\/a><a><\/a> y <a href=\"\">L 1\/1996 art.1.2.h<\/a><a><\/a>, entrar\u00e1n en vigor a los 9 meses de la publicaci\u00f3n, <a><\/a>el 3-10-2025.<\/p>\n<p>\u00a0<\/p>\n<p>\u00a0<\/p>\n<p> Estamos a su disposici\u00f3n para la defensa de sus intereses en caso de controversia, asesor\u00e1ndoles para evitar un posible litigio o arbitraje o afrontarlos en las condiciones m\u00e1s \u00f3ptimas<\/p>\n","protected":false},"excerpt":{"rendered":"<p>La LO 1\/2025 de medidas en materia de eficiencia del Servicio P&uacute;blico de Justicia, introduce importantes novedades que afectan a todos los &oacute;rdenes jurisdiccionales as&iacute; como a la demarcaci&oacute;n y planta judicial. A) Modificaci&oacute;n de la demarcaci&oacute;n y planta judicial. Establece la transformaci&oacute;n de los &oacute;rganos jurisdiccionales unipersonales en secciones de tribunales de instancia o [&hellip;]<\/p>\n","protected":false},"author":7,"featured_media":5586,"comment_status":"closed","ping_status":"closed","sticky":false,"template":"","format":"standard","meta":{"footnotes":""},"categories":[89,90,101],"tags":[],"class_list":["post-5585","post","type-post","status-publish","format-standard","has-post-thumbnail","hentry","category-administratiu","category-civil","category-penal"],"yoast_head":"<!-- This site is optimized with the Yoast SEO plugin v27.4 - https:\/\/yoast.com\/product\/yoast-seo-wordpress\/ -->\n<title>Procedimientos judiciales | Contem Assessors<\/title>\n<meta name=\"robots\" content=\"index, follow, max-snippet:-1, max-image-preview:large, max-video-preview:-1\" \/>\n<link rel=\"canonical\" href=\"https:\/\/www.contem.es\/es\/procedimientos-judiciales\/\" \/>\n<meta property=\"og:locale\" content=\"es_ES\" \/>\n<meta property=\"og:type\" content=\"article\" \/>\n<meta property=\"og:title\" content=\"Procedimientos judiciales | Contem Assessors\" \/>\n<meta property=\"og:description\" content=\"La LO 1\/2025 de medidas en materia de eficiencia del Servicio P&uacute;blico de Justicia, introduce importantes novedades que afectan a todos los &oacute;rdenes jurisdiccionales as&iacute; como a la demarcaci&oacute;n y planta judicial. A) Modificaci&oacute;n de la demarcaci&oacute;n y planta judicial. Establece la transformaci&oacute;n de los &oacute;rganos jurisdiccionales unipersonales en secciones de tribunales de instancia o [&hellip;]\" \/>\n<meta property=\"og:url\" content=\"https:\/\/www.contem.es\/es\/procedimientos-judiciales\/\" \/>\n<meta property=\"og:site_name\" content=\"Contem Assessors\" \/>\n<meta property=\"article:published_time\" content=\"2025-01-03T00:00:00+00:00\" \/>\n<meta property=\"og:image\" content=\"https:\/\/www.contem.es\/wp-content\/uploads\/2016\/06\/touch-icon-contem.png\" \/>\n<meta name=\"author\" content=\"rss\" \/>\n<meta name=\"twitter:card\" content=\"summary_large_image\" \/>\n<meta name=\"twitter:creator\" content=\"@contemassessors\" \/>\n<meta name=\"twitter:site\" content=\"@contemassessors\" \/>\n<meta name=\"twitter:label1\" content=\"Escrito por\" \/>\n\t<meta name=\"twitter:data1\" content=\"rss\" \/>\n\t<meta name=\"twitter:label2\" content=\"Tiempo de lectura\" \/>\n\t<meta name=\"twitter:data2\" content=\"4 minutos\" \/>\n<script type=\"application\/ld+json\" class=\"yoast-schema-graph\">{\"@context\":\"https:\\\/\\\/schema.org\",\"@graph\":[{\"@type\":\"Article\",\"@id\":\"https:\\\/\\\/www.contem.es\\\/es\\\/procedimientos-judiciales\\\/#article\",\"isPartOf\":{\"@id\":\"https:\\\/\\\/www.contem.es\\\/es\\\/procedimientos-judiciales\\\/\"},\"author\":{\"name\":\"rss\",\"@id\":\"https:\\\/\\\/www.contem.es\\\/es\\\/#\\\/schema\\\/person\\\/c1284c1e1887128f110dc4a88f6137ae\"},\"headline\":\"Procedimientos judiciales\",\"datePublished\":\"2025-01-03T00:00:00+00:00\",\"mainEntityOfPage\":{\"@id\":\"https:\\\/\\\/www.contem.es\\\/es\\\/procedimientos-judiciales\\\/\"},\"wordCount\":786,\"publisher\":{\"@id\":\"https:\\\/\\\/www.contem.es\\\/es\\\/#organization\"},\"image\":{\"@id\":\"https:\\\/\\\/www.contem.es\\\/es\\\/procedimientos-judiciales\\\/#primaryimage\"},\"thumbnailUrl\":\"https:\\\/\\\/www.contem.es\\\/wp-content\\\/uploads\\\/2025\\\/01\\\/shutterstock2103393770-bcSize-650x118-1.jpg\",\"articleSection\":[\"Administratiu\",\"Civil\",\"Penal\"],\"inLanguage\":\"es\"},{\"@type\":\"WebPage\",\"@id\":\"https:\\\/\\\/www.contem.es\\\/es\\\/procedimientos-judiciales\\\/\",\"url\":\"https:\\\/\\\/www.contem.es\\\/es\\\/procedimientos-judiciales\\\/\",\"name\":\"Procedimientos judiciales | Contem Assessors\",\"isPartOf\":{\"@id\":\"https:\\\/\\\/www.contem.es\\\/es\\\/#website\"},\"primaryImageOfPage\":{\"@id\":\"https:\\\/\\\/www.contem.es\\\/es\\\/procedimientos-judiciales\\\/#primaryimage\"},\"image\":{\"@id\":\"https:\\\/\\\/www.contem.es\\\/es\\\/procedimientos-judiciales\\\/#primaryimage\"},\"thumbnailUrl\":\"https:\\\/\\\/www.contem.es\\\/wp-content\\\/uploads\\\/2025\\\/01\\\/shutterstock2103393770-bcSize-650x118-1.jpg\",\"datePublished\":\"2025-01-03T00:00:00+00:00\",\"breadcrumb\":{\"@id\":\"https:\\\/\\\/www.contem.es\\\/es\\\/procedimientos-judiciales\\\/#breadcrumb\"},\"inLanguage\":\"es\",\"potentialAction\":[{\"@type\":\"ReadAction\",\"target\":[\"https:\\\/\\\/www.contem.es\\\/es\\\/procedimientos-judiciales\\\/\"]}]},{\"@type\":\"ImageObject\",\"inLanguage\":\"es\",\"@id\":\"https:\\\/\\\/www.contem.es\\\/es\\\/procedimientos-judiciales\\\/#primaryimage\",\"url\":\"https:\\\/\\\/www.contem.es\\\/wp-content\\\/uploads\\\/2025\\\/01\\\/shutterstock2103393770-bcSize-650x118-1.jpg\",\"contentUrl\":\"https:\\\/\\\/www.contem.es\\\/wp-content\\\/uploads\\\/2025\\\/01\\\/shutterstock2103393770-bcSize-650x118-1.jpg\",\"width\":650,\"height\":118},{\"@type\":\"BreadcrumbList\",\"@id\":\"https:\\\/\\\/www.contem.es\\\/es\\\/procedimientos-judiciales\\\/#breadcrumb\",\"itemListElement\":[{\"@type\":\"ListItem\",\"position\":1,\"name\":\"Inici\",\"item\":\"https:\\\/\\\/www.contem.es\\\/es\\\/\"},{\"@type\":\"ListItem\",\"position\":2,\"name\":\"Procedimientos judiciales\"}]},{\"@type\":\"WebSite\",\"@id\":\"https:\\\/\\\/www.contem.es\\\/es\\\/#website\",\"url\":\"https:\\\/\\\/www.contem.es\\\/es\\\/\",\"name\":\"Contem Assessors\",\"description\":\"Fiscal, comptable , laboral , jur\u00eddic , econ\u00f2mic i assegurances\",\"publisher\":{\"@id\":\"https:\\\/\\\/www.contem.es\\\/es\\\/#organization\"},\"potentialAction\":[{\"@type\":\"SearchAction\",\"target\":{\"@type\":\"EntryPoint\",\"urlTemplate\":\"https:\\\/\\\/www.contem.es\\\/es\\\/?s={search_term_string}\"},\"query-input\":{\"@type\":\"PropertyValueSpecification\",\"valueRequired\":true,\"valueName\":\"search_term_string\"}}],\"inLanguage\":\"es\"},{\"@type\":\"Organization\",\"@id\":\"https:\\\/\\\/www.contem.es\\\/es\\\/#organization\",\"name\":\"Contem Assessors\",\"url\":\"https:\\\/\\\/www.contem.es\\\/es\\\/\",\"logo\":{\"@type\":\"ImageObject\",\"inLanguage\":\"es\",\"@id\":\"https:\\\/\\\/www.contem.es\\\/es\\\/#\\\/schema\\\/logo\\\/image\\\/\",\"url\":\"https:\\\/\\\/www.contem.es\\\/wp-content\\\/uploads\\\/2016\\\/06\\\/touch-icon-contem.png\",\"contentUrl\":\"https:\\\/\\\/www.contem.es\\\/wp-content\\\/uploads\\\/2016\\\/06\\\/touch-icon-contem.png\",\"width\":120,\"height\":120,\"caption\":\"Contem Assessors\"},\"image\":{\"@id\":\"https:\\\/\\\/www.contem.es\\\/es\\\/#\\\/schema\\\/logo\\\/image\\\/\"},\"sameAs\":[\"https:\\\/\\\/x.com\\\/contemassessors\",\"https:\\\/\\\/www.linkedin.com\\\/company\\\/contem-assessors\"]},{\"@type\":\"Person\",\"@id\":\"https:\\\/\\\/www.contem.es\\\/es\\\/#\\\/schema\\\/person\\\/c1284c1e1887128f110dc4a88f6137ae\",\"name\":\"rss\",\"image\":{\"@type\":\"ImageObject\",\"inLanguage\":\"es\",\"@id\":\"https:\\\/\\\/secure.gravatar.com\\\/avatar\\\/ab3bd31bf66b0e143141b04dbe6aa5f58290e800756006b9aef442f9b1e697cb?s=96&d=mm&r=g\",\"url\":\"https:\\\/\\\/secure.gravatar.com\\\/avatar\\\/ab3bd31bf66b0e143141b04dbe6aa5f58290e800756006b9aef442f9b1e697cb?s=96&d=mm&r=g\",\"contentUrl\":\"https:\\\/\\\/secure.gravatar.com\\\/avatar\\\/ab3bd31bf66b0e143141b04dbe6aa5f58290e800756006b9aef442f9b1e697cb?s=96&d=mm&r=g\",\"caption\":\"rss\"},\"url\":\"https:\\\/\\\/www.contem.es\\\/es\\\/author\\\/rss\\\/\"}]}<\/script>\n<!-- \/ Yoast SEO plugin. -->","yoast_head_json":{"title":"Procedimientos judiciales | Contem Assessors","robots":{"index":"index","follow":"follow","max-snippet":"max-snippet:-1","max-image-preview":"max-image-preview:large","max-video-preview":"max-video-preview:-1"},"canonical":"https:\/\/www.contem.es\/es\/procedimientos-judiciales\/","og_locale":"es_ES","og_type":"article","og_title":"Procedimientos judiciales | Contem Assessors","og_description":"La LO 1\/2025 de medidas en materia de eficiencia del Servicio P&uacute;blico de Justicia, introduce importantes novedades que afectan a todos los &oacute;rdenes jurisdiccionales as&iacute; como a la demarcaci&oacute;n y planta judicial. A) Modificaci&oacute;n de la demarcaci&oacute;n y planta judicial. Establece la transformaci&oacute;n de los &oacute;rganos jurisdiccionales unipersonales en secciones de tribunales de instancia o [&hellip;]","og_url":"https:\/\/www.contem.es\/es\/procedimientos-judiciales\/","og_site_name":"Contem Assessors","article_published_time":"2025-01-03T00:00:00+00:00","og_image":[{"url":"https:\/\/www.contem.es\/wp-content\/uploads\/2016\/06\/touch-icon-contem.png","type":"","width":"","height":""}],"author":"rss","twitter_card":"summary_large_image","twitter_creator":"@contemassessors","twitter_site":"@contemassessors","twitter_misc":{"Escrito por":"rss","Tiempo de lectura":"4 minutos"},"schema":{"@context":"https:\/\/schema.org","@graph":[{"@type":"Article","@id":"https:\/\/www.contem.es\/es\/procedimientos-judiciales\/#article","isPartOf":{"@id":"https:\/\/www.contem.es\/es\/procedimientos-judiciales\/"},"author":{"name":"rss","@id":"https:\/\/www.contem.es\/es\/#\/schema\/person\/c1284c1e1887128f110dc4a88f6137ae"},"headline":"Procedimientos judiciales","datePublished":"2025-01-03T00:00:00+00:00","mainEntityOfPage":{"@id":"https:\/\/www.contem.es\/es\/procedimientos-judiciales\/"},"wordCount":786,"publisher":{"@id":"https:\/\/www.contem.es\/es\/#organization"},"image":{"@id":"https:\/\/www.contem.es\/es\/procedimientos-judiciales\/#primaryimage"},"thumbnailUrl":"https:\/\/www.contem.es\/wp-content\/uploads\/2025\/01\/shutterstock2103393770-bcSize-650x118-1.jpg","articleSection":["Administratiu","Civil","Penal"],"inLanguage":"es"},{"@type":"WebPage","@id":"https:\/\/www.contem.es\/es\/procedimientos-judiciales\/","url":"https:\/\/www.contem.es\/es\/procedimientos-judiciales\/","name":"Procedimientos judiciales | Contem Assessors","isPartOf":{"@id":"https:\/\/www.contem.es\/es\/#website"},"primaryImageOfPage":{"@id":"https:\/\/www.contem.es\/es\/procedimientos-judiciales\/#primaryimage"},"image":{"@id":"https:\/\/www.contem.es\/es\/procedimientos-judiciales\/#primaryimage"},"thumbnailUrl":"https:\/\/www.contem.es\/wp-content\/uploads\/2025\/01\/shutterstock2103393770-bcSize-650x118-1.jpg","datePublished":"2025-01-03T00:00:00+00:00","breadcrumb":{"@id":"https:\/\/www.contem.es\/es\/procedimientos-judiciales\/#breadcrumb"},"inLanguage":"es","potentialAction":[{"@type":"ReadAction","target":["https:\/\/www.contem.es\/es\/procedimientos-judiciales\/"]}]},{"@type":"ImageObject","inLanguage":"es","@id":"https:\/\/www.contem.es\/es\/procedimientos-judiciales\/#primaryimage","url":"https:\/\/www.contem.es\/wp-content\/uploads\/2025\/01\/shutterstock2103393770-bcSize-650x118-1.jpg","contentUrl":"https:\/\/www.contem.es\/wp-content\/uploads\/2025\/01\/shutterstock2103393770-bcSize-650x118-1.jpg","width":650,"height":118},{"@type":"BreadcrumbList","@id":"https:\/\/www.contem.es\/es\/procedimientos-judiciales\/#breadcrumb","itemListElement":[{"@type":"ListItem","position":1,"name":"Inici","item":"https:\/\/www.contem.es\/es\/"},{"@type":"ListItem","position":2,"name":"Procedimientos judiciales"}]},{"@type":"WebSite","@id":"https:\/\/www.contem.es\/es\/#website","url":"https:\/\/www.contem.es\/es\/","name":"Contem Assessors","description":"Fiscal, comptable , laboral , jur\u00eddic , econ\u00f2mic i assegurances","publisher":{"@id":"https:\/\/www.contem.es\/es\/#organization"},"potentialAction":[{"@type":"SearchAction","target":{"@type":"EntryPoint","urlTemplate":"https:\/\/www.contem.es\/es\/?s={search_term_string}"},"query-input":{"@type":"PropertyValueSpecification","valueRequired":true,"valueName":"search_term_string"}}],"inLanguage":"es"},{"@type":"Organization","@id":"https:\/\/www.contem.es\/es\/#organization","name":"Contem Assessors","url":"https:\/\/www.contem.es\/es\/","logo":{"@type":"ImageObject","inLanguage":"es","@id":"https:\/\/www.contem.es\/es\/#\/schema\/logo\/image\/","url":"https:\/\/www.contem.es\/wp-content\/uploads\/2016\/06\/touch-icon-contem.png","contentUrl":"https:\/\/www.contem.es\/wp-content\/uploads\/2016\/06\/touch-icon-contem.png","width":120,"height":120,"caption":"Contem Assessors"},"image":{"@id":"https:\/\/www.contem.es\/es\/#\/schema\/logo\/image\/"},"sameAs":["https:\/\/x.com\/contemassessors","https:\/\/www.linkedin.com\/company\/contem-assessors"]},{"@type":"Person","@id":"https:\/\/www.contem.es\/es\/#\/schema\/person\/c1284c1e1887128f110dc4a88f6137ae","name":"rss","image":{"@type":"ImageObject","inLanguage":"es","@id":"https:\/\/secure.gravatar.com\/avatar\/ab3bd31bf66b0e143141b04dbe6aa5f58290e800756006b9aef442f9b1e697cb?s=96&d=mm&r=g","url":"https:\/\/secure.gravatar.com\/avatar\/ab3bd31bf66b0e143141b04dbe6aa5f58290e800756006b9aef442f9b1e697cb?s=96&d=mm&r=g","contentUrl":"https:\/\/secure.gravatar.com\/avatar\/ab3bd31bf66b0e143141b04dbe6aa5f58290e800756006b9aef442f9b1e697cb?s=96&d=mm&r=g","caption":"rss"},"url":"https:\/\/www.contem.es\/es\/author\/rss\/"}]}},"_links":{"self":[{"href":"https:\/\/www.contem.es\/es\/wp-json\/wp\/v2\/posts\/5585","targetHints":{"allow":["GET"]}}],"collection":[{"href":"https:\/\/www.contem.es\/es\/wp-json\/wp\/v2\/posts"}],"about":[{"href":"https:\/\/www.contem.es\/es\/wp-json\/wp\/v2\/types\/post"}],"author":[{"embeddable":true,"href":"https:\/\/www.contem.es\/es\/wp-json\/wp\/v2\/users\/7"}],"replies":[{"embeddable":true,"href":"https:\/\/www.contem.es\/es\/wp-json\/wp\/v2\/comments?post=5585"}],"version-history":[{"count":0,"href":"https:\/\/www.contem.es\/es\/wp-json\/wp\/v2\/posts\/5585\/revisions"}],"wp:featuredmedia":[{"embeddable":true,"href":"https:\/\/www.contem.es\/es\/wp-json\/wp\/v2\/media\/5586"}],"wp:attachment":[{"href":"https:\/\/www.contem.es\/es\/wp-json\/wp\/v2\/media?parent=5585"}],"wp:term":[{"taxonomy":"category","embeddable":true,"href":"https:\/\/www.contem.es\/es\/wp-json\/wp\/v2\/categories?post=5585"},{"taxonomy":"post_tag","embeddable":true,"href":"https:\/\/www.contem.es\/es\/wp-json\/wp\/v2\/tags?post=5585"}],"curies":[{"name":"wp","href":"https:\/\/api.w.org\/{rel}","templated":true}]}}