{"id":5579,"date":"2024-12-26T00:00:00","date_gmt":"2024-12-26T00:00:00","guid":{"rendered":"https:\/\/www.contem.es\/nuevo-regimen-de-extranjeria\/"},"modified":"2024-12-26T00:00:00","modified_gmt":"2024-12-26T00:00:00","slug":"nuevo-regimen-de-extranjeria","status":"publish","type":"post","link":"https:\/\/www.contem.es\/es\/nuevo-regimen-de-extranjeria\/","title":{"rendered":"Nuevo r\u00e9gimen de extranjer\u00eda"},"content":{"rendered":"<p>El nuevo reglamento de extranjer\u00eda, vigente a partir del 20-5-2025, recoge las condiciones de entrada y salida de los extranjeros en territorio espa\u00f1ol introduciendo las siguientes <b>novedades<\/b> (RD 1155\/2024 art.4 a 24):<\/p>\n<p><b>1.<\/b> Se exige que los <b>pasaportes<\/b> y los <b>documentos de viaje<\/b> sigan siendo v\u00e1lidos como m\u00ednimo 3 meses despu\u00e9s de la fecha de partida del territorio de los Estados miembros y se hayan expedido dentro de los 10 a\u00f1os anteriores.<\/p>\n<p><b>2.<\/b> Se ampl\u00eda la <b>exenci\u00f3n de visado<\/b> para estancias de corta duraci\u00f3n (m\u00e1ximo de 90 d\u00edas naturales dentro de cualquier periodo de 180 d\u00edas naturales), a extranjeros que se encuentre en alg\u00fan supuesto de exenci\u00f3n de visado establecido en el derecho de la UE, debiendo constar una autorizaci\u00f3n de viaje registrada en el Sistema Europeo de informaci\u00f3n y Autorizaci\u00f3n de Viaje (ETIAS).<\/p>\n<p><b>3<\/b>. En la entrada por el paso fronterizo, el extranjero debe permitir la <b>toma de datos biom\u00e9tricos<\/b> con el fin de alimentar y consultar las bases de datos pertinentes. La estampaci\u00f3n del sello de entrada y de salida se sustituye por el registro en el Sistema de Entradas y Salidas (SES) cuando entre en funcionamiento.<\/p>\n<p><b>4.<\/b> En caso de <b>denegaci\u00f3n de entrada<\/b>, se limita a 72 horas (antes, con la mayor brevedad posible), el plazo para retornar al lugar de procedencia o continuar viaje hacia otro pa\u00eds donde sea admitido.<\/p>\n<p>El Reglamento recoge tambi\u00e9n un nuevo r\u00e9gimen de <b>visados<\/b> que clasifica en: visados de tr\u00e1nsito aeroportuario, visados de estancia de corta duraci\u00f3n, visados de larga duraci\u00f3n y visado para la b\u00fasqueda de empleo (RD 1155\/2024 art.25 a 47).<\/p>\n<p>El <b>visado de larga duraci\u00f3n<\/b> agrupa los siguientes:<\/p>\n<p><b>a)<\/b> Visado de larga duraci\u00f3n por estudios, movilidad de alumnos, servicios de voluntariado o actividades formativas: el visado se expide por una duraci\u00f3n igual a la de la actividad respecto a la que se concedi\u00f3 la autorizaci\u00f3n<\/p>\n<p><b>b)<\/b> Visado de residencia.<\/p>\n<p><b>c) <\/b>Visados de car\u00e1cter extraordinario.<\/p>\n<p>La <b>duraci\u00f3n m\u00e1xima<\/b> de los visados es de 1 a\u00f1o, incluidos el visado de estudios y de b\u00fasqueda de empleo (antes 3 meses).<\/p>\n<p> Consulte a nuestros profesionales en asuntos de extranjer\u00eda, inmigraci\u00f3n, situaci\u00f3n irregular, etc., para tr\u00e1mites y actuaciones que puedan derivarse de dichas situaciones o disconformidad con una actuaci\u00f3n administrativa o judicial al respecto<\/p>\n","protected":false},"excerpt":{"rendered":"<p>El nuevo reglamento de extranjer&iacute;a, vigente a partir del 20-5-2025, recoge las condiciones de entrada y salida de los extranjeros en territorio espa&ntilde;ol introduciendo las siguientes novedades (RD 1155\/2024 art.4 a 24): 1. Se exige que los pasaportes y los documentos de viaje sigan siendo v&aacute;lidos como m&iacute;nimo 3 meses despu&eacute;s de la fecha de [&hellip;]<\/p>\n","protected":false},"author":7,"featured_media":5580,"comment_status":"closed","ping_status":"closed","sticky":false,"template":"","format":"standard","meta":{"footnotes":""},"categories":[89],"tags":[],"class_list":["post-5579","post","type-post","status-publish","format-standard","has-post-thumbnail","hentry","category-administratiu"],"yoast_head":"<!-- This site is optimized with the Yoast SEO plugin v27.4 - https:\/\/yoast.com\/product\/yoast-seo-wordpress\/ -->\n<title>Nuevo r\u00e9gimen de extranjer\u00eda | Contem Assessors<\/title>\n<meta name=\"robots\" content=\"index, follow, max-snippet:-1, max-image-preview:large, max-video-preview:-1\" \/>\n<link rel=\"canonical\" href=\"https:\/\/www.contem.es\/es\/nuevo-regimen-de-extranjeria\/\" \/>\n<meta property=\"og:locale\" content=\"es_ES\" \/>\n<meta property=\"og:type\" content=\"article\" \/>\n<meta property=\"og:title\" content=\"Nuevo r\u00e9gimen de extranjer\u00eda | Contem Assessors\" \/>\n<meta property=\"og:description\" content=\"El nuevo reglamento de extranjer&iacute;a, vigente a partir del 20-5-2025, recoge las condiciones de entrada y salida de los extranjeros en territorio espa&ntilde;ol introduciendo las siguientes novedades (RD 1155\/2024 art.4 a 24): 1. Se exige que los pasaportes y los documentos de viaje sigan siendo v&aacute;lidos como m&iacute;nimo 3 meses despu&eacute;s de la fecha de [&hellip;]\" \/>\n<meta property=\"og:url\" content=\"https:\/\/www.contem.es\/es\/nuevo-regimen-de-extranjeria\/\" \/>\n<meta property=\"og:site_name\" content=\"Contem Assessors\" \/>\n<meta property=\"article:published_time\" content=\"2024-12-26T00:00:00+00:00\" \/>\n<meta property=\"og:image\" content=\"https:\/\/www.contem.es\/wp-content\/uploads\/2016\/06\/touch-icon-contem.png\" \/>\n<meta name=\"author\" content=\"rss\" \/>\n<meta name=\"twitter:card\" content=\"summary_large_image\" \/>\n<meta name=\"twitter:creator\" content=\"@contemassessors\" \/>\n<meta name=\"twitter:site\" content=\"@contemassessors\" \/>\n<meta name=\"twitter:label1\" content=\"Escrito por\" \/>\n\t<meta name=\"twitter:data1\" content=\"rss\" \/>\n\t<meta name=\"twitter:label2\" content=\"Tiempo de lectura\" \/>\n\t<meta name=\"twitter:data2\" content=\"2 minutos\" \/>\n<script type=\"application\/ld+json\" class=\"yoast-schema-graph\">{\"@context\":\"https:\\\/\\\/schema.org\",\"@graph\":[{\"@type\":\"Article\",\"@id\":\"https:\\\/\\\/www.contem.es\\\/es\\\/nuevo-regimen-de-extranjeria\\\/#article\",\"isPartOf\":{\"@id\":\"https:\\\/\\\/www.contem.es\\\/es\\\/nuevo-regimen-de-extranjeria\\\/\"},\"author\":{\"name\":\"rss\",\"@id\":\"https:\\\/\\\/www.contem.es\\\/es\\\/#\\\/schema\\\/person\\\/c1284c1e1887128f110dc4a88f6137ae\"},\"headline\":\"Nuevo r\u00e9gimen de extranjer\u00eda\",\"datePublished\":\"2024-12-26T00:00:00+00:00\",\"mainEntityOfPage\":{\"@id\":\"https:\\\/\\\/www.contem.es\\\/es\\\/nuevo-regimen-de-extranjeria\\\/\"},\"wordCount\":404,\"publisher\":{\"@id\":\"https:\\\/\\\/www.contem.es\\\/es\\\/#organization\"},\"image\":{\"@id\":\"https:\\\/\\\/www.contem.es\\\/es\\\/nuevo-regimen-de-extranjeria\\\/#primaryimage\"},\"thumbnailUrl\":\"https:\\\/\\\/www.contem.es\\\/wp-content\\\/uploads\\\/2024\\\/12\\\/shutterstock2490743203-bcSize-650x118-1.jpg\",\"articleSection\":[\"Administratiu\"],\"inLanguage\":\"es\"},{\"@type\":\"WebPage\",\"@id\":\"https:\\\/\\\/www.contem.es\\\/es\\\/nuevo-regimen-de-extranjeria\\\/\",\"url\":\"https:\\\/\\\/www.contem.es\\\/es\\\/nuevo-regimen-de-extranjeria\\\/\",\"name\":\"Nuevo r\u00e9gimen de extranjer\u00eda | Contem Assessors\",\"isPartOf\":{\"@id\":\"https:\\\/\\\/www.contem.es\\\/es\\\/#website\"},\"primaryImageOfPage\":{\"@id\":\"https:\\\/\\\/www.contem.es\\\/es\\\/nuevo-regimen-de-extranjeria\\\/#primaryimage\"},\"image\":{\"@id\":\"https:\\\/\\\/www.contem.es\\\/es\\\/nuevo-regimen-de-extranjeria\\\/#primaryimage\"},\"thumbnailUrl\":\"https:\\\/\\\/www.contem.es\\\/wp-content\\\/uploads\\\/2024\\\/12\\\/shutterstock2490743203-bcSize-650x118-1.jpg\",\"datePublished\":\"2024-12-26T00:00:00+00:00\",\"breadcrumb\":{\"@id\":\"https:\\\/\\\/www.contem.es\\\/es\\\/nuevo-regimen-de-extranjeria\\\/#breadcrumb\"},\"inLanguage\":\"es\",\"potentialAction\":[{\"@type\":\"ReadAction\",\"target\":[\"https:\\\/\\\/www.contem.es\\\/es\\\/nuevo-regimen-de-extranjeria\\\/\"]}]},{\"@type\":\"ImageObject\",\"inLanguage\":\"es\",\"@id\":\"https:\\\/\\\/www.contem.es\\\/es\\\/nuevo-regimen-de-extranjeria\\\/#primaryimage\",\"url\":\"https:\\\/\\\/www.contem.es\\\/wp-content\\\/uploads\\\/2024\\\/12\\\/shutterstock2490743203-bcSize-650x118-1.jpg\",\"contentUrl\":\"https:\\\/\\\/www.contem.es\\\/wp-content\\\/uploads\\\/2024\\\/12\\\/shutterstock2490743203-bcSize-650x118-1.jpg\",\"width\":650,\"height\":118},{\"@type\":\"BreadcrumbList\",\"@id\":\"https:\\\/\\\/www.contem.es\\\/es\\\/nuevo-regimen-de-extranjeria\\\/#breadcrumb\",\"itemListElement\":[{\"@type\":\"ListItem\",\"position\":1,\"name\":\"Inici\",\"item\":\"https:\\\/\\\/www.contem.es\\\/es\\\/\"},{\"@type\":\"ListItem\",\"position\":2,\"name\":\"Nuevo r\u00e9gimen de extranjer\u00eda\"}]},{\"@type\":\"WebSite\",\"@id\":\"https:\\\/\\\/www.contem.es\\\/es\\\/#website\",\"url\":\"https:\\\/\\\/www.contem.es\\\/es\\\/\",\"name\":\"Contem Assessors\",\"description\":\"Fiscal, comptable , laboral , jur\u00eddic , econ\u00f2mic i assegurances\",\"publisher\":{\"@id\":\"https:\\\/\\\/www.contem.es\\\/es\\\/#organization\"},\"potentialAction\":[{\"@type\":\"SearchAction\",\"target\":{\"@type\":\"EntryPoint\",\"urlTemplate\":\"https:\\\/\\\/www.contem.es\\\/es\\\/?s={search_term_string}\"},\"query-input\":{\"@type\":\"PropertyValueSpecification\",\"valueRequired\":true,\"valueName\":\"search_term_string\"}}],\"inLanguage\":\"es\"},{\"@type\":\"Organization\",\"@id\":\"https:\\\/\\\/www.contem.es\\\/es\\\/#organization\",\"name\":\"Contem Assessors\",\"url\":\"https:\\\/\\\/www.contem.es\\\/es\\\/\",\"logo\":{\"@type\":\"ImageObject\",\"inLanguage\":\"es\",\"@id\":\"https:\\\/\\\/www.contem.es\\\/es\\\/#\\\/schema\\\/logo\\\/image\\\/\",\"url\":\"https:\\\/\\\/www.contem.es\\\/wp-content\\\/uploads\\\/2016\\\/06\\\/touch-icon-contem.png\",\"contentUrl\":\"https:\\\/\\\/www.contem.es\\\/wp-content\\\/uploads\\\/2016\\\/06\\\/touch-icon-contem.png\",\"width\":120,\"height\":120,\"caption\":\"Contem Assessors\"},\"image\":{\"@id\":\"https:\\\/\\\/www.contem.es\\\/es\\\/#\\\/schema\\\/logo\\\/image\\\/\"},\"sameAs\":[\"https:\\\/\\\/x.com\\\/contemassessors\",\"https:\\\/\\\/www.linkedin.com\\\/company\\\/contem-assessors\"]},{\"@type\":\"Person\",\"@id\":\"https:\\\/\\\/www.contem.es\\\/es\\\/#\\\/schema\\\/person\\\/c1284c1e1887128f110dc4a88f6137ae\",\"name\":\"rss\",\"image\":{\"@type\":\"ImageObject\",\"inLanguage\":\"es\",\"@id\":\"https:\\\/\\\/secure.gravatar.com\\\/avatar\\\/ab3bd31bf66b0e143141b04dbe6aa5f58290e800756006b9aef442f9b1e697cb?s=96&d=mm&r=g\",\"url\":\"https:\\\/\\\/secure.gravatar.com\\\/avatar\\\/ab3bd31bf66b0e143141b04dbe6aa5f58290e800756006b9aef442f9b1e697cb?s=96&d=mm&r=g\",\"contentUrl\":\"https:\\\/\\\/secure.gravatar.com\\\/avatar\\\/ab3bd31bf66b0e143141b04dbe6aa5f58290e800756006b9aef442f9b1e697cb?s=96&d=mm&r=g\",\"caption\":\"rss\"},\"url\":\"https:\\\/\\\/www.contem.es\\\/es\\\/author\\\/rss\\\/\"}]}<\/script>\n<!-- \/ Yoast SEO plugin. -->","yoast_head_json":{"title":"Nuevo r\u00e9gimen de extranjer\u00eda | Contem Assessors","robots":{"index":"index","follow":"follow","max-snippet":"max-snippet:-1","max-image-preview":"max-image-preview:large","max-video-preview":"max-video-preview:-1"},"canonical":"https:\/\/www.contem.es\/es\/nuevo-regimen-de-extranjeria\/","og_locale":"es_ES","og_type":"article","og_title":"Nuevo r\u00e9gimen de extranjer\u00eda | Contem Assessors","og_description":"El nuevo reglamento de extranjer&iacute;a, vigente a partir del 20-5-2025, recoge las condiciones de entrada y salida de los extranjeros en territorio espa&ntilde;ol introduciendo las siguientes novedades (RD 1155\/2024 art.4 a 24): 1. Se exige que los pasaportes y los documentos de viaje sigan siendo v&aacute;lidos como m&iacute;nimo 3 meses despu&eacute;s de la fecha de [&hellip;]","og_url":"https:\/\/www.contem.es\/es\/nuevo-regimen-de-extranjeria\/","og_site_name":"Contem Assessors","article_published_time":"2024-12-26T00:00:00+00:00","og_image":[{"url":"https:\/\/www.contem.es\/wp-content\/uploads\/2016\/06\/touch-icon-contem.png","type":"","width":"","height":""}],"author":"rss","twitter_card":"summary_large_image","twitter_creator":"@contemassessors","twitter_site":"@contemassessors","twitter_misc":{"Escrito por":"rss","Tiempo de lectura":"2 minutos"},"schema":{"@context":"https:\/\/schema.org","@graph":[{"@type":"Article","@id":"https:\/\/www.contem.es\/es\/nuevo-regimen-de-extranjeria\/#article","isPartOf":{"@id":"https:\/\/www.contem.es\/es\/nuevo-regimen-de-extranjeria\/"},"author":{"name":"rss","@id":"https:\/\/www.contem.es\/es\/#\/schema\/person\/c1284c1e1887128f110dc4a88f6137ae"},"headline":"Nuevo r\u00e9gimen de extranjer\u00eda","datePublished":"2024-12-26T00:00:00+00:00","mainEntityOfPage":{"@id":"https:\/\/www.contem.es\/es\/nuevo-regimen-de-extranjeria\/"},"wordCount":404,"publisher":{"@id":"https:\/\/www.contem.es\/es\/#organization"},"image":{"@id":"https:\/\/www.contem.es\/es\/nuevo-regimen-de-extranjeria\/#primaryimage"},"thumbnailUrl":"https:\/\/www.contem.es\/wp-content\/uploads\/2024\/12\/shutterstock2490743203-bcSize-650x118-1.jpg","articleSection":["Administratiu"],"inLanguage":"es"},{"@type":"WebPage","@id":"https:\/\/www.contem.es\/es\/nuevo-regimen-de-extranjeria\/","url":"https:\/\/www.contem.es\/es\/nuevo-regimen-de-extranjeria\/","name":"Nuevo r\u00e9gimen de extranjer\u00eda | Contem Assessors","isPartOf":{"@id":"https:\/\/www.contem.es\/es\/#website"},"primaryImageOfPage":{"@id":"https:\/\/www.contem.es\/es\/nuevo-regimen-de-extranjeria\/#primaryimage"},"image":{"@id":"https:\/\/www.contem.es\/es\/nuevo-regimen-de-extranjeria\/#primaryimage"},"thumbnailUrl":"https:\/\/www.contem.es\/wp-content\/uploads\/2024\/12\/shutterstock2490743203-bcSize-650x118-1.jpg","datePublished":"2024-12-26T00:00:00+00:00","breadcrumb":{"@id":"https:\/\/www.contem.es\/es\/nuevo-regimen-de-extranjeria\/#breadcrumb"},"inLanguage":"es","potentialAction":[{"@type":"ReadAction","target":["https:\/\/www.contem.es\/es\/nuevo-regimen-de-extranjeria\/"]}]},{"@type":"ImageObject","inLanguage":"es","@id":"https:\/\/www.contem.es\/es\/nuevo-regimen-de-extranjeria\/#primaryimage","url":"https:\/\/www.contem.es\/wp-content\/uploads\/2024\/12\/shutterstock2490743203-bcSize-650x118-1.jpg","contentUrl":"https:\/\/www.contem.es\/wp-content\/uploads\/2024\/12\/shutterstock2490743203-bcSize-650x118-1.jpg","width":650,"height":118},{"@type":"BreadcrumbList","@id":"https:\/\/www.contem.es\/es\/nuevo-regimen-de-extranjeria\/#breadcrumb","itemListElement":[{"@type":"ListItem","position":1,"name":"Inici","item":"https:\/\/www.contem.es\/es\/"},{"@type":"ListItem","position":2,"name":"Nuevo r\u00e9gimen de extranjer\u00eda"}]},{"@type":"WebSite","@id":"https:\/\/www.contem.es\/es\/#website","url":"https:\/\/www.contem.es\/es\/","name":"Contem Assessors","description":"Fiscal, comptable , laboral , jur\u00eddic , econ\u00f2mic i assegurances","publisher":{"@id":"https:\/\/www.contem.es\/es\/#organization"},"potentialAction":[{"@type":"SearchAction","target":{"@type":"EntryPoint","urlTemplate":"https:\/\/www.contem.es\/es\/?s={search_term_string}"},"query-input":{"@type":"PropertyValueSpecification","valueRequired":true,"valueName":"search_term_string"}}],"inLanguage":"es"},{"@type":"Organization","@id":"https:\/\/www.contem.es\/es\/#organization","name":"Contem Assessors","url":"https:\/\/www.contem.es\/es\/","logo":{"@type":"ImageObject","inLanguage":"es","@id":"https:\/\/www.contem.es\/es\/#\/schema\/logo\/image\/","url":"https:\/\/www.contem.es\/wp-content\/uploads\/2016\/06\/touch-icon-contem.png","contentUrl":"https:\/\/www.contem.es\/wp-content\/uploads\/2016\/06\/touch-icon-contem.png","width":120,"height":120,"caption":"Contem Assessors"},"image":{"@id":"https:\/\/www.contem.es\/es\/#\/schema\/logo\/image\/"},"sameAs":["https:\/\/x.com\/contemassessors","https:\/\/www.linkedin.com\/company\/contem-assessors"]},{"@type":"Person","@id":"https:\/\/www.contem.es\/es\/#\/schema\/person\/c1284c1e1887128f110dc4a88f6137ae","name":"rss","image":{"@type":"ImageObject","inLanguage":"es","@id":"https:\/\/secure.gravatar.com\/avatar\/ab3bd31bf66b0e143141b04dbe6aa5f58290e800756006b9aef442f9b1e697cb?s=96&d=mm&r=g","url":"https:\/\/secure.gravatar.com\/avatar\/ab3bd31bf66b0e143141b04dbe6aa5f58290e800756006b9aef442f9b1e697cb?s=96&d=mm&r=g","contentUrl":"https:\/\/secure.gravatar.com\/avatar\/ab3bd31bf66b0e143141b04dbe6aa5f58290e800756006b9aef442f9b1e697cb?s=96&d=mm&r=g","caption":"rss"},"url":"https:\/\/www.contem.es\/es\/author\/rss\/"}]}},"_links":{"self":[{"href":"https:\/\/www.contem.es\/es\/wp-json\/wp\/v2\/posts\/5579","targetHints":{"allow":["GET"]}}],"collection":[{"href":"https:\/\/www.contem.es\/es\/wp-json\/wp\/v2\/posts"}],"about":[{"href":"https:\/\/www.contem.es\/es\/wp-json\/wp\/v2\/types\/post"}],"author":[{"embeddable":true,"href":"https:\/\/www.contem.es\/es\/wp-json\/wp\/v2\/users\/7"}],"replies":[{"embeddable":true,"href":"https:\/\/www.contem.es\/es\/wp-json\/wp\/v2\/comments?post=5579"}],"version-history":[{"count":0,"href":"https:\/\/www.contem.es\/es\/wp-json\/wp\/v2\/posts\/5579\/revisions"}],"wp:featuredmedia":[{"embeddable":true,"href":"https:\/\/www.contem.es\/es\/wp-json\/wp\/v2\/media\/5580"}],"wp:attachment":[{"href":"https:\/\/www.contem.es\/es\/wp-json\/wp\/v2\/media?parent=5579"}],"wp:term":[{"taxonomy":"category","embeddable":true,"href":"https:\/\/www.contem.es\/es\/wp-json\/wp\/v2\/categories?post=5579"},{"taxonomy":"post_tag","embeddable":true,"href":"https:\/\/www.contem.es\/es\/wp-json\/wp\/v2\/tags?post=5579"}],"curies":[{"name":"wp","href":"https:\/\/api.w.org\/{rel}","templated":true}]}}