{"id":5464,"date":"2024-11-26T00:00:00","date_gmt":"2024-11-26T00:00:00","guid":{"rendered":"https:\/\/www.contem.es\/socio-descontento-y-junta-delicada\/"},"modified":"2024-11-26T00:00:00","modified_gmt":"2024-11-26T00:00:00","slug":"socio-descontento-y-junta-delicada","status":"publish","type":"post","link":"https:\/\/www.contem.es\/es\/socio-descontento-y-junta-delicada\/","title":{"rendered":"Socio descontento y junta delicada"},"content":{"rendered":"<p>Los administradores sociales deben actuar en todo momento con la <i>m\u00e1xima diligencia y rigor,<\/i> pero cuando existen desavenencias entre los socios, su actuaci\u00f3n debe ser intachable. En estos casos es habitual que el socio en discordia aproveche <i>cualquier oportunidad para reclamar o impugnar acuerdos<\/i>. Evite cualquier responsabilidad como administrador extremando las precauciones.<\/p>\n<p>Recuerde que la convocatoria debe hacerse con una <i>antelaci\u00f3n m\u00ednima de 15\u00a0d\u00edas<\/i> (un mes en el caso de las SA) y debe tener un contenido m\u00ednimo fijado por ley. Adem\u00e1s, es obligatorio <i>incluir ciertas menciones en la convocatoria<\/i> en funci\u00f3n del <i>objeto de la reuni\u00f3n<\/i>:<\/p>\n<ul>\n<li>En las juntas de aprobaci\u00f3n de cuentas anuales, se deber\u00e1 incluir una menci\u00f3n expresa al derecho de todos los socios a obtener de la sociedad, de forma inmediata y gratuita, los documentos que van a ser sometidos a aprobaci\u00f3n, as\u00ed como el informe de gesti\u00f3n y, en su caso, el informe de los auditores.<\/li>\n<\/ul>\n<ul>\n<li>En las juntas cuyo objeto sea la modificaci\u00f3n de los estatutos, tambi\u00e9n deber\u00e1 expresarse con claridad los extremos a cambiar y el derecho de los socios a examinar el texto \u00edntegro de la modificaci\u00f3n.<\/li>\n<\/ul>\n<p>Asimismo, durante el plazo que medie entre la convocatoria y la junta, el administrador deber\u00e1 poder satisfacer el derecho de informaci\u00f3n de los socios con los documentos que podr\u00edan requerirle. Cuando se trate de una junta de aprobaci\u00f3n de cuentas, los socios que representen al menos un 5% del capital social tienen derecho a examinar en el domicilio social \u2013por s\u00ed solos o acompa\u00f1ados de un experto contable\u2013 la documentaci\u00f3n que sirva de soporte a las cuentas, salvo que los estatutos establezcan otra cosa.<\/p>\n<p>\u00a0<\/p>\n<p> Nuestros asesores le informar\u00e1n de c\u00f3mo actuar antes, durante y despu\u00e9s de la celebraci\u00f3n de juntas tanto si es administrador como si es socio, le informar\u00e1n de sus obligaciones y responsabilidades y velar\u00e1n por salvaguardar sus derechos.<\/p>\n","protected":false},"excerpt":{"rendered":"<p>Los administradores sociales deben actuar en todo momento con la m&aacute;xima diligencia y rigor, pero cuando existen desavenencias entre los socios, su actuaci&oacute;n debe ser intachable. En estos casos es habitual que el socio en discordia aproveche cualquier oportunidad para reclamar o impugnar acuerdos. Evite cualquier responsabilidad como administrador extremando las precauciones. Recuerde que la [&hellip;]<\/p>\n","protected":false},"author":7,"featured_media":5465,"comment_status":"closed","ping_status":"closed","sticky":false,"template":"","format":"standard","meta":{"footnotes":""},"categories":[93],"tags":[],"class_list":["post-5464","post","type-post","status-publish","format-standard","has-post-thumbnail","hentry","category-mercantil"],"yoast_head":"<!-- This site is optimized with the Yoast SEO plugin v27.4 - https:\/\/yoast.com\/product\/yoast-seo-wordpress\/ -->\n<title>Socio descontento y junta delicada | Contem Assessors<\/title>\n<meta name=\"robots\" content=\"index, follow, max-snippet:-1, max-image-preview:large, max-video-preview:-1\" \/>\n<link rel=\"canonical\" href=\"https:\/\/www.contem.es\/es\/socio-descontento-y-junta-delicada\/\" \/>\n<meta property=\"og:locale\" content=\"es_ES\" \/>\n<meta property=\"og:type\" content=\"article\" \/>\n<meta property=\"og:title\" content=\"Socio descontento y junta delicada | Contem Assessors\" \/>\n<meta property=\"og:description\" content=\"Los administradores sociales deben actuar en todo momento con la m&aacute;xima diligencia y rigor, pero cuando existen desavenencias entre los socios, su actuaci&oacute;n debe ser intachable. En estos casos es habitual que el socio en discordia aproveche cualquier oportunidad para reclamar o impugnar acuerdos. Evite cualquier responsabilidad como administrador extremando las precauciones. Recuerde que la [&hellip;]\" \/>\n<meta property=\"og:url\" content=\"https:\/\/www.contem.es\/es\/socio-descontento-y-junta-delicada\/\" \/>\n<meta property=\"og:site_name\" content=\"Contem Assessors\" \/>\n<meta property=\"article:published_time\" content=\"2024-11-26T00:00:00+00:00\" \/>\n<meta property=\"og:image\" content=\"https:\/\/www.contem.es\/wp-content\/uploads\/2016\/06\/touch-icon-contem.png\" \/>\n<meta name=\"author\" content=\"rss\" \/>\n<meta name=\"twitter:card\" content=\"summary_large_image\" \/>\n<meta name=\"twitter:creator\" content=\"@contemassessors\" \/>\n<meta name=\"twitter:site\" content=\"@contemassessors\" \/>\n<meta name=\"twitter:label1\" content=\"Escrito por\" \/>\n\t<meta name=\"twitter:data1\" content=\"rss\" \/>\n\t<meta name=\"twitter:label2\" content=\"Tiempo de lectura\" \/>\n\t<meta name=\"twitter:data2\" content=\"2 minutos\" \/>\n<script type=\"application\/ld+json\" class=\"yoast-schema-graph\">{\"@context\":\"https:\\\/\\\/schema.org\",\"@graph\":[{\"@type\":\"Article\",\"@id\":\"https:\\\/\\\/www.contem.es\\\/es\\\/socio-descontento-y-junta-delicada\\\/#article\",\"isPartOf\":{\"@id\":\"https:\\\/\\\/www.contem.es\\\/es\\\/socio-descontento-y-junta-delicada\\\/\"},\"author\":{\"name\":\"rss\",\"@id\":\"https:\\\/\\\/www.contem.es\\\/es\\\/#\\\/schema\\\/person\\\/c1284c1e1887128f110dc4a88f6137ae\"},\"headline\":\"Socio descontento y junta delicada\",\"datePublished\":\"2024-11-26T00:00:00+00:00\",\"mainEntityOfPage\":{\"@id\":\"https:\\\/\\\/www.contem.es\\\/es\\\/socio-descontento-y-junta-delicada\\\/\"},\"wordCount\":337,\"publisher\":{\"@id\":\"https:\\\/\\\/www.contem.es\\\/es\\\/#organization\"},\"image\":{\"@id\":\"https:\\\/\\\/www.contem.es\\\/es\\\/socio-descontento-y-junta-delicada\\\/#primaryimage\"},\"thumbnailUrl\":\"https:\\\/\\\/www.contem.es\\\/wp-content\\\/uploads\\\/2024\\\/11\\\/shutterstock2085763120-bcSize-650x118-2.jpg\",\"articleSection\":[\"Mercantil\"],\"inLanguage\":\"es\"},{\"@type\":\"WebPage\",\"@id\":\"https:\\\/\\\/www.contem.es\\\/es\\\/socio-descontento-y-junta-delicada\\\/\",\"url\":\"https:\\\/\\\/www.contem.es\\\/es\\\/socio-descontento-y-junta-delicada\\\/\",\"name\":\"Socio descontento y junta delicada | Contem Assessors\",\"isPartOf\":{\"@id\":\"https:\\\/\\\/www.contem.es\\\/es\\\/#website\"},\"primaryImageOfPage\":{\"@id\":\"https:\\\/\\\/www.contem.es\\\/es\\\/socio-descontento-y-junta-delicada\\\/#primaryimage\"},\"image\":{\"@id\":\"https:\\\/\\\/www.contem.es\\\/es\\\/socio-descontento-y-junta-delicada\\\/#primaryimage\"},\"thumbnailUrl\":\"https:\\\/\\\/www.contem.es\\\/wp-content\\\/uploads\\\/2024\\\/11\\\/shutterstock2085763120-bcSize-650x118-2.jpg\",\"datePublished\":\"2024-11-26T00:00:00+00:00\",\"breadcrumb\":{\"@id\":\"https:\\\/\\\/www.contem.es\\\/es\\\/socio-descontento-y-junta-delicada\\\/#breadcrumb\"},\"inLanguage\":\"es\",\"potentialAction\":[{\"@type\":\"ReadAction\",\"target\":[\"https:\\\/\\\/www.contem.es\\\/es\\\/socio-descontento-y-junta-delicada\\\/\"]}]},{\"@type\":\"ImageObject\",\"inLanguage\":\"es\",\"@id\":\"https:\\\/\\\/www.contem.es\\\/es\\\/socio-descontento-y-junta-delicada\\\/#primaryimage\",\"url\":\"https:\\\/\\\/www.contem.es\\\/wp-content\\\/uploads\\\/2024\\\/11\\\/shutterstock2085763120-bcSize-650x118-2.jpg\",\"contentUrl\":\"https:\\\/\\\/www.contem.es\\\/wp-content\\\/uploads\\\/2024\\\/11\\\/shutterstock2085763120-bcSize-650x118-2.jpg\",\"width\":650,\"height\":118},{\"@type\":\"BreadcrumbList\",\"@id\":\"https:\\\/\\\/www.contem.es\\\/es\\\/socio-descontento-y-junta-delicada\\\/#breadcrumb\",\"itemListElement\":[{\"@type\":\"ListItem\",\"position\":1,\"name\":\"Inici\",\"item\":\"https:\\\/\\\/www.contem.es\\\/es\\\/\"},{\"@type\":\"ListItem\",\"position\":2,\"name\":\"Socio descontento y junta delicada\"}]},{\"@type\":\"WebSite\",\"@id\":\"https:\\\/\\\/www.contem.es\\\/es\\\/#website\",\"url\":\"https:\\\/\\\/www.contem.es\\\/es\\\/\",\"name\":\"Contem Assessors\",\"description\":\"Fiscal, comptable , laboral , jur\u00eddic , econ\u00f2mic i assegurances\",\"publisher\":{\"@id\":\"https:\\\/\\\/www.contem.es\\\/es\\\/#organization\"},\"potentialAction\":[{\"@type\":\"SearchAction\",\"target\":{\"@type\":\"EntryPoint\",\"urlTemplate\":\"https:\\\/\\\/www.contem.es\\\/es\\\/?s={search_term_string}\"},\"query-input\":{\"@type\":\"PropertyValueSpecification\",\"valueRequired\":true,\"valueName\":\"search_term_string\"}}],\"inLanguage\":\"es\"},{\"@type\":\"Organization\",\"@id\":\"https:\\\/\\\/www.contem.es\\\/es\\\/#organization\",\"name\":\"Contem Assessors\",\"url\":\"https:\\\/\\\/www.contem.es\\\/es\\\/\",\"logo\":{\"@type\":\"ImageObject\",\"inLanguage\":\"es\",\"@id\":\"https:\\\/\\\/www.contem.es\\\/es\\\/#\\\/schema\\\/logo\\\/image\\\/\",\"url\":\"https:\\\/\\\/www.contem.es\\\/wp-content\\\/uploads\\\/2016\\\/06\\\/touch-icon-contem.png\",\"contentUrl\":\"https:\\\/\\\/www.contem.es\\\/wp-content\\\/uploads\\\/2016\\\/06\\\/touch-icon-contem.png\",\"width\":120,\"height\":120,\"caption\":\"Contem Assessors\"},\"image\":{\"@id\":\"https:\\\/\\\/www.contem.es\\\/es\\\/#\\\/schema\\\/logo\\\/image\\\/\"},\"sameAs\":[\"https:\\\/\\\/x.com\\\/contemassessors\",\"https:\\\/\\\/www.linkedin.com\\\/company\\\/contem-assessors\"]},{\"@type\":\"Person\",\"@id\":\"https:\\\/\\\/www.contem.es\\\/es\\\/#\\\/schema\\\/person\\\/c1284c1e1887128f110dc4a88f6137ae\",\"name\":\"rss\",\"image\":{\"@type\":\"ImageObject\",\"inLanguage\":\"es\",\"@id\":\"https:\\\/\\\/secure.gravatar.com\\\/avatar\\\/ab3bd31bf66b0e143141b04dbe6aa5f58290e800756006b9aef442f9b1e697cb?s=96&d=mm&r=g\",\"url\":\"https:\\\/\\\/secure.gravatar.com\\\/avatar\\\/ab3bd31bf66b0e143141b04dbe6aa5f58290e800756006b9aef442f9b1e697cb?s=96&d=mm&r=g\",\"contentUrl\":\"https:\\\/\\\/secure.gravatar.com\\\/avatar\\\/ab3bd31bf66b0e143141b04dbe6aa5f58290e800756006b9aef442f9b1e697cb?s=96&d=mm&r=g\",\"caption\":\"rss\"},\"url\":\"https:\\\/\\\/www.contem.es\\\/es\\\/author\\\/rss\\\/\"}]}<\/script>\n<!-- \/ Yoast SEO plugin. -->","yoast_head_json":{"title":"Socio descontento y junta delicada | Contem Assessors","robots":{"index":"index","follow":"follow","max-snippet":"max-snippet:-1","max-image-preview":"max-image-preview:large","max-video-preview":"max-video-preview:-1"},"canonical":"https:\/\/www.contem.es\/es\/socio-descontento-y-junta-delicada\/","og_locale":"es_ES","og_type":"article","og_title":"Socio descontento y junta delicada | Contem Assessors","og_description":"Los administradores sociales deben actuar en todo momento con la m&aacute;xima diligencia y rigor, pero cuando existen desavenencias entre los socios, su actuaci&oacute;n debe ser intachable. En estos casos es habitual que el socio en discordia aproveche cualquier oportunidad para reclamar o impugnar acuerdos. Evite cualquier responsabilidad como administrador extremando las precauciones. Recuerde que la [&hellip;]","og_url":"https:\/\/www.contem.es\/es\/socio-descontento-y-junta-delicada\/","og_site_name":"Contem Assessors","article_published_time":"2024-11-26T00:00:00+00:00","og_image":[{"url":"https:\/\/www.contem.es\/wp-content\/uploads\/2016\/06\/touch-icon-contem.png","type":"","width":"","height":""}],"author":"rss","twitter_card":"summary_large_image","twitter_creator":"@contemassessors","twitter_site":"@contemassessors","twitter_misc":{"Escrito por":"rss","Tiempo de lectura":"2 minutos"},"schema":{"@context":"https:\/\/schema.org","@graph":[{"@type":"Article","@id":"https:\/\/www.contem.es\/es\/socio-descontento-y-junta-delicada\/#article","isPartOf":{"@id":"https:\/\/www.contem.es\/es\/socio-descontento-y-junta-delicada\/"},"author":{"name":"rss","@id":"https:\/\/www.contem.es\/es\/#\/schema\/person\/c1284c1e1887128f110dc4a88f6137ae"},"headline":"Socio descontento y junta delicada","datePublished":"2024-11-26T00:00:00+00:00","mainEntityOfPage":{"@id":"https:\/\/www.contem.es\/es\/socio-descontento-y-junta-delicada\/"},"wordCount":337,"publisher":{"@id":"https:\/\/www.contem.es\/es\/#organization"},"image":{"@id":"https:\/\/www.contem.es\/es\/socio-descontento-y-junta-delicada\/#primaryimage"},"thumbnailUrl":"https:\/\/www.contem.es\/wp-content\/uploads\/2024\/11\/shutterstock2085763120-bcSize-650x118-2.jpg","articleSection":["Mercantil"],"inLanguage":"es"},{"@type":"WebPage","@id":"https:\/\/www.contem.es\/es\/socio-descontento-y-junta-delicada\/","url":"https:\/\/www.contem.es\/es\/socio-descontento-y-junta-delicada\/","name":"Socio descontento y junta delicada | Contem Assessors","isPartOf":{"@id":"https:\/\/www.contem.es\/es\/#website"},"primaryImageOfPage":{"@id":"https:\/\/www.contem.es\/es\/socio-descontento-y-junta-delicada\/#primaryimage"},"image":{"@id":"https:\/\/www.contem.es\/es\/socio-descontento-y-junta-delicada\/#primaryimage"},"thumbnailUrl":"https:\/\/www.contem.es\/wp-content\/uploads\/2024\/11\/shutterstock2085763120-bcSize-650x118-2.jpg","datePublished":"2024-11-26T00:00:00+00:00","breadcrumb":{"@id":"https:\/\/www.contem.es\/es\/socio-descontento-y-junta-delicada\/#breadcrumb"},"inLanguage":"es","potentialAction":[{"@type":"ReadAction","target":["https:\/\/www.contem.es\/es\/socio-descontento-y-junta-delicada\/"]}]},{"@type":"ImageObject","inLanguage":"es","@id":"https:\/\/www.contem.es\/es\/socio-descontento-y-junta-delicada\/#primaryimage","url":"https:\/\/www.contem.es\/wp-content\/uploads\/2024\/11\/shutterstock2085763120-bcSize-650x118-2.jpg","contentUrl":"https:\/\/www.contem.es\/wp-content\/uploads\/2024\/11\/shutterstock2085763120-bcSize-650x118-2.jpg","width":650,"height":118},{"@type":"BreadcrumbList","@id":"https:\/\/www.contem.es\/es\/socio-descontento-y-junta-delicada\/#breadcrumb","itemListElement":[{"@type":"ListItem","position":1,"name":"Inici","item":"https:\/\/www.contem.es\/es\/"},{"@type":"ListItem","position":2,"name":"Socio descontento y junta delicada"}]},{"@type":"WebSite","@id":"https:\/\/www.contem.es\/es\/#website","url":"https:\/\/www.contem.es\/es\/","name":"Contem Assessors","description":"Fiscal, comptable , laboral , jur\u00eddic , econ\u00f2mic i assegurances","publisher":{"@id":"https:\/\/www.contem.es\/es\/#organization"},"potentialAction":[{"@type":"SearchAction","target":{"@type":"EntryPoint","urlTemplate":"https:\/\/www.contem.es\/es\/?s={search_term_string}"},"query-input":{"@type":"PropertyValueSpecification","valueRequired":true,"valueName":"search_term_string"}}],"inLanguage":"es"},{"@type":"Organization","@id":"https:\/\/www.contem.es\/es\/#organization","name":"Contem Assessors","url":"https:\/\/www.contem.es\/es\/","logo":{"@type":"ImageObject","inLanguage":"es","@id":"https:\/\/www.contem.es\/es\/#\/schema\/logo\/image\/","url":"https:\/\/www.contem.es\/wp-content\/uploads\/2016\/06\/touch-icon-contem.png","contentUrl":"https:\/\/www.contem.es\/wp-content\/uploads\/2016\/06\/touch-icon-contem.png","width":120,"height":120,"caption":"Contem Assessors"},"image":{"@id":"https:\/\/www.contem.es\/es\/#\/schema\/logo\/image\/"},"sameAs":["https:\/\/x.com\/contemassessors","https:\/\/www.linkedin.com\/company\/contem-assessors"]},{"@type":"Person","@id":"https:\/\/www.contem.es\/es\/#\/schema\/person\/c1284c1e1887128f110dc4a88f6137ae","name":"rss","image":{"@type":"ImageObject","inLanguage":"es","@id":"https:\/\/secure.gravatar.com\/avatar\/ab3bd31bf66b0e143141b04dbe6aa5f58290e800756006b9aef442f9b1e697cb?s=96&d=mm&r=g","url":"https:\/\/secure.gravatar.com\/avatar\/ab3bd31bf66b0e143141b04dbe6aa5f58290e800756006b9aef442f9b1e697cb?s=96&d=mm&r=g","contentUrl":"https:\/\/secure.gravatar.com\/avatar\/ab3bd31bf66b0e143141b04dbe6aa5f58290e800756006b9aef442f9b1e697cb?s=96&d=mm&r=g","caption":"rss"},"url":"https:\/\/www.contem.es\/es\/author\/rss\/"}]}},"_links":{"self":[{"href":"https:\/\/www.contem.es\/es\/wp-json\/wp\/v2\/posts\/5464","targetHints":{"allow":["GET"]}}],"collection":[{"href":"https:\/\/www.contem.es\/es\/wp-json\/wp\/v2\/posts"}],"about":[{"href":"https:\/\/www.contem.es\/es\/wp-json\/wp\/v2\/types\/post"}],"author":[{"embeddable":true,"href":"https:\/\/www.contem.es\/es\/wp-json\/wp\/v2\/users\/7"}],"replies":[{"embeddable":true,"href":"https:\/\/www.contem.es\/es\/wp-json\/wp\/v2\/comments?post=5464"}],"version-history":[{"count":0,"href":"https:\/\/www.contem.es\/es\/wp-json\/wp\/v2\/posts\/5464\/revisions"}],"wp:featuredmedia":[{"embeddable":true,"href":"https:\/\/www.contem.es\/es\/wp-json\/wp\/v2\/media\/5465"}],"wp:attachment":[{"href":"https:\/\/www.contem.es\/es\/wp-json\/wp\/v2\/media?parent=5464"}],"wp:term":[{"taxonomy":"category","embeddable":true,"href":"https:\/\/www.contem.es\/es\/wp-json\/wp\/v2\/categories?post=5464"},{"taxonomy":"post_tag","embeddable":true,"href":"https:\/\/www.contem.es\/es\/wp-json\/wp\/v2\/tags?post=5464"}],"curies":[{"name":"wp","href":"https:\/\/api.w.org\/{rel}","templated":true}]}}