{"id":5356,"date":"2024-11-07T00:00:00","date_gmt":"2024-11-07T00:00:00","guid":{"rendered":"https:\/\/www.contem.es\/consorcio-de-compensacion-de-seguros\/"},"modified":"2024-11-07T00:00:00","modified_gmt":"2024-11-07T00:00:00","slug":"consorcio-de-compensacion-de-seguros","status":"publish","type":"post","link":"https:\/\/www.contem.es\/es\/consorcio-de-compensacion-de-seguros\/","title":{"rendered":"Consorcio de Compensaci\u00f3n de Seguros"},"content":{"rendered":"<p>Salvo pacto en contrario, las compa\u00f1\u00edas aseguradoras <b>no cubren <\/b>los da\u00f1os por hechos derivados de:<\/p>\n<p>&#8211; conflictos armados -haya precedido o no declaraci\u00f3n oficial de guerra-;<\/p>\n<p>&#8211; riesgos extraordinarios sobre las personas y los bienes.<\/p>\n<p>En caso de que el asegurador cubra este tipo de da\u00f1os, cobrar\u00e1 la correspondiente <b>sobreprima<\/b>.<\/p>\n<p>Es el Consorcio de Compensaci\u00f3n de Seguros quien asegura los riesgos extraordinarios, al mismo tiempo que desempe\u00f1a las tareas de <b>fondo nacional de garant\u00eda de riesgos<\/b> de la circulaci\u00f3n, del cazador y del seguro obligatorio de viajeros.<\/p>\n<p>El Consorcio de Compensaci\u00f3n de Seguros es un <b>ente de derecho p\u00fablico<\/b>, adscrito al Ministerio de Econom\u00eda, Comercio y Empresa a trav\u00e9s de la Direcci\u00f3n General de Seguros y Fondos de Pensiones. Est\u00e1 dotado de patrimonio propio y tiene plena capacidad de obrar. Cumple con <b>distintas funciones<\/b> para complementar al sector asegurador espa\u00f1ol, aumentar su estabilidad y proteger a los asegurados.<\/p>\n<p>Interviene en <b>supuestos<\/b> de:<\/p>\n<p>&#8211; insolvencia de las entidades aseguradoras, o<\/p>\n<p>&#8211; ausencia de aseguramiento obligatorio por parte de los tomadores de seguros obligados.<\/p>\n<p>En el \u00e1mbito de actuaci\u00f3n del Consorcio como <b>asegurador de riesgos extraordinarios<\/b>, se incluyen:<\/p>\n<p>&#8211; los <b>fen\u00f3menos de la naturaleza<\/b> tales como inundaciones extraordinarias, maremotos, terremotos, erupciones volc\u00e1nicas, tempestades cicl\u00f3nicas at\u00edpicas, ca\u00eddas de cuerpos siderales y aerolitos;<\/p>\n<p>&#8211; los <b>hechos derivados de terrorismo<\/b>, rebeli\u00f3n, sedici\u00f3n, motines o tumultos populares, as\u00ed como hechos o actuaciones de las Fuerzas Armadas o de las Fuerzas y Cuerpos de Seguridad en tiempo de paz.<\/p>\n<p>Si bien la cobertura del Consorcio se une a la de la p\u00f3liza de riesgo ordinario, existen una serie de <b>da\u00f1os excluidos<\/b>, tales como:<\/p>\n<p>&#8211; los da\u00f1os que no den lugar a indemnizaci\u00f3n conforme a la Ley de contrato de seguro;<\/p>\n<p>&#8211; los ocasionados en persona o bienes asegurados por otros ramos no consorciados (as\u00ed, no est\u00e1n consorciados los seguros agrarios combinados, los de transporte de mercanc\u00edas y los de construcci\u00f3n y montaje);<\/p>\n<p>&#8211; los debidos a vicio o defecto propio de la cosa asegurada o falta manifiesta de mantenimiento;<\/p>\n<p>&#8211; los producidos por conflictos armados, aunque no haya precedido la declaraci\u00f3n oficial de guerra;<\/p>\n<p>&#8211; los derivados de la energ\u00eda nuclear;<\/p>\n<p>&#8211; los debidos a la mera acci\u00f3n del tiempo (en el caso de bienes total o parcialmente sumergidos de forma permanente, los imputables a la mera acci\u00f3n del oleaje o corrientes ordinarios);<\/p>\n<p>&#8211; los causados por actuaciones tumultuarias producidas en el transcurso de reuniones y manifestaciones o huelgas legales, salvo que puedan ser calificadas como acontecimientos extraordinarios;<\/p>\n<p>&#8211; los causados por mala fe del asegurado;<\/p>\n<p>&#8211; los producidos antes del pago de la prima primera o cuando el seguro se hallaba en suspenso o extinguido;<\/p>\n<p>&#8211; los da\u00f1os indirectos; y<\/p>\n<p>&#8211; los siniestros que sean clasificados por el Gobierno de la naci\u00f3n como cat\u00e1strofe o calamidad nacional.<\/p>\n<p>\u00a0<\/p>\n<p>\u00a0<\/p>\n<p>\u00a0<\/p>\n<p> Estamos a su disposici\u00f3n para la defensa de sus intereses en caso de controversia, asesor\u00e1ndoles para evitar un posible litigio o arbitraje o afrontarlos en las condiciones m\u00e1s \u00f3ptimas<\/p>\n","protected":false},"excerpt":{"rendered":"<p>Salvo pacto en contrario, las compa&ntilde;&iacute;as aseguradoras no cubren los da&ntilde;os por hechos derivados de: &ndash; conflictos armados -haya precedido o no declaraci&oacute;n oficial de guerra-; &ndash; riesgos extraordinarios sobre las personas y los bienes. En caso de que el asegurador cubra este tipo de da&ntilde;os, cobrar&aacute; la correspondiente sobreprima. Es el Consorcio de Compensaci&oacute;n [&hellip;]<\/p>\n","protected":false},"author":7,"featured_media":5357,"comment_status":"closed","ping_status":"closed","sticky":false,"template":"","format":"standard","meta":{"footnotes":""},"categories":[90],"tags":[],"class_list":["post-5356","post","type-post","status-publish","format-standard","has-post-thumbnail","hentry","category-civil"],"yoast_head":"<!-- This site is optimized with the Yoast SEO plugin v27.4 - https:\/\/yoast.com\/product\/yoast-seo-wordpress\/ -->\n<title>Consorcio de Compensaci\u00f3n de Seguros | Contem Assessors<\/title>\n<meta name=\"robots\" content=\"index, follow, max-snippet:-1, max-image-preview:large, max-video-preview:-1\" \/>\n<link rel=\"canonical\" href=\"https:\/\/www.contem.es\/es\/consorcio-de-compensacion-de-seguros\/\" \/>\n<meta property=\"og:locale\" content=\"es_ES\" \/>\n<meta property=\"og:type\" content=\"article\" \/>\n<meta property=\"og:title\" content=\"Consorcio de Compensaci\u00f3n de Seguros | Contem Assessors\" \/>\n<meta property=\"og:description\" content=\"Salvo pacto en contrario, las compa&ntilde;&iacute;as aseguradoras no cubren los da&ntilde;os por hechos derivados de: &ndash; conflictos armados -haya precedido o no declaraci&oacute;n oficial de guerra-; &ndash; riesgos extraordinarios sobre las personas y los bienes. En caso de que el asegurador cubra este tipo de da&ntilde;os, cobrar&aacute; la correspondiente sobreprima. Es el Consorcio de Compensaci&oacute;n [&hellip;]\" \/>\n<meta property=\"og:url\" content=\"https:\/\/www.contem.es\/es\/consorcio-de-compensacion-de-seguros\/\" \/>\n<meta property=\"og:site_name\" content=\"Contem Assessors\" \/>\n<meta property=\"article:published_time\" content=\"2024-11-07T00:00:00+00:00\" \/>\n<meta property=\"og:image\" content=\"https:\/\/www.contem.es\/wp-content\/uploads\/2016\/06\/touch-icon-contem.png\" \/>\n<meta name=\"author\" content=\"rss\" \/>\n<meta name=\"twitter:card\" content=\"summary_large_image\" \/>\n<meta name=\"twitter:creator\" content=\"@contemassessors\" \/>\n<meta name=\"twitter:site\" content=\"@contemassessors\" \/>\n<meta name=\"twitter:label1\" content=\"Escrito por\" \/>\n\t<meta name=\"twitter:data1\" content=\"rss\" \/>\n\t<meta name=\"twitter:label2\" content=\"Tiempo de lectura\" \/>\n\t<meta name=\"twitter:data2\" content=\"3 minutos\" \/>\n<script type=\"application\/ld+json\" class=\"yoast-schema-graph\">{\"@context\":\"https:\\\/\\\/schema.org\",\"@graph\":[{\"@type\":\"Article\",\"@id\":\"https:\\\/\\\/www.contem.es\\\/es\\\/consorcio-de-compensacion-de-seguros\\\/#article\",\"isPartOf\":{\"@id\":\"https:\\\/\\\/www.contem.es\\\/es\\\/consorcio-de-compensacion-de-seguros\\\/\"},\"author\":{\"name\":\"rss\",\"@id\":\"https:\\\/\\\/www.contem.es\\\/es\\\/#\\\/schema\\\/person\\\/c1284c1e1887128f110dc4a88f6137ae\"},\"headline\":\"Consorcio de Compensaci\u00f3n de Seguros\",\"datePublished\":\"2024-11-07T00:00:00+00:00\",\"mainEntityOfPage\":{\"@id\":\"https:\\\/\\\/www.contem.es\\\/es\\\/consorcio-de-compensacion-de-seguros\\\/\"},\"wordCount\":535,\"publisher\":{\"@id\":\"https:\\\/\\\/www.contem.es\\\/es\\\/#organization\"},\"image\":{\"@id\":\"https:\\\/\\\/www.contem.es\\\/es\\\/consorcio-de-compensacion-de-seguros\\\/#primaryimage\"},\"thumbnailUrl\":\"https:\\\/\\\/www.contem.es\\\/wp-content\\\/uploads\\\/2024\\\/11\\\/shutterstock2538860905-bcSize-650x118-1.jpg\",\"articleSection\":[\"Civil\"],\"inLanguage\":\"es\"},{\"@type\":\"WebPage\",\"@id\":\"https:\\\/\\\/www.contem.es\\\/es\\\/consorcio-de-compensacion-de-seguros\\\/\",\"url\":\"https:\\\/\\\/www.contem.es\\\/es\\\/consorcio-de-compensacion-de-seguros\\\/\",\"name\":\"Consorcio de Compensaci\u00f3n de Seguros | Contem Assessors\",\"isPartOf\":{\"@id\":\"https:\\\/\\\/www.contem.es\\\/es\\\/#website\"},\"primaryImageOfPage\":{\"@id\":\"https:\\\/\\\/www.contem.es\\\/es\\\/consorcio-de-compensacion-de-seguros\\\/#primaryimage\"},\"image\":{\"@id\":\"https:\\\/\\\/www.contem.es\\\/es\\\/consorcio-de-compensacion-de-seguros\\\/#primaryimage\"},\"thumbnailUrl\":\"https:\\\/\\\/www.contem.es\\\/wp-content\\\/uploads\\\/2024\\\/11\\\/shutterstock2538860905-bcSize-650x118-1.jpg\",\"datePublished\":\"2024-11-07T00:00:00+00:00\",\"breadcrumb\":{\"@id\":\"https:\\\/\\\/www.contem.es\\\/es\\\/consorcio-de-compensacion-de-seguros\\\/#breadcrumb\"},\"inLanguage\":\"es\",\"potentialAction\":[{\"@type\":\"ReadAction\",\"target\":[\"https:\\\/\\\/www.contem.es\\\/es\\\/consorcio-de-compensacion-de-seguros\\\/\"]}]},{\"@type\":\"ImageObject\",\"inLanguage\":\"es\",\"@id\":\"https:\\\/\\\/www.contem.es\\\/es\\\/consorcio-de-compensacion-de-seguros\\\/#primaryimage\",\"url\":\"https:\\\/\\\/www.contem.es\\\/wp-content\\\/uploads\\\/2024\\\/11\\\/shutterstock2538860905-bcSize-650x118-1.jpg\",\"contentUrl\":\"https:\\\/\\\/www.contem.es\\\/wp-content\\\/uploads\\\/2024\\\/11\\\/shutterstock2538860905-bcSize-650x118-1.jpg\",\"width\":650,\"height\":118},{\"@type\":\"BreadcrumbList\",\"@id\":\"https:\\\/\\\/www.contem.es\\\/es\\\/consorcio-de-compensacion-de-seguros\\\/#breadcrumb\",\"itemListElement\":[{\"@type\":\"ListItem\",\"position\":1,\"name\":\"Inici\",\"item\":\"https:\\\/\\\/www.contem.es\\\/es\\\/\"},{\"@type\":\"ListItem\",\"position\":2,\"name\":\"Consorcio de Compensaci\u00f3n de Seguros\"}]},{\"@type\":\"WebSite\",\"@id\":\"https:\\\/\\\/www.contem.es\\\/es\\\/#website\",\"url\":\"https:\\\/\\\/www.contem.es\\\/es\\\/\",\"name\":\"Contem Assessors\",\"description\":\"Fiscal, comptable , laboral , jur\u00eddic , econ\u00f2mic i assegurances\",\"publisher\":{\"@id\":\"https:\\\/\\\/www.contem.es\\\/es\\\/#organization\"},\"potentialAction\":[{\"@type\":\"SearchAction\",\"target\":{\"@type\":\"EntryPoint\",\"urlTemplate\":\"https:\\\/\\\/www.contem.es\\\/es\\\/?s={search_term_string}\"},\"query-input\":{\"@type\":\"PropertyValueSpecification\",\"valueRequired\":true,\"valueName\":\"search_term_string\"}}],\"inLanguage\":\"es\"},{\"@type\":\"Organization\",\"@id\":\"https:\\\/\\\/www.contem.es\\\/es\\\/#organization\",\"name\":\"Contem Assessors\",\"url\":\"https:\\\/\\\/www.contem.es\\\/es\\\/\",\"logo\":{\"@type\":\"ImageObject\",\"inLanguage\":\"es\",\"@id\":\"https:\\\/\\\/www.contem.es\\\/es\\\/#\\\/schema\\\/logo\\\/image\\\/\",\"url\":\"https:\\\/\\\/www.contem.es\\\/wp-content\\\/uploads\\\/2016\\\/06\\\/touch-icon-contem.png\",\"contentUrl\":\"https:\\\/\\\/www.contem.es\\\/wp-content\\\/uploads\\\/2016\\\/06\\\/touch-icon-contem.png\",\"width\":120,\"height\":120,\"caption\":\"Contem Assessors\"},\"image\":{\"@id\":\"https:\\\/\\\/www.contem.es\\\/es\\\/#\\\/schema\\\/logo\\\/image\\\/\"},\"sameAs\":[\"https:\\\/\\\/x.com\\\/contemassessors\",\"https:\\\/\\\/www.linkedin.com\\\/company\\\/contem-assessors\"]},{\"@type\":\"Person\",\"@id\":\"https:\\\/\\\/www.contem.es\\\/es\\\/#\\\/schema\\\/person\\\/c1284c1e1887128f110dc4a88f6137ae\",\"name\":\"rss\",\"image\":{\"@type\":\"ImageObject\",\"inLanguage\":\"es\",\"@id\":\"https:\\\/\\\/secure.gravatar.com\\\/avatar\\\/ab3bd31bf66b0e143141b04dbe6aa5f58290e800756006b9aef442f9b1e697cb?s=96&d=mm&r=g\",\"url\":\"https:\\\/\\\/secure.gravatar.com\\\/avatar\\\/ab3bd31bf66b0e143141b04dbe6aa5f58290e800756006b9aef442f9b1e697cb?s=96&d=mm&r=g\",\"contentUrl\":\"https:\\\/\\\/secure.gravatar.com\\\/avatar\\\/ab3bd31bf66b0e143141b04dbe6aa5f58290e800756006b9aef442f9b1e697cb?s=96&d=mm&r=g\",\"caption\":\"rss\"},\"url\":\"https:\\\/\\\/www.contem.es\\\/es\\\/author\\\/rss\\\/\"}]}<\/script>\n<!-- \/ Yoast SEO plugin. -->","yoast_head_json":{"title":"Consorcio de Compensaci\u00f3n de Seguros | Contem Assessors","robots":{"index":"index","follow":"follow","max-snippet":"max-snippet:-1","max-image-preview":"max-image-preview:large","max-video-preview":"max-video-preview:-1"},"canonical":"https:\/\/www.contem.es\/es\/consorcio-de-compensacion-de-seguros\/","og_locale":"es_ES","og_type":"article","og_title":"Consorcio de Compensaci\u00f3n de Seguros | Contem Assessors","og_description":"Salvo pacto en contrario, las compa&ntilde;&iacute;as aseguradoras no cubren los da&ntilde;os por hechos derivados de: &ndash; conflictos armados -haya precedido o no declaraci&oacute;n oficial de guerra-; &ndash; riesgos extraordinarios sobre las personas y los bienes. En caso de que el asegurador cubra este tipo de da&ntilde;os, cobrar&aacute; la correspondiente sobreprima. Es el Consorcio de Compensaci&oacute;n [&hellip;]","og_url":"https:\/\/www.contem.es\/es\/consorcio-de-compensacion-de-seguros\/","og_site_name":"Contem Assessors","article_published_time":"2024-11-07T00:00:00+00:00","og_image":[{"url":"https:\/\/www.contem.es\/wp-content\/uploads\/2016\/06\/touch-icon-contem.png","type":"","width":"","height":""}],"author":"rss","twitter_card":"summary_large_image","twitter_creator":"@contemassessors","twitter_site":"@contemassessors","twitter_misc":{"Escrito por":"rss","Tiempo de lectura":"3 minutos"},"schema":{"@context":"https:\/\/schema.org","@graph":[{"@type":"Article","@id":"https:\/\/www.contem.es\/es\/consorcio-de-compensacion-de-seguros\/#article","isPartOf":{"@id":"https:\/\/www.contem.es\/es\/consorcio-de-compensacion-de-seguros\/"},"author":{"name":"rss","@id":"https:\/\/www.contem.es\/es\/#\/schema\/person\/c1284c1e1887128f110dc4a88f6137ae"},"headline":"Consorcio de Compensaci\u00f3n de Seguros","datePublished":"2024-11-07T00:00:00+00:00","mainEntityOfPage":{"@id":"https:\/\/www.contem.es\/es\/consorcio-de-compensacion-de-seguros\/"},"wordCount":535,"publisher":{"@id":"https:\/\/www.contem.es\/es\/#organization"},"image":{"@id":"https:\/\/www.contem.es\/es\/consorcio-de-compensacion-de-seguros\/#primaryimage"},"thumbnailUrl":"https:\/\/www.contem.es\/wp-content\/uploads\/2024\/11\/shutterstock2538860905-bcSize-650x118-1.jpg","articleSection":["Civil"],"inLanguage":"es"},{"@type":"WebPage","@id":"https:\/\/www.contem.es\/es\/consorcio-de-compensacion-de-seguros\/","url":"https:\/\/www.contem.es\/es\/consorcio-de-compensacion-de-seguros\/","name":"Consorcio de Compensaci\u00f3n de Seguros | Contem Assessors","isPartOf":{"@id":"https:\/\/www.contem.es\/es\/#website"},"primaryImageOfPage":{"@id":"https:\/\/www.contem.es\/es\/consorcio-de-compensacion-de-seguros\/#primaryimage"},"image":{"@id":"https:\/\/www.contem.es\/es\/consorcio-de-compensacion-de-seguros\/#primaryimage"},"thumbnailUrl":"https:\/\/www.contem.es\/wp-content\/uploads\/2024\/11\/shutterstock2538860905-bcSize-650x118-1.jpg","datePublished":"2024-11-07T00:00:00+00:00","breadcrumb":{"@id":"https:\/\/www.contem.es\/es\/consorcio-de-compensacion-de-seguros\/#breadcrumb"},"inLanguage":"es","potentialAction":[{"@type":"ReadAction","target":["https:\/\/www.contem.es\/es\/consorcio-de-compensacion-de-seguros\/"]}]},{"@type":"ImageObject","inLanguage":"es","@id":"https:\/\/www.contem.es\/es\/consorcio-de-compensacion-de-seguros\/#primaryimage","url":"https:\/\/www.contem.es\/wp-content\/uploads\/2024\/11\/shutterstock2538860905-bcSize-650x118-1.jpg","contentUrl":"https:\/\/www.contem.es\/wp-content\/uploads\/2024\/11\/shutterstock2538860905-bcSize-650x118-1.jpg","width":650,"height":118},{"@type":"BreadcrumbList","@id":"https:\/\/www.contem.es\/es\/consorcio-de-compensacion-de-seguros\/#breadcrumb","itemListElement":[{"@type":"ListItem","position":1,"name":"Inici","item":"https:\/\/www.contem.es\/es\/"},{"@type":"ListItem","position":2,"name":"Consorcio de Compensaci\u00f3n de Seguros"}]},{"@type":"WebSite","@id":"https:\/\/www.contem.es\/es\/#website","url":"https:\/\/www.contem.es\/es\/","name":"Contem Assessors","description":"Fiscal, comptable , laboral , jur\u00eddic , econ\u00f2mic i assegurances","publisher":{"@id":"https:\/\/www.contem.es\/es\/#organization"},"potentialAction":[{"@type":"SearchAction","target":{"@type":"EntryPoint","urlTemplate":"https:\/\/www.contem.es\/es\/?s={search_term_string}"},"query-input":{"@type":"PropertyValueSpecification","valueRequired":true,"valueName":"search_term_string"}}],"inLanguage":"es"},{"@type":"Organization","@id":"https:\/\/www.contem.es\/es\/#organization","name":"Contem Assessors","url":"https:\/\/www.contem.es\/es\/","logo":{"@type":"ImageObject","inLanguage":"es","@id":"https:\/\/www.contem.es\/es\/#\/schema\/logo\/image\/","url":"https:\/\/www.contem.es\/wp-content\/uploads\/2016\/06\/touch-icon-contem.png","contentUrl":"https:\/\/www.contem.es\/wp-content\/uploads\/2016\/06\/touch-icon-contem.png","width":120,"height":120,"caption":"Contem Assessors"},"image":{"@id":"https:\/\/www.contem.es\/es\/#\/schema\/logo\/image\/"},"sameAs":["https:\/\/x.com\/contemassessors","https:\/\/www.linkedin.com\/company\/contem-assessors"]},{"@type":"Person","@id":"https:\/\/www.contem.es\/es\/#\/schema\/person\/c1284c1e1887128f110dc4a88f6137ae","name":"rss","image":{"@type":"ImageObject","inLanguage":"es","@id":"https:\/\/secure.gravatar.com\/avatar\/ab3bd31bf66b0e143141b04dbe6aa5f58290e800756006b9aef442f9b1e697cb?s=96&d=mm&r=g","url":"https:\/\/secure.gravatar.com\/avatar\/ab3bd31bf66b0e143141b04dbe6aa5f58290e800756006b9aef442f9b1e697cb?s=96&d=mm&r=g","contentUrl":"https:\/\/secure.gravatar.com\/avatar\/ab3bd31bf66b0e143141b04dbe6aa5f58290e800756006b9aef442f9b1e697cb?s=96&d=mm&r=g","caption":"rss"},"url":"https:\/\/www.contem.es\/es\/author\/rss\/"}]}},"_links":{"self":[{"href":"https:\/\/www.contem.es\/es\/wp-json\/wp\/v2\/posts\/5356","targetHints":{"allow":["GET"]}}],"collection":[{"href":"https:\/\/www.contem.es\/es\/wp-json\/wp\/v2\/posts"}],"about":[{"href":"https:\/\/www.contem.es\/es\/wp-json\/wp\/v2\/types\/post"}],"author":[{"embeddable":true,"href":"https:\/\/www.contem.es\/es\/wp-json\/wp\/v2\/users\/7"}],"replies":[{"embeddable":true,"href":"https:\/\/www.contem.es\/es\/wp-json\/wp\/v2\/comments?post=5356"}],"version-history":[{"count":0,"href":"https:\/\/www.contem.es\/es\/wp-json\/wp\/v2\/posts\/5356\/revisions"}],"wp:featuredmedia":[{"embeddable":true,"href":"https:\/\/www.contem.es\/es\/wp-json\/wp\/v2\/media\/5357"}],"wp:attachment":[{"href":"https:\/\/www.contem.es\/es\/wp-json\/wp\/v2\/media?parent=5356"}],"wp:term":[{"taxonomy":"category","embeddable":true,"href":"https:\/\/www.contem.es\/es\/wp-json\/wp\/v2\/categories?post=5356"},{"taxonomy":"post_tag","embeddable":true,"href":"https:\/\/www.contem.es\/es\/wp-json\/wp\/v2\/tags?post=5356"}],"curies":[{"name":"wp","href":"https:\/\/api.w.org\/{rel}","templated":true}]}}