{"id":5350,"date":"2024-11-06T00:00:00","date_gmt":"2024-11-06T00:00:00","guid":{"rendered":"https:\/\/www.contem.es\/aportaciones-al-plan-antes-de-fin-de-ano\/"},"modified":"2024-11-06T00:00:00","modified_gmt":"2024-11-06T00:00:00","slug":"aportaciones-al-plan-antes-de-fin-de-ano","status":"publish","type":"post","link":"https:\/\/www.contem.es\/es\/aportaciones-al-plan-antes-de-fin-de-ano\/","title":{"rendered":"Aportaciones al plan antes de fin de a\u00f1o"},"content":{"rendered":"<p>En 2024, las cantidades que puede aportar a su plan de pensiones para reducir la base imponible de su IRPF son las siguientes:<\/p>\n<ul>\n<li>La aportaci\u00f3n m\u00e1xima al plan de pensiones personal es de 1.500 euros.<\/li>\n<li>En las aportaciones a planes de empresa, dicho l\u00edmite se ampl\u00eda hasta en 8.500 euros adicionales, por lo que, si su empresa realiza contribuciones empresariales en su nombre a uno de estos planes, las aportaciones totales (a planes personales y de empresa, en conjunto) pueden ser de hasta 10.000 euros al a\u00f1o. Por ejemplo, si usted tributa en el IRPF a un tipo marginal del 45%, esto le permitir\u00e1 obtener un ahorro total de hasta 4.500 euros.<\/li>\n<li>Asimismo, tambi\u00e9n puede aportar hasta 1.000 euros anuales a un plan de pensiones de su c\u00f3nyuge y disfrutar de reducci\u00f3n. Para ello, es preciso que durante el a\u00f1o su c\u00f3nyuge no haya obtenido rentas del trabajo o de actividades econ\u00f3micas o las haya obtenido por una cuant\u00eda inferior a 8.000 euros.<\/li>\n<\/ul>\n<p>Y si usted es aut\u00f3nomo, recuerde que tambi\u00e9n puede realizar aportaciones de hasta 4.250 euros a\u00a0planes de pensiones sectoriales de aut\u00f3nomos o a planes de pensiones simplificados promovidos por asociaciones o federaciones de aut\u00f3nomos, o por sindicatos, colegios profesionales o mutualidades de aut\u00f3nomos. Dichas aportaciones, junto con las que realice a planes de pensiones personales y de empresa, no pueden superar los 10.000 euros en conjunto.<\/p>\n<p> Nuestros profesionales le orientar\u00e1n si tiene dudas relativas a las aportaciones y reintegros de los planes de pensiones. <\/p>\n","protected":false},"excerpt":{"rendered":"<p>En 2024, las cantidades que puede aportar a su plan de pensiones para reducir la base imponible de su IRPF son las siguientes: La aportaci&oacute;n m&aacute;xima al plan de pensiones personal es de 1.500 euros. En las aportaciones a planes de empresa, dicho l&iacute;mite se ampl&iacute;a hasta en 8.500 euros adicionales, por lo que, si [&hellip;]<\/p>\n","protected":false},"author":7,"featured_media":5351,"comment_status":"closed","ping_status":"closed","sticky":false,"template":"","format":"standard","meta":{"footnotes":""},"categories":[12],"tags":[],"class_list":["post-5350","post","type-post","status-publish","format-standard","has-post-thumbnail","hentry","category-fiscal"],"yoast_head":"<!-- This site is optimized with the Yoast SEO plugin v27.4 - https:\/\/yoast.com\/product\/yoast-seo-wordpress\/ -->\n<title>Aportaciones al plan antes de fin de a\u00f1o | Contem Assessors<\/title>\n<meta name=\"robots\" content=\"index, follow, max-snippet:-1, max-image-preview:large, max-video-preview:-1\" \/>\n<link rel=\"canonical\" href=\"https:\/\/www.contem.es\/es\/aportaciones-al-plan-antes-de-fin-de-ano\/\" \/>\n<meta property=\"og:locale\" content=\"es_ES\" \/>\n<meta property=\"og:type\" content=\"article\" \/>\n<meta property=\"og:title\" content=\"Aportaciones al plan antes de fin de a\u00f1o | Contem Assessors\" \/>\n<meta property=\"og:description\" content=\"En 2024, las cantidades que puede aportar a su plan de pensiones para reducir la base imponible de su IRPF son las siguientes: La aportaci&oacute;n m&aacute;xima al plan de pensiones personal es de 1.500 euros. En las aportaciones a planes de empresa, dicho l&iacute;mite se ampl&iacute;a hasta en 8.500 euros adicionales, por lo que, si [&hellip;]\" \/>\n<meta property=\"og:url\" content=\"https:\/\/www.contem.es\/es\/aportaciones-al-plan-antes-de-fin-de-ano\/\" \/>\n<meta property=\"og:site_name\" content=\"Contem Assessors\" \/>\n<meta property=\"article:published_time\" content=\"2024-11-06T00:00:00+00:00\" \/>\n<meta property=\"og:image\" content=\"https:\/\/www.contem.es\/wp-content\/uploads\/2016\/06\/touch-icon-contem.png\" \/>\n<meta name=\"author\" content=\"rss\" \/>\n<meta name=\"twitter:card\" content=\"summary_large_image\" \/>\n<meta name=\"twitter:creator\" content=\"@contemassessors\" \/>\n<meta name=\"twitter:site\" content=\"@contemassessors\" \/>\n<meta name=\"twitter:label1\" content=\"Escrito por\" \/>\n\t<meta name=\"twitter:data1\" content=\"rss\" \/>\n\t<meta name=\"twitter:label2\" content=\"Tiempo de lectura\" \/>\n\t<meta name=\"twitter:data2\" content=\"1 minuto\" \/>\n<script type=\"application\/ld+json\" class=\"yoast-schema-graph\">{\"@context\":\"https:\\\/\\\/schema.org\",\"@graph\":[{\"@type\":\"Article\",\"@id\":\"https:\\\/\\\/www.contem.es\\\/es\\\/aportaciones-al-plan-antes-de-fin-de-ano\\\/#article\",\"isPartOf\":{\"@id\":\"https:\\\/\\\/www.contem.es\\\/es\\\/aportaciones-al-plan-antes-de-fin-de-ano\\\/\"},\"author\":{\"name\":\"rss\",\"@id\":\"https:\\\/\\\/www.contem.es\\\/es\\\/#\\\/schema\\\/person\\\/c1284c1e1887128f110dc4a88f6137ae\"},\"headline\":\"Aportaciones al plan antes de fin de a\u00f1o\",\"datePublished\":\"2024-11-06T00:00:00+00:00\",\"mainEntityOfPage\":{\"@id\":\"https:\\\/\\\/www.contem.es\\\/es\\\/aportaciones-al-plan-antes-de-fin-de-ano\\\/\"},\"wordCount\":265,\"publisher\":{\"@id\":\"https:\\\/\\\/www.contem.es\\\/es\\\/#organization\"},\"image\":{\"@id\":\"https:\\\/\\\/www.contem.es\\\/es\\\/aportaciones-al-plan-antes-de-fin-de-ano\\\/#primaryimage\"},\"thumbnailUrl\":\"https:\\\/\\\/www.contem.es\\\/wp-content\\\/uploads\\\/2024\\\/11\\\/shutterstock1387425773-bcSize-650x118-2.jpg\",\"articleSection\":[\"Fiscal\"],\"inLanguage\":\"es\"},{\"@type\":\"WebPage\",\"@id\":\"https:\\\/\\\/www.contem.es\\\/es\\\/aportaciones-al-plan-antes-de-fin-de-ano\\\/\",\"url\":\"https:\\\/\\\/www.contem.es\\\/es\\\/aportaciones-al-plan-antes-de-fin-de-ano\\\/\",\"name\":\"Aportaciones al plan antes de fin de a\u00f1o | Contem Assessors\",\"isPartOf\":{\"@id\":\"https:\\\/\\\/www.contem.es\\\/es\\\/#website\"},\"primaryImageOfPage\":{\"@id\":\"https:\\\/\\\/www.contem.es\\\/es\\\/aportaciones-al-plan-antes-de-fin-de-ano\\\/#primaryimage\"},\"image\":{\"@id\":\"https:\\\/\\\/www.contem.es\\\/es\\\/aportaciones-al-plan-antes-de-fin-de-ano\\\/#primaryimage\"},\"thumbnailUrl\":\"https:\\\/\\\/www.contem.es\\\/wp-content\\\/uploads\\\/2024\\\/11\\\/shutterstock1387425773-bcSize-650x118-2.jpg\",\"datePublished\":\"2024-11-06T00:00:00+00:00\",\"breadcrumb\":{\"@id\":\"https:\\\/\\\/www.contem.es\\\/es\\\/aportaciones-al-plan-antes-de-fin-de-ano\\\/#breadcrumb\"},\"inLanguage\":\"es\",\"potentialAction\":[{\"@type\":\"ReadAction\",\"target\":[\"https:\\\/\\\/www.contem.es\\\/es\\\/aportaciones-al-plan-antes-de-fin-de-ano\\\/\"]}]},{\"@type\":\"ImageObject\",\"inLanguage\":\"es\",\"@id\":\"https:\\\/\\\/www.contem.es\\\/es\\\/aportaciones-al-plan-antes-de-fin-de-ano\\\/#primaryimage\",\"url\":\"https:\\\/\\\/www.contem.es\\\/wp-content\\\/uploads\\\/2024\\\/11\\\/shutterstock1387425773-bcSize-650x118-2.jpg\",\"contentUrl\":\"https:\\\/\\\/www.contem.es\\\/wp-content\\\/uploads\\\/2024\\\/11\\\/shutterstock1387425773-bcSize-650x118-2.jpg\",\"width\":650,\"height\":118},{\"@type\":\"BreadcrumbList\",\"@id\":\"https:\\\/\\\/www.contem.es\\\/es\\\/aportaciones-al-plan-antes-de-fin-de-ano\\\/#breadcrumb\",\"itemListElement\":[{\"@type\":\"ListItem\",\"position\":1,\"name\":\"Inici\",\"item\":\"https:\\\/\\\/www.contem.es\\\/es\\\/\"},{\"@type\":\"ListItem\",\"position\":2,\"name\":\"Aportaciones al plan antes de fin de a\u00f1o\"}]},{\"@type\":\"WebSite\",\"@id\":\"https:\\\/\\\/www.contem.es\\\/es\\\/#website\",\"url\":\"https:\\\/\\\/www.contem.es\\\/es\\\/\",\"name\":\"Contem Assessors\",\"description\":\"Fiscal, comptable , laboral , jur\u00eddic , econ\u00f2mic i assegurances\",\"publisher\":{\"@id\":\"https:\\\/\\\/www.contem.es\\\/es\\\/#organization\"},\"potentialAction\":[{\"@type\":\"SearchAction\",\"target\":{\"@type\":\"EntryPoint\",\"urlTemplate\":\"https:\\\/\\\/www.contem.es\\\/es\\\/?s={search_term_string}\"},\"query-input\":{\"@type\":\"PropertyValueSpecification\",\"valueRequired\":true,\"valueName\":\"search_term_string\"}}],\"inLanguage\":\"es\"},{\"@type\":\"Organization\",\"@id\":\"https:\\\/\\\/www.contem.es\\\/es\\\/#organization\",\"name\":\"Contem Assessors\",\"url\":\"https:\\\/\\\/www.contem.es\\\/es\\\/\",\"logo\":{\"@type\":\"ImageObject\",\"inLanguage\":\"es\",\"@id\":\"https:\\\/\\\/www.contem.es\\\/es\\\/#\\\/schema\\\/logo\\\/image\\\/\",\"url\":\"https:\\\/\\\/www.contem.es\\\/wp-content\\\/uploads\\\/2016\\\/06\\\/touch-icon-contem.png\",\"contentUrl\":\"https:\\\/\\\/www.contem.es\\\/wp-content\\\/uploads\\\/2016\\\/06\\\/touch-icon-contem.png\",\"width\":120,\"height\":120,\"caption\":\"Contem Assessors\"},\"image\":{\"@id\":\"https:\\\/\\\/www.contem.es\\\/es\\\/#\\\/schema\\\/logo\\\/image\\\/\"},\"sameAs\":[\"https:\\\/\\\/x.com\\\/contemassessors\",\"https:\\\/\\\/www.linkedin.com\\\/company\\\/contem-assessors\"]},{\"@type\":\"Person\",\"@id\":\"https:\\\/\\\/www.contem.es\\\/es\\\/#\\\/schema\\\/person\\\/c1284c1e1887128f110dc4a88f6137ae\",\"name\":\"rss\",\"image\":{\"@type\":\"ImageObject\",\"inLanguage\":\"es\",\"@id\":\"https:\\\/\\\/secure.gravatar.com\\\/avatar\\\/ab3bd31bf66b0e143141b04dbe6aa5f58290e800756006b9aef442f9b1e697cb?s=96&d=mm&r=g\",\"url\":\"https:\\\/\\\/secure.gravatar.com\\\/avatar\\\/ab3bd31bf66b0e143141b04dbe6aa5f58290e800756006b9aef442f9b1e697cb?s=96&d=mm&r=g\",\"contentUrl\":\"https:\\\/\\\/secure.gravatar.com\\\/avatar\\\/ab3bd31bf66b0e143141b04dbe6aa5f58290e800756006b9aef442f9b1e697cb?s=96&d=mm&r=g\",\"caption\":\"rss\"},\"url\":\"https:\\\/\\\/www.contem.es\\\/es\\\/author\\\/rss\\\/\"}]}<\/script>\n<!-- \/ Yoast SEO plugin. -->","yoast_head_json":{"title":"Aportaciones al plan antes de fin de a\u00f1o | Contem Assessors","robots":{"index":"index","follow":"follow","max-snippet":"max-snippet:-1","max-image-preview":"max-image-preview:large","max-video-preview":"max-video-preview:-1"},"canonical":"https:\/\/www.contem.es\/es\/aportaciones-al-plan-antes-de-fin-de-ano\/","og_locale":"es_ES","og_type":"article","og_title":"Aportaciones al plan antes de fin de a\u00f1o | Contem Assessors","og_description":"En 2024, las cantidades que puede aportar a su plan de pensiones para reducir la base imponible de su IRPF son las siguientes: La aportaci&oacute;n m&aacute;xima al plan de pensiones personal es de 1.500 euros. En las aportaciones a planes de empresa, dicho l&iacute;mite se ampl&iacute;a hasta en 8.500 euros adicionales, por lo que, si [&hellip;]","og_url":"https:\/\/www.contem.es\/es\/aportaciones-al-plan-antes-de-fin-de-ano\/","og_site_name":"Contem Assessors","article_published_time":"2024-11-06T00:00:00+00:00","og_image":[{"url":"https:\/\/www.contem.es\/wp-content\/uploads\/2016\/06\/touch-icon-contem.png","type":"","width":"","height":""}],"author":"rss","twitter_card":"summary_large_image","twitter_creator":"@contemassessors","twitter_site":"@contemassessors","twitter_misc":{"Escrito por":"rss","Tiempo de lectura":"1 minuto"},"schema":{"@context":"https:\/\/schema.org","@graph":[{"@type":"Article","@id":"https:\/\/www.contem.es\/es\/aportaciones-al-plan-antes-de-fin-de-ano\/#article","isPartOf":{"@id":"https:\/\/www.contem.es\/es\/aportaciones-al-plan-antes-de-fin-de-ano\/"},"author":{"name":"rss","@id":"https:\/\/www.contem.es\/es\/#\/schema\/person\/c1284c1e1887128f110dc4a88f6137ae"},"headline":"Aportaciones al plan antes de fin de a\u00f1o","datePublished":"2024-11-06T00:00:00+00:00","mainEntityOfPage":{"@id":"https:\/\/www.contem.es\/es\/aportaciones-al-plan-antes-de-fin-de-ano\/"},"wordCount":265,"publisher":{"@id":"https:\/\/www.contem.es\/es\/#organization"},"image":{"@id":"https:\/\/www.contem.es\/es\/aportaciones-al-plan-antes-de-fin-de-ano\/#primaryimage"},"thumbnailUrl":"https:\/\/www.contem.es\/wp-content\/uploads\/2024\/11\/shutterstock1387425773-bcSize-650x118-2.jpg","articleSection":["Fiscal"],"inLanguage":"es"},{"@type":"WebPage","@id":"https:\/\/www.contem.es\/es\/aportaciones-al-plan-antes-de-fin-de-ano\/","url":"https:\/\/www.contem.es\/es\/aportaciones-al-plan-antes-de-fin-de-ano\/","name":"Aportaciones al plan antes de fin de a\u00f1o | Contem Assessors","isPartOf":{"@id":"https:\/\/www.contem.es\/es\/#website"},"primaryImageOfPage":{"@id":"https:\/\/www.contem.es\/es\/aportaciones-al-plan-antes-de-fin-de-ano\/#primaryimage"},"image":{"@id":"https:\/\/www.contem.es\/es\/aportaciones-al-plan-antes-de-fin-de-ano\/#primaryimage"},"thumbnailUrl":"https:\/\/www.contem.es\/wp-content\/uploads\/2024\/11\/shutterstock1387425773-bcSize-650x118-2.jpg","datePublished":"2024-11-06T00:00:00+00:00","breadcrumb":{"@id":"https:\/\/www.contem.es\/es\/aportaciones-al-plan-antes-de-fin-de-ano\/#breadcrumb"},"inLanguage":"es","potentialAction":[{"@type":"ReadAction","target":["https:\/\/www.contem.es\/es\/aportaciones-al-plan-antes-de-fin-de-ano\/"]}]},{"@type":"ImageObject","inLanguage":"es","@id":"https:\/\/www.contem.es\/es\/aportaciones-al-plan-antes-de-fin-de-ano\/#primaryimage","url":"https:\/\/www.contem.es\/wp-content\/uploads\/2024\/11\/shutterstock1387425773-bcSize-650x118-2.jpg","contentUrl":"https:\/\/www.contem.es\/wp-content\/uploads\/2024\/11\/shutterstock1387425773-bcSize-650x118-2.jpg","width":650,"height":118},{"@type":"BreadcrumbList","@id":"https:\/\/www.contem.es\/es\/aportaciones-al-plan-antes-de-fin-de-ano\/#breadcrumb","itemListElement":[{"@type":"ListItem","position":1,"name":"Inici","item":"https:\/\/www.contem.es\/es\/"},{"@type":"ListItem","position":2,"name":"Aportaciones al plan antes de fin de a\u00f1o"}]},{"@type":"WebSite","@id":"https:\/\/www.contem.es\/es\/#website","url":"https:\/\/www.contem.es\/es\/","name":"Contem Assessors","description":"Fiscal, comptable , laboral , jur\u00eddic , econ\u00f2mic i assegurances","publisher":{"@id":"https:\/\/www.contem.es\/es\/#organization"},"potentialAction":[{"@type":"SearchAction","target":{"@type":"EntryPoint","urlTemplate":"https:\/\/www.contem.es\/es\/?s={search_term_string}"},"query-input":{"@type":"PropertyValueSpecification","valueRequired":true,"valueName":"search_term_string"}}],"inLanguage":"es"},{"@type":"Organization","@id":"https:\/\/www.contem.es\/es\/#organization","name":"Contem Assessors","url":"https:\/\/www.contem.es\/es\/","logo":{"@type":"ImageObject","inLanguage":"es","@id":"https:\/\/www.contem.es\/es\/#\/schema\/logo\/image\/","url":"https:\/\/www.contem.es\/wp-content\/uploads\/2016\/06\/touch-icon-contem.png","contentUrl":"https:\/\/www.contem.es\/wp-content\/uploads\/2016\/06\/touch-icon-contem.png","width":120,"height":120,"caption":"Contem Assessors"},"image":{"@id":"https:\/\/www.contem.es\/es\/#\/schema\/logo\/image\/"},"sameAs":["https:\/\/x.com\/contemassessors","https:\/\/www.linkedin.com\/company\/contem-assessors"]},{"@type":"Person","@id":"https:\/\/www.contem.es\/es\/#\/schema\/person\/c1284c1e1887128f110dc4a88f6137ae","name":"rss","image":{"@type":"ImageObject","inLanguage":"es","@id":"https:\/\/secure.gravatar.com\/avatar\/ab3bd31bf66b0e143141b04dbe6aa5f58290e800756006b9aef442f9b1e697cb?s=96&d=mm&r=g","url":"https:\/\/secure.gravatar.com\/avatar\/ab3bd31bf66b0e143141b04dbe6aa5f58290e800756006b9aef442f9b1e697cb?s=96&d=mm&r=g","contentUrl":"https:\/\/secure.gravatar.com\/avatar\/ab3bd31bf66b0e143141b04dbe6aa5f58290e800756006b9aef442f9b1e697cb?s=96&d=mm&r=g","caption":"rss"},"url":"https:\/\/www.contem.es\/es\/author\/rss\/"}]}},"_links":{"self":[{"href":"https:\/\/www.contem.es\/es\/wp-json\/wp\/v2\/posts\/5350","targetHints":{"allow":["GET"]}}],"collection":[{"href":"https:\/\/www.contem.es\/es\/wp-json\/wp\/v2\/posts"}],"about":[{"href":"https:\/\/www.contem.es\/es\/wp-json\/wp\/v2\/types\/post"}],"author":[{"embeddable":true,"href":"https:\/\/www.contem.es\/es\/wp-json\/wp\/v2\/users\/7"}],"replies":[{"embeddable":true,"href":"https:\/\/www.contem.es\/es\/wp-json\/wp\/v2\/comments?post=5350"}],"version-history":[{"count":0,"href":"https:\/\/www.contem.es\/es\/wp-json\/wp\/v2\/posts\/5350\/revisions"}],"wp:featuredmedia":[{"embeddable":true,"href":"https:\/\/www.contem.es\/es\/wp-json\/wp\/v2\/media\/5351"}],"wp:attachment":[{"href":"https:\/\/www.contem.es\/es\/wp-json\/wp\/v2\/media?parent=5350"}],"wp:term":[{"taxonomy":"category","embeddable":true,"href":"https:\/\/www.contem.es\/es\/wp-json\/wp\/v2\/categories?post=5350"},{"taxonomy":"post_tag","embeddable":true,"href":"https:\/\/www.contem.es\/es\/wp-json\/wp\/v2\/tags?post=5350"}],"curies":[{"name":"wp","href":"https:\/\/api.w.org\/{rel}","templated":true}]}}