{"id":5326,"date":"2024-10-31T00:00:00","date_gmt":"2024-10-31T00:00:00","guid":{"rendered":"https:\/\/www.contem.es\/responsabilidad-por-danos\/"},"modified":"2024-10-31T00:00:00","modified_gmt":"2024-10-31T00:00:00","slug":"responsabilidad-por-danos","status":"publish","type":"post","link":"https:\/\/www.contem.es\/es\/responsabilidad-por-danos\/","title":{"rendered":"Responsabilidad por da\u00f1os"},"content":{"rendered":"<p>Se debate la responsabilidad por los da\u00f1os causados en la propiedad vecina como consecuencia de la <b>rotura de un tubo<\/b> del lavamanos del local arrendado, destinado a consultorio\/oficina.<\/p>\n<p>Son <b>hechos probados<\/b> en el caso que<\/p>\n<p>&#8211; el propietario no habitaba el local, dado que estaba arrendado;<\/p>\n<p>&#8211; nadie avis\u00f3 a la propiedad de la existencia de una posible rotura por fuga, ni de la necesidad de reparaciones;<\/p>\n<p>&#8211; los arrendatarios tampoco eran conscientes de la necesidad de reparaciones, por lo que l\u00f3gicamente ning\u00fan aviso efectuaron a la propietaria.<\/p>\n<p>De ello se infiere que <b>no puede imputarse responsabilidad<\/b> al propietario cuando el inquilino no ha advertido de la existencia de deficiencias en el inmueble.<\/p>\n<p>El supuesto de <b>responsabilidad objetiva o por riesgo<\/b> imputa la responsabilidad al que habite la casa o parte de ella. La jurisprudencia ha realizado una <b>interpretaci\u00f3n extensiva<\/b> del precepto, acorde con su esp\u00edritu y finalidad, y permite la inclusi\u00f3n de supuestos como los da\u00f1os ocasionados por filtraciones de l\u00edquidos y por cosas arrojadas dentro del edificio.<\/p>\n<p>La norma establece una responsabilidad directa y objetiva del \u00ab<b>cabeza de familia<\/b>\u00bb que habite una casa o parte de ella. Cuando se trata de un <b>inmueble de uso no residencial<\/b>, sedes de empresas, locales comerciales, inmuebles en los que se ejercen profesiones liberales, etc., el \u00abcabeza de familia\u00bb es el titular de dicho negocio o empresa, con independencia de su condici\u00f3n de persona f\u00edsica o jur\u00eddica. La exigencia de que el cabeza de familia \u00ab<b>habite<\/b>\u00bb el edificio se interpreta de una forma amplia. El t\u00e9rmino habitar se entiende referido a <b>cualquier tipo de uso,<\/b> residencial o no, del que sea susceptible, desde una perspectiva material, el edificio o construcci\u00f3n de que se trate. Adem\u00e1s, la jurisprudencia considera que la casa es habitada por el que posee el t\u00edtulo para usar y disfrutar la \u00abcasa\u00bb en cuesti\u00f3n aun cuando todav\u00eda no la utilice, como acontece en el caso de edificios en construcci\u00f3n.<\/p>\n<p>\u00a0<\/p>\n<p>\u00a0<\/p>\n<p> Si usted se encuentra en situaci\u00f3n de exigir responsabilidades por alg\u00fan da\u00f1o sufrido a causa de otros nuestros profesionales podr\u00e1n asesorarle en la defensa de sus derechos<\/p>\n","protected":false},"excerpt":{"rendered":"<p>Se debate la responsabilidad por los da&ntilde;os causados en la propiedad vecina como consecuencia de la rotura de un tubo del lavamanos del local arrendado, destinado a consultorio\/oficina. Son hechos probados en el caso que &ndash; el propietario no habitaba el local, dado que estaba arrendado; &ndash; nadie avis&oacute; a la propiedad de la existencia [&hellip;]<\/p>\n","protected":false},"author":7,"featured_media":5327,"comment_status":"closed","ping_status":"closed","sticky":false,"template":"","format":"standard","meta":{"footnotes":""},"categories":[90],"tags":[],"class_list":["post-5326","post","type-post","status-publish","format-standard","has-post-thumbnail","hentry","category-civil"],"yoast_head":"<!-- This site is optimized with the Yoast SEO plugin v27.4 - https:\/\/yoast.com\/product\/yoast-seo-wordpress\/ -->\n<title>Responsabilidad por da\u00f1os | Contem Assessors<\/title>\n<meta name=\"robots\" content=\"index, follow, max-snippet:-1, max-image-preview:large, max-video-preview:-1\" \/>\n<link rel=\"canonical\" href=\"https:\/\/www.contem.es\/es\/responsabilidad-por-danos\/\" \/>\n<meta property=\"og:locale\" content=\"es_ES\" \/>\n<meta property=\"og:type\" content=\"article\" \/>\n<meta property=\"og:title\" content=\"Responsabilidad por da\u00f1os | Contem Assessors\" \/>\n<meta property=\"og:description\" content=\"Se debate la responsabilidad por los da&ntilde;os causados en la propiedad vecina como consecuencia de la rotura de un tubo del lavamanos del local arrendado, destinado a consultorio\/oficina. Son hechos probados en el caso que &ndash; el propietario no habitaba el local, dado que estaba arrendado; &ndash; nadie avis&oacute; a la propiedad de la existencia [&hellip;]\" \/>\n<meta property=\"og:url\" content=\"https:\/\/www.contem.es\/es\/responsabilidad-por-danos\/\" \/>\n<meta property=\"og:site_name\" content=\"Contem Assessors\" \/>\n<meta property=\"article:published_time\" content=\"2024-10-31T00:00:00+00:00\" \/>\n<meta property=\"og:image\" content=\"https:\/\/www.contem.es\/wp-content\/uploads\/2016\/06\/touch-icon-contem.png\" \/>\n<meta name=\"author\" content=\"rss\" \/>\n<meta name=\"twitter:card\" content=\"summary_large_image\" \/>\n<meta name=\"twitter:creator\" content=\"@contemassessors\" \/>\n<meta name=\"twitter:site\" content=\"@contemassessors\" \/>\n<meta name=\"twitter:label1\" content=\"Escrito por\" \/>\n\t<meta name=\"twitter:data1\" content=\"rss\" \/>\n\t<meta name=\"twitter:label2\" content=\"Tiempo de lectura\" \/>\n\t<meta name=\"twitter:data2\" content=\"2 minutos\" \/>\n<script type=\"application\/ld+json\" class=\"yoast-schema-graph\">{\"@context\":\"https:\\\/\\\/schema.org\",\"@graph\":[{\"@type\":\"Article\",\"@id\":\"https:\\\/\\\/www.contem.es\\\/es\\\/responsabilidad-por-danos\\\/#article\",\"isPartOf\":{\"@id\":\"https:\\\/\\\/www.contem.es\\\/es\\\/responsabilidad-por-danos\\\/\"},\"author\":{\"name\":\"rss\",\"@id\":\"https:\\\/\\\/www.contem.es\\\/es\\\/#\\\/schema\\\/person\\\/c1284c1e1887128f110dc4a88f6137ae\"},\"headline\":\"Responsabilidad por da\u00f1os\",\"datePublished\":\"2024-10-31T00:00:00+00:00\",\"mainEntityOfPage\":{\"@id\":\"https:\\\/\\\/www.contem.es\\\/es\\\/responsabilidad-por-danos\\\/\"},\"wordCount\":374,\"publisher\":{\"@id\":\"https:\\\/\\\/www.contem.es\\\/es\\\/#organization\"},\"image\":{\"@id\":\"https:\\\/\\\/www.contem.es\\\/es\\\/responsabilidad-por-danos\\\/#primaryimage\"},\"thumbnailUrl\":\"https:\\\/\\\/www.contem.es\\\/wp-content\\\/uploads\\\/2024\\\/10\\\/shutterstock2507432259-bcSize-650x118-1.jpg\",\"articleSection\":[\"Civil\"],\"inLanguage\":\"es\"},{\"@type\":\"WebPage\",\"@id\":\"https:\\\/\\\/www.contem.es\\\/es\\\/responsabilidad-por-danos\\\/\",\"url\":\"https:\\\/\\\/www.contem.es\\\/es\\\/responsabilidad-por-danos\\\/\",\"name\":\"Responsabilidad por da\u00f1os | Contem Assessors\",\"isPartOf\":{\"@id\":\"https:\\\/\\\/www.contem.es\\\/es\\\/#website\"},\"primaryImageOfPage\":{\"@id\":\"https:\\\/\\\/www.contem.es\\\/es\\\/responsabilidad-por-danos\\\/#primaryimage\"},\"image\":{\"@id\":\"https:\\\/\\\/www.contem.es\\\/es\\\/responsabilidad-por-danos\\\/#primaryimage\"},\"thumbnailUrl\":\"https:\\\/\\\/www.contem.es\\\/wp-content\\\/uploads\\\/2024\\\/10\\\/shutterstock2507432259-bcSize-650x118-1.jpg\",\"datePublished\":\"2024-10-31T00:00:00+00:00\",\"breadcrumb\":{\"@id\":\"https:\\\/\\\/www.contem.es\\\/es\\\/responsabilidad-por-danos\\\/#breadcrumb\"},\"inLanguage\":\"es\",\"potentialAction\":[{\"@type\":\"ReadAction\",\"target\":[\"https:\\\/\\\/www.contem.es\\\/es\\\/responsabilidad-por-danos\\\/\"]}]},{\"@type\":\"ImageObject\",\"inLanguage\":\"es\",\"@id\":\"https:\\\/\\\/www.contem.es\\\/es\\\/responsabilidad-por-danos\\\/#primaryimage\",\"url\":\"https:\\\/\\\/www.contem.es\\\/wp-content\\\/uploads\\\/2024\\\/10\\\/shutterstock2507432259-bcSize-650x118-1.jpg\",\"contentUrl\":\"https:\\\/\\\/www.contem.es\\\/wp-content\\\/uploads\\\/2024\\\/10\\\/shutterstock2507432259-bcSize-650x118-1.jpg\",\"width\":650,\"height\":118},{\"@type\":\"BreadcrumbList\",\"@id\":\"https:\\\/\\\/www.contem.es\\\/es\\\/responsabilidad-por-danos\\\/#breadcrumb\",\"itemListElement\":[{\"@type\":\"ListItem\",\"position\":1,\"name\":\"Inici\",\"item\":\"https:\\\/\\\/www.contem.es\\\/es\\\/\"},{\"@type\":\"ListItem\",\"position\":2,\"name\":\"Responsabilidad por da\u00f1os\"}]},{\"@type\":\"WebSite\",\"@id\":\"https:\\\/\\\/www.contem.es\\\/es\\\/#website\",\"url\":\"https:\\\/\\\/www.contem.es\\\/es\\\/\",\"name\":\"Contem Assessors\",\"description\":\"Fiscal, comptable , laboral , jur\u00eddic , econ\u00f2mic i assegurances\",\"publisher\":{\"@id\":\"https:\\\/\\\/www.contem.es\\\/es\\\/#organization\"},\"potentialAction\":[{\"@type\":\"SearchAction\",\"target\":{\"@type\":\"EntryPoint\",\"urlTemplate\":\"https:\\\/\\\/www.contem.es\\\/es\\\/?s={search_term_string}\"},\"query-input\":{\"@type\":\"PropertyValueSpecification\",\"valueRequired\":true,\"valueName\":\"search_term_string\"}}],\"inLanguage\":\"es\"},{\"@type\":\"Organization\",\"@id\":\"https:\\\/\\\/www.contem.es\\\/es\\\/#organization\",\"name\":\"Contem Assessors\",\"url\":\"https:\\\/\\\/www.contem.es\\\/es\\\/\",\"logo\":{\"@type\":\"ImageObject\",\"inLanguage\":\"es\",\"@id\":\"https:\\\/\\\/www.contem.es\\\/es\\\/#\\\/schema\\\/logo\\\/image\\\/\",\"url\":\"https:\\\/\\\/www.contem.es\\\/wp-content\\\/uploads\\\/2016\\\/06\\\/touch-icon-contem.png\",\"contentUrl\":\"https:\\\/\\\/www.contem.es\\\/wp-content\\\/uploads\\\/2016\\\/06\\\/touch-icon-contem.png\",\"width\":120,\"height\":120,\"caption\":\"Contem Assessors\"},\"image\":{\"@id\":\"https:\\\/\\\/www.contem.es\\\/es\\\/#\\\/schema\\\/logo\\\/image\\\/\"},\"sameAs\":[\"https:\\\/\\\/x.com\\\/contemassessors\",\"https:\\\/\\\/www.linkedin.com\\\/company\\\/contem-assessors\"]},{\"@type\":\"Person\",\"@id\":\"https:\\\/\\\/www.contem.es\\\/es\\\/#\\\/schema\\\/person\\\/c1284c1e1887128f110dc4a88f6137ae\",\"name\":\"rss\",\"image\":{\"@type\":\"ImageObject\",\"inLanguage\":\"es\",\"@id\":\"https:\\\/\\\/secure.gravatar.com\\\/avatar\\\/ab3bd31bf66b0e143141b04dbe6aa5f58290e800756006b9aef442f9b1e697cb?s=96&d=mm&r=g\",\"url\":\"https:\\\/\\\/secure.gravatar.com\\\/avatar\\\/ab3bd31bf66b0e143141b04dbe6aa5f58290e800756006b9aef442f9b1e697cb?s=96&d=mm&r=g\",\"contentUrl\":\"https:\\\/\\\/secure.gravatar.com\\\/avatar\\\/ab3bd31bf66b0e143141b04dbe6aa5f58290e800756006b9aef442f9b1e697cb?s=96&d=mm&r=g\",\"caption\":\"rss\"},\"url\":\"https:\\\/\\\/www.contem.es\\\/es\\\/author\\\/rss\\\/\"}]}<\/script>\n<!-- \/ Yoast SEO plugin. -->","yoast_head_json":{"title":"Responsabilidad por da\u00f1os | Contem Assessors","robots":{"index":"index","follow":"follow","max-snippet":"max-snippet:-1","max-image-preview":"max-image-preview:large","max-video-preview":"max-video-preview:-1"},"canonical":"https:\/\/www.contem.es\/es\/responsabilidad-por-danos\/","og_locale":"es_ES","og_type":"article","og_title":"Responsabilidad por da\u00f1os | Contem Assessors","og_description":"Se debate la responsabilidad por los da&ntilde;os causados en la propiedad vecina como consecuencia de la rotura de un tubo del lavamanos del local arrendado, destinado a consultorio\/oficina. Son hechos probados en el caso que &ndash; el propietario no habitaba el local, dado que estaba arrendado; &ndash; nadie avis&oacute; a la propiedad de la existencia [&hellip;]","og_url":"https:\/\/www.contem.es\/es\/responsabilidad-por-danos\/","og_site_name":"Contem Assessors","article_published_time":"2024-10-31T00:00:00+00:00","og_image":[{"url":"https:\/\/www.contem.es\/wp-content\/uploads\/2016\/06\/touch-icon-contem.png","type":"","width":"","height":""}],"author":"rss","twitter_card":"summary_large_image","twitter_creator":"@contemassessors","twitter_site":"@contemassessors","twitter_misc":{"Escrito por":"rss","Tiempo de lectura":"2 minutos"},"schema":{"@context":"https:\/\/schema.org","@graph":[{"@type":"Article","@id":"https:\/\/www.contem.es\/es\/responsabilidad-por-danos\/#article","isPartOf":{"@id":"https:\/\/www.contem.es\/es\/responsabilidad-por-danos\/"},"author":{"name":"rss","@id":"https:\/\/www.contem.es\/es\/#\/schema\/person\/c1284c1e1887128f110dc4a88f6137ae"},"headline":"Responsabilidad por da\u00f1os","datePublished":"2024-10-31T00:00:00+00:00","mainEntityOfPage":{"@id":"https:\/\/www.contem.es\/es\/responsabilidad-por-danos\/"},"wordCount":374,"publisher":{"@id":"https:\/\/www.contem.es\/es\/#organization"},"image":{"@id":"https:\/\/www.contem.es\/es\/responsabilidad-por-danos\/#primaryimage"},"thumbnailUrl":"https:\/\/www.contem.es\/wp-content\/uploads\/2024\/10\/shutterstock2507432259-bcSize-650x118-1.jpg","articleSection":["Civil"],"inLanguage":"es"},{"@type":"WebPage","@id":"https:\/\/www.contem.es\/es\/responsabilidad-por-danos\/","url":"https:\/\/www.contem.es\/es\/responsabilidad-por-danos\/","name":"Responsabilidad por da\u00f1os | Contem Assessors","isPartOf":{"@id":"https:\/\/www.contem.es\/es\/#website"},"primaryImageOfPage":{"@id":"https:\/\/www.contem.es\/es\/responsabilidad-por-danos\/#primaryimage"},"image":{"@id":"https:\/\/www.contem.es\/es\/responsabilidad-por-danos\/#primaryimage"},"thumbnailUrl":"https:\/\/www.contem.es\/wp-content\/uploads\/2024\/10\/shutterstock2507432259-bcSize-650x118-1.jpg","datePublished":"2024-10-31T00:00:00+00:00","breadcrumb":{"@id":"https:\/\/www.contem.es\/es\/responsabilidad-por-danos\/#breadcrumb"},"inLanguage":"es","potentialAction":[{"@type":"ReadAction","target":["https:\/\/www.contem.es\/es\/responsabilidad-por-danos\/"]}]},{"@type":"ImageObject","inLanguage":"es","@id":"https:\/\/www.contem.es\/es\/responsabilidad-por-danos\/#primaryimage","url":"https:\/\/www.contem.es\/wp-content\/uploads\/2024\/10\/shutterstock2507432259-bcSize-650x118-1.jpg","contentUrl":"https:\/\/www.contem.es\/wp-content\/uploads\/2024\/10\/shutterstock2507432259-bcSize-650x118-1.jpg","width":650,"height":118},{"@type":"BreadcrumbList","@id":"https:\/\/www.contem.es\/es\/responsabilidad-por-danos\/#breadcrumb","itemListElement":[{"@type":"ListItem","position":1,"name":"Inici","item":"https:\/\/www.contem.es\/es\/"},{"@type":"ListItem","position":2,"name":"Responsabilidad por da\u00f1os"}]},{"@type":"WebSite","@id":"https:\/\/www.contem.es\/es\/#website","url":"https:\/\/www.contem.es\/es\/","name":"Contem Assessors","description":"Fiscal, comptable , laboral , jur\u00eddic , econ\u00f2mic i assegurances","publisher":{"@id":"https:\/\/www.contem.es\/es\/#organization"},"potentialAction":[{"@type":"SearchAction","target":{"@type":"EntryPoint","urlTemplate":"https:\/\/www.contem.es\/es\/?s={search_term_string}"},"query-input":{"@type":"PropertyValueSpecification","valueRequired":true,"valueName":"search_term_string"}}],"inLanguage":"es"},{"@type":"Organization","@id":"https:\/\/www.contem.es\/es\/#organization","name":"Contem Assessors","url":"https:\/\/www.contem.es\/es\/","logo":{"@type":"ImageObject","inLanguage":"es","@id":"https:\/\/www.contem.es\/es\/#\/schema\/logo\/image\/","url":"https:\/\/www.contem.es\/wp-content\/uploads\/2016\/06\/touch-icon-contem.png","contentUrl":"https:\/\/www.contem.es\/wp-content\/uploads\/2016\/06\/touch-icon-contem.png","width":120,"height":120,"caption":"Contem Assessors"},"image":{"@id":"https:\/\/www.contem.es\/es\/#\/schema\/logo\/image\/"},"sameAs":["https:\/\/x.com\/contemassessors","https:\/\/www.linkedin.com\/company\/contem-assessors"]},{"@type":"Person","@id":"https:\/\/www.contem.es\/es\/#\/schema\/person\/c1284c1e1887128f110dc4a88f6137ae","name":"rss","image":{"@type":"ImageObject","inLanguage":"es","@id":"https:\/\/secure.gravatar.com\/avatar\/ab3bd31bf66b0e143141b04dbe6aa5f58290e800756006b9aef442f9b1e697cb?s=96&d=mm&r=g","url":"https:\/\/secure.gravatar.com\/avatar\/ab3bd31bf66b0e143141b04dbe6aa5f58290e800756006b9aef442f9b1e697cb?s=96&d=mm&r=g","contentUrl":"https:\/\/secure.gravatar.com\/avatar\/ab3bd31bf66b0e143141b04dbe6aa5f58290e800756006b9aef442f9b1e697cb?s=96&d=mm&r=g","caption":"rss"},"url":"https:\/\/www.contem.es\/es\/author\/rss\/"}]}},"_links":{"self":[{"href":"https:\/\/www.contem.es\/es\/wp-json\/wp\/v2\/posts\/5326","targetHints":{"allow":["GET"]}}],"collection":[{"href":"https:\/\/www.contem.es\/es\/wp-json\/wp\/v2\/posts"}],"about":[{"href":"https:\/\/www.contem.es\/es\/wp-json\/wp\/v2\/types\/post"}],"author":[{"embeddable":true,"href":"https:\/\/www.contem.es\/es\/wp-json\/wp\/v2\/users\/7"}],"replies":[{"embeddable":true,"href":"https:\/\/www.contem.es\/es\/wp-json\/wp\/v2\/comments?post=5326"}],"version-history":[{"count":0,"href":"https:\/\/www.contem.es\/es\/wp-json\/wp\/v2\/posts\/5326\/revisions"}],"wp:featuredmedia":[{"embeddable":true,"href":"https:\/\/www.contem.es\/es\/wp-json\/wp\/v2\/media\/5327"}],"wp:attachment":[{"href":"https:\/\/www.contem.es\/es\/wp-json\/wp\/v2\/media?parent=5326"}],"wp:term":[{"taxonomy":"category","embeddable":true,"href":"https:\/\/www.contem.es\/es\/wp-json\/wp\/v2\/categories?post=5326"},{"taxonomy":"post_tag","embeddable":true,"href":"https:\/\/www.contem.es\/es\/wp-json\/wp\/v2\/tags?post=5326"}],"curies":[{"name":"wp","href":"https:\/\/api.w.org\/{rel}","templated":true}]}}