{"id":5302,"date":"2024-10-29T00:00:00","date_gmt":"2024-10-29T00:00:00","guid":{"rendered":"https:\/\/www.contem.es\/mera-publicidad-u-oferta-comercial\/"},"modified":"2024-10-29T00:00:00","modified_gmt":"2024-10-29T00:00:00","slug":"mera-publicidad-u-oferta-comercial","status":"publish","type":"post","link":"https:\/\/www.contem.es\/es\/mera-publicidad-u-oferta-comercial\/","title":{"rendered":"\u00bfMera publicidad u oferta comercial?"},"content":{"rendered":"<p>Existe una diferencia entre la <em>mera publicidad<\/em> \u2013entendida como un anuncio dirigido a los consumidores en general\u2013<em> <\/em><i><em>y<\/em> la oferta contractual <\/i>propiamente dicha.\u00a0En el primer caso se trata de mera informaci\u00f3n para darse a conocer, pero <i>sin intenci\u00f3n de contratar en unas condiciones concretas<\/i>, mientras que en el segundo\u00a0el oferente <i>quedar\u00e1 vinculado en todos los t\u00e9rminos de la oferta<\/i> en cuanto el destinatario la acepte. De este modo:<\/p>\n<ul>\n<li>Existe oferta cuando en el mensaje se encuentran los <i>elementos b\u00e1sicos para concertar la operaci\u00f3n (identificaci\u00f3n del bien ofertado y de su precio)<\/i>, siendo suficiente con que el destinatario acepte para que pueda entenderse concluido el contrato, sin m\u00e1s negociaci\u00f3n. Eso s\u00ed:\u00a0es posible establecer l\u00edmites temporales o geogr\u00e1ficos (por ejemplo, incluyendo frases del tipo \u201coferta v\u00e1lida entre tal y tal fecha\u201d u \u201coferta v\u00e1lida en nuestras tiendas de la provincia de&#8230;\u201d).<\/li>\n<\/ul>\n<ul>\n<li>En cambio, cuando no se definen ni se especifican los elementos esenciales y m\u00ednimos para que el destinatario conozca las condiciones del contrato, el mensaje es <i>mera publicidad y no resulta vinculante<\/i>.\u00a0Por ejemplo, cuando se utilizan expresiones gen\u00e9ricas como \u201cse vende\u201d, \u201cmuebles de ocasi\u00f3n\u201d, \u201cdescuentos de hasta el 50%\u201d o \u201cla semana de las rebajas\u201d.<\/li>\n<\/ul>\n<p>As\u00ed pues, la diferencia est\u00e1 en el contenido del mensaje que se divulga. Es indiferente que su intenci\u00f3n nunca fuera quedar vinculado, o incluso que cometiera un error; si en el mensaje da los detalles suficientes sobre el producto o los servicios que presta, <i>quedar\u00e1 vinculado<\/i>. A estos efectos, el criterio de los tribunales es que basta con que la informaci\u00f3n sirva para que el consumidor pueda tomar una decisi\u00f3n; de hecho, aunque no se indiquen todas las caracter\u00edsticas del producto,<i> se considera oferta vinculante <\/i>cuando el comerciante <i>remite a su sitio en Internet, en el que consta la informaci\u00f3n esencial<\/i> o una presentaci\u00f3n escrita o visual que contenga el producto y su precio, aunque se utilice un mismo texto o imagen para designar las diferentes variantes del mismo producto.<\/p>\n<p>\u00a0<\/p>\n<p> Nuestros asesores le informar\u00e1n sobre qu\u00e9 informaci\u00f3n debe incluir en su publicidad dirigida tanto a consumidores como a clientes empresarios para no quedar vinculado en unos t\u00e9rminos concretos.<\/p>\n","protected":false},"excerpt":{"rendered":"<p>Existe una diferencia entre la mera publicidad &ndash;entendida como un anuncio dirigido a los consumidores en general&ndash; y la oferta contractual propiamente dicha.&nbsp;En el primer caso se trata de mera informaci&oacute;n para darse a conocer, pero sin intenci&oacute;n de contratar en unas condiciones concretas, mientras que en el segundo&nbsp;el oferente quedar&aacute; vinculado en todos los [&hellip;]<\/p>\n","protected":false},"author":7,"featured_media":5303,"comment_status":"closed","ping_status":"closed","sticky":false,"template":"","format":"standard","meta":{"footnotes":""},"categories":[93],"tags":[],"class_list":["post-5302","post","type-post","status-publish","format-standard","has-post-thumbnail","hentry","category-mercantil"],"yoast_head":"<!-- This site is optimized with the Yoast SEO plugin v27.4 - https:\/\/yoast.com\/product\/yoast-seo-wordpress\/ -->\n<title>\u00bfMera publicidad u oferta comercial? | Contem Assessors<\/title>\n<meta name=\"robots\" content=\"index, follow, max-snippet:-1, max-image-preview:large, max-video-preview:-1\" \/>\n<link rel=\"canonical\" href=\"https:\/\/www.contem.es\/es\/mera-publicidad-u-oferta-comercial\/\" \/>\n<meta property=\"og:locale\" content=\"es_ES\" \/>\n<meta property=\"og:type\" content=\"article\" \/>\n<meta property=\"og:title\" content=\"\u00bfMera publicidad u oferta comercial? | Contem Assessors\" \/>\n<meta property=\"og:description\" content=\"Existe una diferencia entre la mera publicidad &ndash;entendida como un anuncio dirigido a los consumidores en general&ndash; y la oferta contractual propiamente dicha.&nbsp;En el primer caso se trata de mera informaci&oacute;n para darse a conocer, pero sin intenci&oacute;n de contratar en unas condiciones concretas, mientras que en el segundo&nbsp;el oferente quedar&aacute; vinculado en todos los [&hellip;]\" \/>\n<meta property=\"og:url\" content=\"https:\/\/www.contem.es\/es\/mera-publicidad-u-oferta-comercial\/\" \/>\n<meta property=\"og:site_name\" content=\"Contem Assessors\" \/>\n<meta property=\"article:published_time\" content=\"2024-10-29T00:00:00+00:00\" \/>\n<meta property=\"og:image\" content=\"https:\/\/www.contem.es\/wp-content\/uploads\/2016\/06\/touch-icon-contem.png\" \/>\n<meta name=\"author\" content=\"rss\" \/>\n<meta name=\"twitter:card\" content=\"summary_large_image\" \/>\n<meta name=\"twitter:creator\" content=\"@contemassessors\" \/>\n<meta name=\"twitter:site\" content=\"@contemassessors\" \/>\n<meta name=\"twitter:label1\" content=\"Escrito por\" \/>\n\t<meta name=\"twitter:data1\" content=\"rss\" \/>\n\t<meta name=\"twitter:label2\" content=\"Tiempo de lectura\" \/>\n\t<meta name=\"twitter:data2\" content=\"2 minutos\" \/>\n<script type=\"application\/ld+json\" class=\"yoast-schema-graph\">{\"@context\":\"https:\\\/\\\/schema.org\",\"@graph\":[{\"@type\":\"Article\",\"@id\":\"https:\\\/\\\/www.contem.es\\\/es\\\/mera-publicidad-u-oferta-comercial\\\/#article\",\"isPartOf\":{\"@id\":\"https:\\\/\\\/www.contem.es\\\/es\\\/mera-publicidad-u-oferta-comercial\\\/\"},\"author\":{\"name\":\"rss\",\"@id\":\"https:\\\/\\\/www.contem.es\\\/es\\\/#\\\/schema\\\/person\\\/c1284c1e1887128f110dc4a88f6137ae\"},\"headline\":\"\u00bfMera publicidad u oferta comercial?\",\"datePublished\":\"2024-10-29T00:00:00+00:00\",\"mainEntityOfPage\":{\"@id\":\"https:\\\/\\\/www.contem.es\\\/es\\\/mera-publicidad-u-oferta-comercial\\\/\"},\"wordCount\":384,\"publisher\":{\"@id\":\"https:\\\/\\\/www.contem.es\\\/es\\\/#organization\"},\"image\":{\"@id\":\"https:\\\/\\\/www.contem.es\\\/es\\\/mera-publicidad-u-oferta-comercial\\\/#primaryimage\"},\"thumbnailUrl\":\"https:\\\/\\\/www.contem.es\\\/wp-content\\\/uploads\\\/2024\\\/10\\\/shutterstock233565478-bcSize-650x118-2.jpg\",\"articleSection\":[\"Mercantil\"],\"inLanguage\":\"es\"},{\"@type\":\"WebPage\",\"@id\":\"https:\\\/\\\/www.contem.es\\\/es\\\/mera-publicidad-u-oferta-comercial\\\/\",\"url\":\"https:\\\/\\\/www.contem.es\\\/es\\\/mera-publicidad-u-oferta-comercial\\\/\",\"name\":\"\u00bfMera publicidad u oferta comercial? | Contem Assessors\",\"isPartOf\":{\"@id\":\"https:\\\/\\\/www.contem.es\\\/es\\\/#website\"},\"primaryImageOfPage\":{\"@id\":\"https:\\\/\\\/www.contem.es\\\/es\\\/mera-publicidad-u-oferta-comercial\\\/#primaryimage\"},\"image\":{\"@id\":\"https:\\\/\\\/www.contem.es\\\/es\\\/mera-publicidad-u-oferta-comercial\\\/#primaryimage\"},\"thumbnailUrl\":\"https:\\\/\\\/www.contem.es\\\/wp-content\\\/uploads\\\/2024\\\/10\\\/shutterstock233565478-bcSize-650x118-2.jpg\",\"datePublished\":\"2024-10-29T00:00:00+00:00\",\"breadcrumb\":{\"@id\":\"https:\\\/\\\/www.contem.es\\\/es\\\/mera-publicidad-u-oferta-comercial\\\/#breadcrumb\"},\"inLanguage\":\"es\",\"potentialAction\":[{\"@type\":\"ReadAction\",\"target\":[\"https:\\\/\\\/www.contem.es\\\/es\\\/mera-publicidad-u-oferta-comercial\\\/\"]}]},{\"@type\":\"ImageObject\",\"inLanguage\":\"es\",\"@id\":\"https:\\\/\\\/www.contem.es\\\/es\\\/mera-publicidad-u-oferta-comercial\\\/#primaryimage\",\"url\":\"https:\\\/\\\/www.contem.es\\\/wp-content\\\/uploads\\\/2024\\\/10\\\/shutterstock233565478-bcSize-650x118-2.jpg\",\"contentUrl\":\"https:\\\/\\\/www.contem.es\\\/wp-content\\\/uploads\\\/2024\\\/10\\\/shutterstock233565478-bcSize-650x118-2.jpg\",\"width\":650,\"height\":118},{\"@type\":\"BreadcrumbList\",\"@id\":\"https:\\\/\\\/www.contem.es\\\/es\\\/mera-publicidad-u-oferta-comercial\\\/#breadcrumb\",\"itemListElement\":[{\"@type\":\"ListItem\",\"position\":1,\"name\":\"Inici\",\"item\":\"https:\\\/\\\/www.contem.es\\\/es\\\/\"},{\"@type\":\"ListItem\",\"position\":2,\"name\":\"\u00bfMera publicidad u oferta comercial?\"}]},{\"@type\":\"WebSite\",\"@id\":\"https:\\\/\\\/www.contem.es\\\/es\\\/#website\",\"url\":\"https:\\\/\\\/www.contem.es\\\/es\\\/\",\"name\":\"Contem Assessors\",\"description\":\"Fiscal, comptable , laboral , jur\u00eddic , econ\u00f2mic i assegurances\",\"publisher\":{\"@id\":\"https:\\\/\\\/www.contem.es\\\/es\\\/#organization\"},\"potentialAction\":[{\"@type\":\"SearchAction\",\"target\":{\"@type\":\"EntryPoint\",\"urlTemplate\":\"https:\\\/\\\/www.contem.es\\\/es\\\/?s={search_term_string}\"},\"query-input\":{\"@type\":\"PropertyValueSpecification\",\"valueRequired\":true,\"valueName\":\"search_term_string\"}}],\"inLanguage\":\"es\"},{\"@type\":\"Organization\",\"@id\":\"https:\\\/\\\/www.contem.es\\\/es\\\/#organization\",\"name\":\"Contem Assessors\",\"url\":\"https:\\\/\\\/www.contem.es\\\/es\\\/\",\"logo\":{\"@type\":\"ImageObject\",\"inLanguage\":\"es\",\"@id\":\"https:\\\/\\\/www.contem.es\\\/es\\\/#\\\/schema\\\/logo\\\/image\\\/\",\"url\":\"https:\\\/\\\/www.contem.es\\\/wp-content\\\/uploads\\\/2016\\\/06\\\/touch-icon-contem.png\",\"contentUrl\":\"https:\\\/\\\/www.contem.es\\\/wp-content\\\/uploads\\\/2016\\\/06\\\/touch-icon-contem.png\",\"width\":120,\"height\":120,\"caption\":\"Contem Assessors\"},\"image\":{\"@id\":\"https:\\\/\\\/www.contem.es\\\/es\\\/#\\\/schema\\\/logo\\\/image\\\/\"},\"sameAs\":[\"https:\\\/\\\/x.com\\\/contemassessors\",\"https:\\\/\\\/www.linkedin.com\\\/company\\\/contem-assessors\"]},{\"@type\":\"Person\",\"@id\":\"https:\\\/\\\/www.contem.es\\\/es\\\/#\\\/schema\\\/person\\\/c1284c1e1887128f110dc4a88f6137ae\",\"name\":\"rss\",\"image\":{\"@type\":\"ImageObject\",\"inLanguage\":\"es\",\"@id\":\"https:\\\/\\\/secure.gravatar.com\\\/avatar\\\/ab3bd31bf66b0e143141b04dbe6aa5f58290e800756006b9aef442f9b1e697cb?s=96&d=mm&r=g\",\"url\":\"https:\\\/\\\/secure.gravatar.com\\\/avatar\\\/ab3bd31bf66b0e143141b04dbe6aa5f58290e800756006b9aef442f9b1e697cb?s=96&d=mm&r=g\",\"contentUrl\":\"https:\\\/\\\/secure.gravatar.com\\\/avatar\\\/ab3bd31bf66b0e143141b04dbe6aa5f58290e800756006b9aef442f9b1e697cb?s=96&d=mm&r=g\",\"caption\":\"rss\"},\"url\":\"https:\\\/\\\/www.contem.es\\\/es\\\/author\\\/rss\\\/\"}]}<\/script>\n<!-- \/ Yoast SEO plugin. -->","yoast_head_json":{"title":"\u00bfMera publicidad u oferta comercial? | Contem Assessors","robots":{"index":"index","follow":"follow","max-snippet":"max-snippet:-1","max-image-preview":"max-image-preview:large","max-video-preview":"max-video-preview:-1"},"canonical":"https:\/\/www.contem.es\/es\/mera-publicidad-u-oferta-comercial\/","og_locale":"es_ES","og_type":"article","og_title":"\u00bfMera publicidad u oferta comercial? | Contem Assessors","og_description":"Existe una diferencia entre la mera publicidad &ndash;entendida como un anuncio dirigido a los consumidores en general&ndash; y la oferta contractual propiamente dicha.&nbsp;En el primer caso se trata de mera informaci&oacute;n para darse a conocer, pero sin intenci&oacute;n de contratar en unas condiciones concretas, mientras que en el segundo&nbsp;el oferente quedar&aacute; vinculado en todos los [&hellip;]","og_url":"https:\/\/www.contem.es\/es\/mera-publicidad-u-oferta-comercial\/","og_site_name":"Contem Assessors","article_published_time":"2024-10-29T00:00:00+00:00","og_image":[{"url":"https:\/\/www.contem.es\/wp-content\/uploads\/2016\/06\/touch-icon-contem.png","type":"","width":"","height":""}],"author":"rss","twitter_card":"summary_large_image","twitter_creator":"@contemassessors","twitter_site":"@contemassessors","twitter_misc":{"Escrito por":"rss","Tiempo de lectura":"2 minutos"},"schema":{"@context":"https:\/\/schema.org","@graph":[{"@type":"Article","@id":"https:\/\/www.contem.es\/es\/mera-publicidad-u-oferta-comercial\/#article","isPartOf":{"@id":"https:\/\/www.contem.es\/es\/mera-publicidad-u-oferta-comercial\/"},"author":{"name":"rss","@id":"https:\/\/www.contem.es\/es\/#\/schema\/person\/c1284c1e1887128f110dc4a88f6137ae"},"headline":"\u00bfMera publicidad u oferta comercial?","datePublished":"2024-10-29T00:00:00+00:00","mainEntityOfPage":{"@id":"https:\/\/www.contem.es\/es\/mera-publicidad-u-oferta-comercial\/"},"wordCount":384,"publisher":{"@id":"https:\/\/www.contem.es\/es\/#organization"},"image":{"@id":"https:\/\/www.contem.es\/es\/mera-publicidad-u-oferta-comercial\/#primaryimage"},"thumbnailUrl":"https:\/\/www.contem.es\/wp-content\/uploads\/2024\/10\/shutterstock233565478-bcSize-650x118-2.jpg","articleSection":["Mercantil"],"inLanguage":"es"},{"@type":"WebPage","@id":"https:\/\/www.contem.es\/es\/mera-publicidad-u-oferta-comercial\/","url":"https:\/\/www.contem.es\/es\/mera-publicidad-u-oferta-comercial\/","name":"\u00bfMera publicidad u oferta comercial? | Contem Assessors","isPartOf":{"@id":"https:\/\/www.contem.es\/es\/#website"},"primaryImageOfPage":{"@id":"https:\/\/www.contem.es\/es\/mera-publicidad-u-oferta-comercial\/#primaryimage"},"image":{"@id":"https:\/\/www.contem.es\/es\/mera-publicidad-u-oferta-comercial\/#primaryimage"},"thumbnailUrl":"https:\/\/www.contem.es\/wp-content\/uploads\/2024\/10\/shutterstock233565478-bcSize-650x118-2.jpg","datePublished":"2024-10-29T00:00:00+00:00","breadcrumb":{"@id":"https:\/\/www.contem.es\/es\/mera-publicidad-u-oferta-comercial\/#breadcrumb"},"inLanguage":"es","potentialAction":[{"@type":"ReadAction","target":["https:\/\/www.contem.es\/es\/mera-publicidad-u-oferta-comercial\/"]}]},{"@type":"ImageObject","inLanguage":"es","@id":"https:\/\/www.contem.es\/es\/mera-publicidad-u-oferta-comercial\/#primaryimage","url":"https:\/\/www.contem.es\/wp-content\/uploads\/2024\/10\/shutterstock233565478-bcSize-650x118-2.jpg","contentUrl":"https:\/\/www.contem.es\/wp-content\/uploads\/2024\/10\/shutterstock233565478-bcSize-650x118-2.jpg","width":650,"height":118},{"@type":"BreadcrumbList","@id":"https:\/\/www.contem.es\/es\/mera-publicidad-u-oferta-comercial\/#breadcrumb","itemListElement":[{"@type":"ListItem","position":1,"name":"Inici","item":"https:\/\/www.contem.es\/es\/"},{"@type":"ListItem","position":2,"name":"\u00bfMera publicidad u oferta comercial?"}]},{"@type":"WebSite","@id":"https:\/\/www.contem.es\/es\/#website","url":"https:\/\/www.contem.es\/es\/","name":"Contem Assessors","description":"Fiscal, comptable , laboral , jur\u00eddic , econ\u00f2mic i assegurances","publisher":{"@id":"https:\/\/www.contem.es\/es\/#organization"},"potentialAction":[{"@type":"SearchAction","target":{"@type":"EntryPoint","urlTemplate":"https:\/\/www.contem.es\/es\/?s={search_term_string}"},"query-input":{"@type":"PropertyValueSpecification","valueRequired":true,"valueName":"search_term_string"}}],"inLanguage":"es"},{"@type":"Organization","@id":"https:\/\/www.contem.es\/es\/#organization","name":"Contem Assessors","url":"https:\/\/www.contem.es\/es\/","logo":{"@type":"ImageObject","inLanguage":"es","@id":"https:\/\/www.contem.es\/es\/#\/schema\/logo\/image\/","url":"https:\/\/www.contem.es\/wp-content\/uploads\/2016\/06\/touch-icon-contem.png","contentUrl":"https:\/\/www.contem.es\/wp-content\/uploads\/2016\/06\/touch-icon-contem.png","width":120,"height":120,"caption":"Contem Assessors"},"image":{"@id":"https:\/\/www.contem.es\/es\/#\/schema\/logo\/image\/"},"sameAs":["https:\/\/x.com\/contemassessors","https:\/\/www.linkedin.com\/company\/contem-assessors"]},{"@type":"Person","@id":"https:\/\/www.contem.es\/es\/#\/schema\/person\/c1284c1e1887128f110dc4a88f6137ae","name":"rss","image":{"@type":"ImageObject","inLanguage":"es","@id":"https:\/\/secure.gravatar.com\/avatar\/ab3bd31bf66b0e143141b04dbe6aa5f58290e800756006b9aef442f9b1e697cb?s=96&d=mm&r=g","url":"https:\/\/secure.gravatar.com\/avatar\/ab3bd31bf66b0e143141b04dbe6aa5f58290e800756006b9aef442f9b1e697cb?s=96&d=mm&r=g","contentUrl":"https:\/\/secure.gravatar.com\/avatar\/ab3bd31bf66b0e143141b04dbe6aa5f58290e800756006b9aef442f9b1e697cb?s=96&d=mm&r=g","caption":"rss"},"url":"https:\/\/www.contem.es\/es\/author\/rss\/"}]}},"_links":{"self":[{"href":"https:\/\/www.contem.es\/es\/wp-json\/wp\/v2\/posts\/5302","targetHints":{"allow":["GET"]}}],"collection":[{"href":"https:\/\/www.contem.es\/es\/wp-json\/wp\/v2\/posts"}],"about":[{"href":"https:\/\/www.contem.es\/es\/wp-json\/wp\/v2\/types\/post"}],"author":[{"embeddable":true,"href":"https:\/\/www.contem.es\/es\/wp-json\/wp\/v2\/users\/7"}],"replies":[{"embeddable":true,"href":"https:\/\/www.contem.es\/es\/wp-json\/wp\/v2\/comments?post=5302"}],"version-history":[{"count":0,"href":"https:\/\/www.contem.es\/es\/wp-json\/wp\/v2\/posts\/5302\/revisions"}],"wp:featuredmedia":[{"embeddable":true,"href":"https:\/\/www.contem.es\/es\/wp-json\/wp\/v2\/media\/5303"}],"wp:attachment":[{"href":"https:\/\/www.contem.es\/es\/wp-json\/wp\/v2\/media?parent=5302"}],"wp:term":[{"taxonomy":"category","embeddable":true,"href":"https:\/\/www.contem.es\/es\/wp-json\/wp\/v2\/categories?post=5302"},{"taxonomy":"post_tag","embeddable":true,"href":"https:\/\/www.contem.es\/es\/wp-json\/wp\/v2\/tags?post=5302"}],"curies":[{"name":"wp","href":"https:\/\/api.w.org\/{rel}","templated":true}]}}