{"id":5278,"date":"2024-10-24T00:00:00","date_gmt":"2024-10-24T00:00:00","guid":{"rendered":"https:\/\/www.contem.es\/dias-de-libre-disposicion\/"},"modified":"2024-10-24T00:00:00","modified_gmt":"2024-10-24T00:00:00","slug":"dias-de-libre-disposicion","status":"publish","type":"post","link":"https:\/\/www.contem.es\/es\/dias-de-libre-disposicion\/","title":{"rendered":"D\u00edas de libre disposici\u00f3n"},"content":{"rendered":"<p>En el d\u00eda a d\u00eda de las empresas es frecuente que los empleados necesiten ausentarse del trabajo por motivos personales. Los d\u00edas de libre disposici\u00f3n permiten conciliar la vida personal y laboral, aunque su gesti\u00f3n puede llegar a ser compleja.<\/p>\n<p>Los d\u00edas de libre disposici\u00f3n \u2013tambi\u00e9n conocidos como d\u00edas de asuntos propios\u2013 son aquellos d\u00edas que las personas trabajadoras pueden utilizar a lo largo del a\u00f1o para ausentarse del trabajo sin necesidad de justificar la causa de su ausencia. El objetivo del disfrute de estos d\u00edas es facilitar el tiempo necesario para realizar las gestiones personales que los trabajadores no pueden efectuar durante su tiempo de descanso semanal.<\/p>\n<p>Dado que la ley no establece nada respecto a este tipo de permisos, en general no es obligatorio que la empresa conceda d\u00edas de libre disposici\u00f3n a sus trabajadores. No obstante, los d\u00edas de asuntos propios son habitualmente reconocidos por convenio colectivo o por pol\u00edticas o acuerdos de empresa. Por tanto, si un empleado solicita su disfrute, la empresa debe consultar siempre qu\u00e9 disponen estos documentos antes de darle una respuesta. Si en dichos documentos se reconoce su disfrute, debe acceder a la solicitud.<\/p>\n<p>La ley no dice nada sobre si los d\u00edas de libre disposici\u00f3n deben o no recuperarse, por lo que la obligatoriedad o no de que los trabajadores los recuperen depender\u00e1 tambi\u00e9n de lo dispuesto por convenio colectivo o por acuerdos o pol\u00edticas de empresa. En defecto de regulaci\u00f3n por convenio o acuerdo empresarial, la empresa deber\u00e1 tener en cuenta cu\u00e1l es la pr\u00e1ctica que se viene llevando a cabo con car\u00e1cter habitual.<\/p>\n<p>Para saber si se deben retribuir dichas ausencias, se deber\u00e1 tambi\u00e9n consultar lo dispuesto en convenio o acuerdo colectivo. Si el convenio equipara su disfrute al del resto de permisos retribuidos, existir\u00e1 la obligaci\u00f3n de abonar a los afectados el mismo salario que cobrar\u00edan en condiciones normales.<\/p>\n<p>\u00a0<\/p>\n<p> Nuestros profesionales le informar\u00e1n sobre cualquier duda que tenga respecto a los permisos y d\u00edas de libre disposici\u00f3n.<\/p>\n","protected":false},"excerpt":{"rendered":"<p>En el d&iacute;a a d&iacute;a de las empresas es frecuente que los empleados necesiten ausentarse del trabajo por motivos personales. Los d&iacute;as de libre disposici&oacute;n permiten conciliar la vida personal y laboral, aunque su gesti&oacute;n puede llegar a ser compleja. Los d&iacute;as de libre disposici&oacute;n &ndash;tambi&eacute;n conocidos como d&iacute;as de asuntos propios&ndash; son aquellos d&iacute;as [&hellip;]<\/p>\n","protected":false},"author":7,"featured_media":5279,"comment_status":"closed","ping_status":"closed","sticky":false,"template":"","format":"standard","meta":{"footnotes":""},"categories":[19],"tags":[],"class_list":["post-5278","post","type-post","status-publish","format-standard","has-post-thumbnail","hentry","category-laboral"],"yoast_head":"<!-- This site is optimized with the Yoast SEO plugin v27.5 - https:\/\/yoast.com\/product\/yoast-seo-wordpress\/ -->\n<title>D\u00edas de libre disposici\u00f3n | Contem Assessors<\/title>\n<meta name=\"robots\" content=\"index, follow, max-snippet:-1, max-image-preview:large, max-video-preview:-1\" \/>\n<link rel=\"canonical\" href=\"https:\/\/www.contem.es\/es\/dias-de-libre-disposicion\/\" \/>\n<meta property=\"og:locale\" content=\"es_ES\" \/>\n<meta property=\"og:type\" content=\"article\" \/>\n<meta property=\"og:title\" content=\"D\u00edas de libre disposici\u00f3n | Contem Assessors\" \/>\n<meta property=\"og:description\" content=\"En el d&iacute;a a d&iacute;a de las empresas es frecuente que los empleados necesiten ausentarse del trabajo por motivos personales. Los d&iacute;as de libre disposici&oacute;n permiten conciliar la vida personal y laboral, aunque su gesti&oacute;n puede llegar a ser compleja. Los d&iacute;as de libre disposici&oacute;n &ndash;tambi&eacute;n conocidos como d&iacute;as de asuntos propios&ndash; son aquellos d&iacute;as [&hellip;]\" \/>\n<meta property=\"og:url\" content=\"https:\/\/www.contem.es\/es\/dias-de-libre-disposicion\/\" \/>\n<meta property=\"og:site_name\" content=\"Contem Assessors\" \/>\n<meta property=\"article:published_time\" content=\"2024-10-24T00:00:00+00:00\" \/>\n<meta property=\"og:image\" content=\"https:\/\/www.contem.es\/wp-content\/uploads\/2016\/06\/touch-icon-contem.png\" \/>\n<meta name=\"author\" content=\"rss\" \/>\n<meta name=\"twitter:card\" content=\"summary_large_image\" \/>\n<meta name=\"twitter:creator\" content=\"@contemassessors\" \/>\n<meta name=\"twitter:site\" content=\"@contemassessors\" \/>\n<meta name=\"twitter:label1\" content=\"Escrito por\" \/>\n\t<meta name=\"twitter:data1\" content=\"rss\" \/>\n\t<meta name=\"twitter:label2\" content=\"Tiempo de lectura\" \/>\n\t<meta name=\"twitter:data2\" content=\"2 minutos\" \/>\n<script type=\"application\/ld+json\" class=\"yoast-schema-graph\">{\"@context\":\"https:\\\/\\\/schema.org\",\"@graph\":[{\"@type\":\"Article\",\"@id\":\"https:\\\/\\\/www.contem.es\\\/es\\\/dias-de-libre-disposicion\\\/#article\",\"isPartOf\":{\"@id\":\"https:\\\/\\\/www.contem.es\\\/es\\\/dias-de-libre-disposicion\\\/\"},\"author\":{\"name\":\"rss\",\"@id\":\"https:\\\/\\\/www.contem.es\\\/es\\\/#\\\/schema\\\/person\\\/c1284c1e1887128f110dc4a88f6137ae\"},\"headline\":\"D\u00edas de libre disposici\u00f3n\",\"datePublished\":\"2024-10-24T00:00:00+00:00\",\"mainEntityOfPage\":{\"@id\":\"https:\\\/\\\/www.contem.es\\\/es\\\/dias-de-libre-disposicion\\\/\"},\"wordCount\":365,\"publisher\":{\"@id\":\"https:\\\/\\\/www.contem.es\\\/es\\\/#organization\"},\"image\":{\"@id\":\"https:\\\/\\\/www.contem.es\\\/es\\\/dias-de-libre-disposicion\\\/#primaryimage\"},\"thumbnailUrl\":\"https:\\\/\\\/www.contem.es\\\/wp-content\\\/uploads\\\/2024\\\/10\\\/shutterstock2262944927-bcSize-650x118-2.jpg\",\"articleSection\":[\"Laboral\"],\"inLanguage\":\"es\"},{\"@type\":\"WebPage\",\"@id\":\"https:\\\/\\\/www.contem.es\\\/es\\\/dias-de-libre-disposicion\\\/\",\"url\":\"https:\\\/\\\/www.contem.es\\\/es\\\/dias-de-libre-disposicion\\\/\",\"name\":\"D\u00edas de libre disposici\u00f3n | Contem Assessors\",\"isPartOf\":{\"@id\":\"https:\\\/\\\/www.contem.es\\\/es\\\/#website\"},\"primaryImageOfPage\":{\"@id\":\"https:\\\/\\\/www.contem.es\\\/es\\\/dias-de-libre-disposicion\\\/#primaryimage\"},\"image\":{\"@id\":\"https:\\\/\\\/www.contem.es\\\/es\\\/dias-de-libre-disposicion\\\/#primaryimage\"},\"thumbnailUrl\":\"https:\\\/\\\/www.contem.es\\\/wp-content\\\/uploads\\\/2024\\\/10\\\/shutterstock2262944927-bcSize-650x118-2.jpg\",\"datePublished\":\"2024-10-24T00:00:00+00:00\",\"breadcrumb\":{\"@id\":\"https:\\\/\\\/www.contem.es\\\/es\\\/dias-de-libre-disposicion\\\/#breadcrumb\"},\"inLanguage\":\"es\",\"potentialAction\":[{\"@type\":\"ReadAction\",\"target\":[\"https:\\\/\\\/www.contem.es\\\/es\\\/dias-de-libre-disposicion\\\/\"]}]},{\"@type\":\"ImageObject\",\"inLanguage\":\"es\",\"@id\":\"https:\\\/\\\/www.contem.es\\\/es\\\/dias-de-libre-disposicion\\\/#primaryimage\",\"url\":\"https:\\\/\\\/www.contem.es\\\/wp-content\\\/uploads\\\/2024\\\/10\\\/shutterstock2262944927-bcSize-650x118-2.jpg\",\"contentUrl\":\"https:\\\/\\\/www.contem.es\\\/wp-content\\\/uploads\\\/2024\\\/10\\\/shutterstock2262944927-bcSize-650x118-2.jpg\",\"width\":650,\"height\":118},{\"@type\":\"BreadcrumbList\",\"@id\":\"https:\\\/\\\/www.contem.es\\\/es\\\/dias-de-libre-disposicion\\\/#breadcrumb\",\"itemListElement\":[{\"@type\":\"ListItem\",\"position\":1,\"name\":\"Inici\",\"item\":\"https:\\\/\\\/www.contem.es\\\/es\\\/\"},{\"@type\":\"ListItem\",\"position\":2,\"name\":\"D\u00edas de libre disposici\u00f3n\"}]},{\"@type\":\"WebSite\",\"@id\":\"https:\\\/\\\/www.contem.es\\\/es\\\/#website\",\"url\":\"https:\\\/\\\/www.contem.es\\\/es\\\/\",\"name\":\"Contem Assessors\",\"description\":\"Fiscal, comptable , laboral , jur\u00eddic , econ\u00f2mic i assegurances\",\"publisher\":{\"@id\":\"https:\\\/\\\/www.contem.es\\\/es\\\/#organization\"},\"potentialAction\":[{\"@type\":\"SearchAction\",\"target\":{\"@type\":\"EntryPoint\",\"urlTemplate\":\"https:\\\/\\\/www.contem.es\\\/es\\\/?s={search_term_string}\"},\"query-input\":{\"@type\":\"PropertyValueSpecification\",\"valueRequired\":true,\"valueName\":\"search_term_string\"}}],\"inLanguage\":\"es\"},{\"@type\":\"Organization\",\"@id\":\"https:\\\/\\\/www.contem.es\\\/es\\\/#organization\",\"name\":\"Contem Assessors\",\"url\":\"https:\\\/\\\/www.contem.es\\\/es\\\/\",\"logo\":{\"@type\":\"ImageObject\",\"inLanguage\":\"es\",\"@id\":\"https:\\\/\\\/www.contem.es\\\/es\\\/#\\\/schema\\\/logo\\\/image\\\/\",\"url\":\"https:\\\/\\\/www.contem.es\\\/wp-content\\\/uploads\\\/2016\\\/06\\\/touch-icon-contem.png\",\"contentUrl\":\"https:\\\/\\\/www.contem.es\\\/wp-content\\\/uploads\\\/2016\\\/06\\\/touch-icon-contem.png\",\"width\":120,\"height\":120,\"caption\":\"Contem Assessors\"},\"image\":{\"@id\":\"https:\\\/\\\/www.contem.es\\\/es\\\/#\\\/schema\\\/logo\\\/image\\\/\"},\"sameAs\":[\"https:\\\/\\\/x.com\\\/contemassessors\",\"https:\\\/\\\/www.linkedin.com\\\/company\\\/contem-assessors\"]},{\"@type\":\"Person\",\"@id\":\"https:\\\/\\\/www.contem.es\\\/es\\\/#\\\/schema\\\/person\\\/c1284c1e1887128f110dc4a88f6137ae\",\"name\":\"rss\",\"image\":{\"@type\":\"ImageObject\",\"inLanguage\":\"es\",\"@id\":\"https:\\\/\\\/secure.gravatar.com\\\/avatar\\\/ab3bd31bf66b0e143141b04dbe6aa5f58290e800756006b9aef442f9b1e697cb?s=96&d=mm&r=g\",\"url\":\"https:\\\/\\\/secure.gravatar.com\\\/avatar\\\/ab3bd31bf66b0e143141b04dbe6aa5f58290e800756006b9aef442f9b1e697cb?s=96&d=mm&r=g\",\"contentUrl\":\"https:\\\/\\\/secure.gravatar.com\\\/avatar\\\/ab3bd31bf66b0e143141b04dbe6aa5f58290e800756006b9aef442f9b1e697cb?s=96&d=mm&r=g\",\"caption\":\"rss\"},\"url\":\"https:\\\/\\\/www.contem.es\\\/es\\\/author\\\/rss\\\/\"}]}<\/script>\n<!-- \/ Yoast SEO plugin. -->","yoast_head_json":{"title":"D\u00edas de libre disposici\u00f3n | Contem Assessors","robots":{"index":"index","follow":"follow","max-snippet":"max-snippet:-1","max-image-preview":"max-image-preview:large","max-video-preview":"max-video-preview:-1"},"canonical":"https:\/\/www.contem.es\/es\/dias-de-libre-disposicion\/","og_locale":"es_ES","og_type":"article","og_title":"D\u00edas de libre disposici\u00f3n | Contem Assessors","og_description":"En el d&iacute;a a d&iacute;a de las empresas es frecuente que los empleados necesiten ausentarse del trabajo por motivos personales. Los d&iacute;as de libre disposici&oacute;n permiten conciliar la vida personal y laboral, aunque su gesti&oacute;n puede llegar a ser compleja. Los d&iacute;as de libre disposici&oacute;n &ndash;tambi&eacute;n conocidos como d&iacute;as de asuntos propios&ndash; son aquellos d&iacute;as [&hellip;]","og_url":"https:\/\/www.contem.es\/es\/dias-de-libre-disposicion\/","og_site_name":"Contem Assessors","article_published_time":"2024-10-24T00:00:00+00:00","og_image":[{"url":"https:\/\/www.contem.es\/wp-content\/uploads\/2016\/06\/touch-icon-contem.png","type":"","width":"","height":""}],"author":"rss","twitter_card":"summary_large_image","twitter_creator":"@contemassessors","twitter_site":"@contemassessors","twitter_misc":{"Escrito por":"rss","Tiempo de lectura":"2 minutos"},"schema":{"@context":"https:\/\/schema.org","@graph":[{"@type":"Article","@id":"https:\/\/www.contem.es\/es\/dias-de-libre-disposicion\/#article","isPartOf":{"@id":"https:\/\/www.contem.es\/es\/dias-de-libre-disposicion\/"},"author":{"name":"rss","@id":"https:\/\/www.contem.es\/es\/#\/schema\/person\/c1284c1e1887128f110dc4a88f6137ae"},"headline":"D\u00edas de libre disposici\u00f3n","datePublished":"2024-10-24T00:00:00+00:00","mainEntityOfPage":{"@id":"https:\/\/www.contem.es\/es\/dias-de-libre-disposicion\/"},"wordCount":365,"publisher":{"@id":"https:\/\/www.contem.es\/es\/#organization"},"image":{"@id":"https:\/\/www.contem.es\/es\/dias-de-libre-disposicion\/#primaryimage"},"thumbnailUrl":"https:\/\/www.contem.es\/wp-content\/uploads\/2024\/10\/shutterstock2262944927-bcSize-650x118-2.jpg","articleSection":["Laboral"],"inLanguage":"es"},{"@type":"WebPage","@id":"https:\/\/www.contem.es\/es\/dias-de-libre-disposicion\/","url":"https:\/\/www.contem.es\/es\/dias-de-libre-disposicion\/","name":"D\u00edas de libre disposici\u00f3n | Contem Assessors","isPartOf":{"@id":"https:\/\/www.contem.es\/es\/#website"},"primaryImageOfPage":{"@id":"https:\/\/www.contem.es\/es\/dias-de-libre-disposicion\/#primaryimage"},"image":{"@id":"https:\/\/www.contem.es\/es\/dias-de-libre-disposicion\/#primaryimage"},"thumbnailUrl":"https:\/\/www.contem.es\/wp-content\/uploads\/2024\/10\/shutterstock2262944927-bcSize-650x118-2.jpg","datePublished":"2024-10-24T00:00:00+00:00","breadcrumb":{"@id":"https:\/\/www.contem.es\/es\/dias-de-libre-disposicion\/#breadcrumb"},"inLanguage":"es","potentialAction":[{"@type":"ReadAction","target":["https:\/\/www.contem.es\/es\/dias-de-libre-disposicion\/"]}]},{"@type":"ImageObject","inLanguage":"es","@id":"https:\/\/www.contem.es\/es\/dias-de-libre-disposicion\/#primaryimage","url":"https:\/\/www.contem.es\/wp-content\/uploads\/2024\/10\/shutterstock2262944927-bcSize-650x118-2.jpg","contentUrl":"https:\/\/www.contem.es\/wp-content\/uploads\/2024\/10\/shutterstock2262944927-bcSize-650x118-2.jpg","width":650,"height":118},{"@type":"BreadcrumbList","@id":"https:\/\/www.contem.es\/es\/dias-de-libre-disposicion\/#breadcrumb","itemListElement":[{"@type":"ListItem","position":1,"name":"Inici","item":"https:\/\/www.contem.es\/es\/"},{"@type":"ListItem","position":2,"name":"D\u00edas de libre disposici\u00f3n"}]},{"@type":"WebSite","@id":"https:\/\/www.contem.es\/es\/#website","url":"https:\/\/www.contem.es\/es\/","name":"Contem Assessors","description":"Fiscal, comptable , laboral , jur\u00eddic , econ\u00f2mic i assegurances","publisher":{"@id":"https:\/\/www.contem.es\/es\/#organization"},"potentialAction":[{"@type":"SearchAction","target":{"@type":"EntryPoint","urlTemplate":"https:\/\/www.contem.es\/es\/?s={search_term_string}"},"query-input":{"@type":"PropertyValueSpecification","valueRequired":true,"valueName":"search_term_string"}}],"inLanguage":"es"},{"@type":"Organization","@id":"https:\/\/www.contem.es\/es\/#organization","name":"Contem Assessors","url":"https:\/\/www.contem.es\/es\/","logo":{"@type":"ImageObject","inLanguage":"es","@id":"https:\/\/www.contem.es\/es\/#\/schema\/logo\/image\/","url":"https:\/\/www.contem.es\/wp-content\/uploads\/2016\/06\/touch-icon-contem.png","contentUrl":"https:\/\/www.contem.es\/wp-content\/uploads\/2016\/06\/touch-icon-contem.png","width":120,"height":120,"caption":"Contem Assessors"},"image":{"@id":"https:\/\/www.contem.es\/es\/#\/schema\/logo\/image\/"},"sameAs":["https:\/\/x.com\/contemassessors","https:\/\/www.linkedin.com\/company\/contem-assessors"]},{"@type":"Person","@id":"https:\/\/www.contem.es\/es\/#\/schema\/person\/c1284c1e1887128f110dc4a88f6137ae","name":"rss","image":{"@type":"ImageObject","inLanguage":"es","@id":"https:\/\/secure.gravatar.com\/avatar\/ab3bd31bf66b0e143141b04dbe6aa5f58290e800756006b9aef442f9b1e697cb?s=96&d=mm&r=g","url":"https:\/\/secure.gravatar.com\/avatar\/ab3bd31bf66b0e143141b04dbe6aa5f58290e800756006b9aef442f9b1e697cb?s=96&d=mm&r=g","contentUrl":"https:\/\/secure.gravatar.com\/avatar\/ab3bd31bf66b0e143141b04dbe6aa5f58290e800756006b9aef442f9b1e697cb?s=96&d=mm&r=g","caption":"rss"},"url":"https:\/\/www.contem.es\/es\/author\/rss\/"}]}},"_links":{"self":[{"href":"https:\/\/www.contem.es\/es\/wp-json\/wp\/v2\/posts\/5278","targetHints":{"allow":["GET"]}}],"collection":[{"href":"https:\/\/www.contem.es\/es\/wp-json\/wp\/v2\/posts"}],"about":[{"href":"https:\/\/www.contem.es\/es\/wp-json\/wp\/v2\/types\/post"}],"author":[{"embeddable":true,"href":"https:\/\/www.contem.es\/es\/wp-json\/wp\/v2\/users\/7"}],"replies":[{"embeddable":true,"href":"https:\/\/www.contem.es\/es\/wp-json\/wp\/v2\/comments?post=5278"}],"version-history":[{"count":0,"href":"https:\/\/www.contem.es\/es\/wp-json\/wp\/v2\/posts\/5278\/revisions"}],"wp:featuredmedia":[{"embeddable":true,"href":"https:\/\/www.contem.es\/es\/wp-json\/wp\/v2\/media\/5279"}],"wp:attachment":[{"href":"https:\/\/www.contem.es\/es\/wp-json\/wp\/v2\/media?parent=5278"}],"wp:term":[{"taxonomy":"category","embeddable":true,"href":"https:\/\/www.contem.es\/es\/wp-json\/wp\/v2\/categories?post=5278"},{"taxonomy":"post_tag","embeddable":true,"href":"https:\/\/www.contem.es\/es\/wp-json\/wp\/v2\/tags?post=5278"}],"curies":[{"name":"wp","href":"https:\/\/api.w.org\/{rel}","templated":true}]}}