{"id":5263,"date":"2024-10-22T00:00:00","date_gmt":"2024-10-22T00:00:00","guid":{"rendered":"https:\/\/www.contem.es\/como-fijar-la-retribucion-del-administrador\/"},"modified":"2024-10-22T00:00:00","modified_gmt":"2024-10-22T00:00:00","slug":"como-fijar-la-retribucion-del-administrador","status":"publish","type":"post","link":"https:\/\/www.contem.es\/es\/como-fijar-la-retribucion-del-administrador\/","title":{"rendered":"C\u00f3mo fijar la retribuci\u00f3n del administrador"},"content":{"rendered":"<p>Cuando la Junta adopta v\u00e1lidamente un acuerdo por el que se fija una retribuci\u00f3n al administrador, se plantea la duda de si cabe impugnarlo por parte de los socios minoritarios que han votado en contra. Pues bien, si la remuneraci\u00f3n fijada resulta excesiva o desproporcionada, podr\u00e1 impugnarse el acuerdo y anularse<i> para proteger el inter\u00e9s social<\/i> y evitar que el socio mayoritario o un grupo de socios con intereses alineados <i>impongan su voluntad de forma abusiva<\/i>.<\/p>\n<p>La valoraci\u00f3n de la remuneraci\u00f3n debe hacerse<i> teniendo en cuenta la situaci\u00f3n financiera de la empresa. <\/i>Y, dado que ello no siempre es sencillo, la ley ofrece unos par\u00e1metros. El importe fijado debe:<\/p>\n<ul>\n<li>Guardar una<i> proporci\u00f3n razonable <\/i>con la importancia de la sociedad. Para determinar esta proporci\u00f3n debe tenerse en cuenta el tama\u00f1o de la sociedad, la cifra de ventas, el n\u00famero de trabajadores&#8230; No es lo mismo una empresa de cinco trabajadores que opera en un \u00fanico local y a escala nacional que una con cien empleados, varias sedes y que tambi\u00e9n exporta.<\/li>\n<li><i>Ser acorde a la situaci\u00f3n econ\u00f3mica en cada momento.<\/i> Ello implica ponderar la rentabilidad de la sociedad, las expectativas de crecimiento, si hay p\u00e9rdidas o dificultades econ\u00f3micas&#8230;<\/li>\n<li><i>Ser acorde a los est\u00e1ndares de mercado. <\/i>Es decir, debe ser acorde en comparaci\u00f3n con la retribuci\u00f3n de administradores de empresas del mismo sector con un volumen de negocio similar.<\/li>\n<\/ul>\n<p>Adem\u00e1s de lo anterior, es preciso analizar el tipo de remuneraci\u00f3n para valorar si se orienta a la rentabilidad y sostenibilidad de la empresa a largo plazo. A estos efectos, establecer una asignaci\u00f3n fija, el pago de dietas o una indemnizaci\u00f3n por cese no contribuye a dicho fin, salvo que se adopten medidas correctoras (como el pago por objetivos). En cambio, son m\u00e1s acordes la participaci\u00f3n en beneficios (si es proporcionada), la retribuci\u00f3n variable con indicadores de referencia o la remuneraci\u00f3n en acciones o vinculada a su devoluci\u00f3n.<\/p>\n<p>\u00a0<\/p>\n<p> Nuestros asesores estudiar\u00e1n su caso y le informar\u00e1n si la retribuci\u00f3n del es razonable o, por el contrario, resulta excesiva y cabe impugnaci\u00f3n del acuerdo que la fija.<\/p>\n","protected":false},"excerpt":{"rendered":"<p>Cuando la Junta adopta v&aacute;lidamente un acuerdo por el que se fija una retribuci&oacute;n al administrador, se plantea la duda de si cabe impugnarlo por parte de los socios minoritarios que han votado en contra. Pues bien, si la remuneraci&oacute;n fijada resulta excesiva o desproporcionada, podr&aacute; impugnarse el acuerdo y anularse para proteger el inter&eacute;s [&hellip;]<\/p>\n","protected":false},"author":7,"featured_media":5264,"comment_status":"closed","ping_status":"closed","sticky":false,"template":"","format":"standard","meta":{"footnotes":""},"categories":[93],"tags":[],"class_list":["post-5263","post","type-post","status-publish","format-standard","has-post-thumbnail","hentry","category-mercantil"],"yoast_head":"<!-- This site is optimized with the Yoast SEO plugin v27.4 - https:\/\/yoast.com\/product\/yoast-seo-wordpress\/ -->\n<title>C\u00f3mo fijar la retribuci\u00f3n del administrador | Contem Assessors<\/title>\n<meta name=\"robots\" content=\"index, follow, max-snippet:-1, max-image-preview:large, max-video-preview:-1\" \/>\n<link rel=\"canonical\" href=\"https:\/\/www.contem.es\/es\/como-fijar-la-retribucion-del-administrador\/\" \/>\n<meta property=\"og:locale\" content=\"es_ES\" \/>\n<meta property=\"og:type\" content=\"article\" \/>\n<meta property=\"og:title\" content=\"C\u00f3mo fijar la retribuci\u00f3n del administrador | Contem Assessors\" \/>\n<meta property=\"og:description\" content=\"Cuando la Junta adopta v&aacute;lidamente un acuerdo por el que se fija una retribuci&oacute;n al administrador, se plantea la duda de si cabe impugnarlo por parte de los socios minoritarios que han votado en contra. Pues bien, si la remuneraci&oacute;n fijada resulta excesiva o desproporcionada, podr&aacute; impugnarse el acuerdo y anularse para proteger el inter&eacute;s [&hellip;]\" \/>\n<meta property=\"og:url\" content=\"https:\/\/www.contem.es\/es\/como-fijar-la-retribucion-del-administrador\/\" \/>\n<meta property=\"og:site_name\" content=\"Contem Assessors\" \/>\n<meta property=\"article:published_time\" content=\"2024-10-22T00:00:00+00:00\" \/>\n<meta property=\"og:image\" content=\"https:\/\/www.contem.es\/wp-content\/uploads\/2016\/06\/touch-icon-contem.png\" \/>\n<meta name=\"author\" content=\"rss\" \/>\n<meta name=\"twitter:card\" content=\"summary_large_image\" \/>\n<meta name=\"twitter:creator\" content=\"@contemassessors\" \/>\n<meta name=\"twitter:site\" content=\"@contemassessors\" \/>\n<meta name=\"twitter:label1\" content=\"Escrito por\" \/>\n\t<meta name=\"twitter:data1\" content=\"rss\" \/>\n\t<meta name=\"twitter:label2\" content=\"Tiempo de lectura\" \/>\n\t<meta name=\"twitter:data2\" content=\"2 minutos\" \/>\n<script type=\"application\/ld+json\" class=\"yoast-schema-graph\">{\"@context\":\"https:\\\/\\\/schema.org\",\"@graph\":[{\"@type\":\"Article\",\"@id\":\"https:\\\/\\\/www.contem.es\\\/es\\\/como-fijar-la-retribucion-del-administrador\\\/#article\",\"isPartOf\":{\"@id\":\"https:\\\/\\\/www.contem.es\\\/es\\\/como-fijar-la-retribucion-del-administrador\\\/\"},\"author\":{\"name\":\"rss\",\"@id\":\"https:\\\/\\\/www.contem.es\\\/es\\\/#\\\/schema\\\/person\\\/c1284c1e1887128f110dc4a88f6137ae\"},\"headline\":\"C\u00f3mo fijar la retribuci\u00f3n del administrador\",\"datePublished\":\"2024-10-22T00:00:00+00:00\",\"mainEntityOfPage\":{\"@id\":\"https:\\\/\\\/www.contem.es\\\/es\\\/como-fijar-la-retribucion-del-administrador\\\/\"},\"wordCount\":384,\"publisher\":{\"@id\":\"https:\\\/\\\/www.contem.es\\\/es\\\/#organization\"},\"image\":{\"@id\":\"https:\\\/\\\/www.contem.es\\\/es\\\/como-fijar-la-retribucion-del-administrador\\\/#primaryimage\"},\"thumbnailUrl\":\"https:\\\/\\\/www.contem.es\\\/wp-content\\\/uploads\\\/2024\\\/10\\\/shutterstock1939131820-bcSize-650x118-2.jpg\",\"articleSection\":[\"Mercantil\"],\"inLanguage\":\"es\"},{\"@type\":\"WebPage\",\"@id\":\"https:\\\/\\\/www.contem.es\\\/es\\\/como-fijar-la-retribucion-del-administrador\\\/\",\"url\":\"https:\\\/\\\/www.contem.es\\\/es\\\/como-fijar-la-retribucion-del-administrador\\\/\",\"name\":\"C\u00f3mo fijar la retribuci\u00f3n del administrador | Contem Assessors\",\"isPartOf\":{\"@id\":\"https:\\\/\\\/www.contem.es\\\/es\\\/#website\"},\"primaryImageOfPage\":{\"@id\":\"https:\\\/\\\/www.contem.es\\\/es\\\/como-fijar-la-retribucion-del-administrador\\\/#primaryimage\"},\"image\":{\"@id\":\"https:\\\/\\\/www.contem.es\\\/es\\\/como-fijar-la-retribucion-del-administrador\\\/#primaryimage\"},\"thumbnailUrl\":\"https:\\\/\\\/www.contem.es\\\/wp-content\\\/uploads\\\/2024\\\/10\\\/shutterstock1939131820-bcSize-650x118-2.jpg\",\"datePublished\":\"2024-10-22T00:00:00+00:00\",\"breadcrumb\":{\"@id\":\"https:\\\/\\\/www.contem.es\\\/es\\\/como-fijar-la-retribucion-del-administrador\\\/#breadcrumb\"},\"inLanguage\":\"es\",\"potentialAction\":[{\"@type\":\"ReadAction\",\"target\":[\"https:\\\/\\\/www.contem.es\\\/es\\\/como-fijar-la-retribucion-del-administrador\\\/\"]}]},{\"@type\":\"ImageObject\",\"inLanguage\":\"es\",\"@id\":\"https:\\\/\\\/www.contem.es\\\/es\\\/como-fijar-la-retribucion-del-administrador\\\/#primaryimage\",\"url\":\"https:\\\/\\\/www.contem.es\\\/wp-content\\\/uploads\\\/2024\\\/10\\\/shutterstock1939131820-bcSize-650x118-2.jpg\",\"contentUrl\":\"https:\\\/\\\/www.contem.es\\\/wp-content\\\/uploads\\\/2024\\\/10\\\/shutterstock1939131820-bcSize-650x118-2.jpg\",\"width\":650,\"height\":118},{\"@type\":\"BreadcrumbList\",\"@id\":\"https:\\\/\\\/www.contem.es\\\/es\\\/como-fijar-la-retribucion-del-administrador\\\/#breadcrumb\",\"itemListElement\":[{\"@type\":\"ListItem\",\"position\":1,\"name\":\"Inici\",\"item\":\"https:\\\/\\\/www.contem.es\\\/es\\\/\"},{\"@type\":\"ListItem\",\"position\":2,\"name\":\"C\u00f3mo fijar la retribuci\u00f3n del administrador\"}]},{\"@type\":\"WebSite\",\"@id\":\"https:\\\/\\\/www.contem.es\\\/es\\\/#website\",\"url\":\"https:\\\/\\\/www.contem.es\\\/es\\\/\",\"name\":\"Contem Assessors\",\"description\":\"Fiscal, comptable , laboral , jur\u00eddic , econ\u00f2mic i assegurances\",\"publisher\":{\"@id\":\"https:\\\/\\\/www.contem.es\\\/es\\\/#organization\"},\"potentialAction\":[{\"@type\":\"SearchAction\",\"target\":{\"@type\":\"EntryPoint\",\"urlTemplate\":\"https:\\\/\\\/www.contem.es\\\/es\\\/?s={search_term_string}\"},\"query-input\":{\"@type\":\"PropertyValueSpecification\",\"valueRequired\":true,\"valueName\":\"search_term_string\"}}],\"inLanguage\":\"es\"},{\"@type\":\"Organization\",\"@id\":\"https:\\\/\\\/www.contem.es\\\/es\\\/#organization\",\"name\":\"Contem Assessors\",\"url\":\"https:\\\/\\\/www.contem.es\\\/es\\\/\",\"logo\":{\"@type\":\"ImageObject\",\"inLanguage\":\"es\",\"@id\":\"https:\\\/\\\/www.contem.es\\\/es\\\/#\\\/schema\\\/logo\\\/image\\\/\",\"url\":\"https:\\\/\\\/www.contem.es\\\/wp-content\\\/uploads\\\/2016\\\/06\\\/touch-icon-contem.png\",\"contentUrl\":\"https:\\\/\\\/www.contem.es\\\/wp-content\\\/uploads\\\/2016\\\/06\\\/touch-icon-contem.png\",\"width\":120,\"height\":120,\"caption\":\"Contem Assessors\"},\"image\":{\"@id\":\"https:\\\/\\\/www.contem.es\\\/es\\\/#\\\/schema\\\/logo\\\/image\\\/\"},\"sameAs\":[\"https:\\\/\\\/x.com\\\/contemassessors\",\"https:\\\/\\\/www.linkedin.com\\\/company\\\/contem-assessors\"]},{\"@type\":\"Person\",\"@id\":\"https:\\\/\\\/www.contem.es\\\/es\\\/#\\\/schema\\\/person\\\/c1284c1e1887128f110dc4a88f6137ae\",\"name\":\"rss\",\"image\":{\"@type\":\"ImageObject\",\"inLanguage\":\"es\",\"@id\":\"https:\\\/\\\/secure.gravatar.com\\\/avatar\\\/ab3bd31bf66b0e143141b04dbe6aa5f58290e800756006b9aef442f9b1e697cb?s=96&d=mm&r=g\",\"url\":\"https:\\\/\\\/secure.gravatar.com\\\/avatar\\\/ab3bd31bf66b0e143141b04dbe6aa5f58290e800756006b9aef442f9b1e697cb?s=96&d=mm&r=g\",\"contentUrl\":\"https:\\\/\\\/secure.gravatar.com\\\/avatar\\\/ab3bd31bf66b0e143141b04dbe6aa5f58290e800756006b9aef442f9b1e697cb?s=96&d=mm&r=g\",\"caption\":\"rss\"},\"url\":\"https:\\\/\\\/www.contem.es\\\/es\\\/author\\\/rss\\\/\"}]}<\/script>\n<!-- \/ Yoast SEO plugin. -->","yoast_head_json":{"title":"C\u00f3mo fijar la retribuci\u00f3n del administrador | Contem Assessors","robots":{"index":"index","follow":"follow","max-snippet":"max-snippet:-1","max-image-preview":"max-image-preview:large","max-video-preview":"max-video-preview:-1"},"canonical":"https:\/\/www.contem.es\/es\/como-fijar-la-retribucion-del-administrador\/","og_locale":"es_ES","og_type":"article","og_title":"C\u00f3mo fijar la retribuci\u00f3n del administrador | Contem Assessors","og_description":"Cuando la Junta adopta v&aacute;lidamente un acuerdo por el que se fija una retribuci&oacute;n al administrador, se plantea la duda de si cabe impugnarlo por parte de los socios minoritarios que han votado en contra. Pues bien, si la remuneraci&oacute;n fijada resulta excesiva o desproporcionada, podr&aacute; impugnarse el acuerdo y anularse para proteger el inter&eacute;s [&hellip;]","og_url":"https:\/\/www.contem.es\/es\/como-fijar-la-retribucion-del-administrador\/","og_site_name":"Contem Assessors","article_published_time":"2024-10-22T00:00:00+00:00","og_image":[{"url":"https:\/\/www.contem.es\/wp-content\/uploads\/2016\/06\/touch-icon-contem.png","type":"","width":"","height":""}],"author":"rss","twitter_card":"summary_large_image","twitter_creator":"@contemassessors","twitter_site":"@contemassessors","twitter_misc":{"Escrito por":"rss","Tiempo de lectura":"2 minutos"},"schema":{"@context":"https:\/\/schema.org","@graph":[{"@type":"Article","@id":"https:\/\/www.contem.es\/es\/como-fijar-la-retribucion-del-administrador\/#article","isPartOf":{"@id":"https:\/\/www.contem.es\/es\/como-fijar-la-retribucion-del-administrador\/"},"author":{"name":"rss","@id":"https:\/\/www.contem.es\/es\/#\/schema\/person\/c1284c1e1887128f110dc4a88f6137ae"},"headline":"C\u00f3mo fijar la retribuci\u00f3n del administrador","datePublished":"2024-10-22T00:00:00+00:00","mainEntityOfPage":{"@id":"https:\/\/www.contem.es\/es\/como-fijar-la-retribucion-del-administrador\/"},"wordCount":384,"publisher":{"@id":"https:\/\/www.contem.es\/es\/#organization"},"image":{"@id":"https:\/\/www.contem.es\/es\/como-fijar-la-retribucion-del-administrador\/#primaryimage"},"thumbnailUrl":"https:\/\/www.contem.es\/wp-content\/uploads\/2024\/10\/shutterstock1939131820-bcSize-650x118-2.jpg","articleSection":["Mercantil"],"inLanguage":"es"},{"@type":"WebPage","@id":"https:\/\/www.contem.es\/es\/como-fijar-la-retribucion-del-administrador\/","url":"https:\/\/www.contem.es\/es\/como-fijar-la-retribucion-del-administrador\/","name":"C\u00f3mo fijar la retribuci\u00f3n del administrador | Contem Assessors","isPartOf":{"@id":"https:\/\/www.contem.es\/es\/#website"},"primaryImageOfPage":{"@id":"https:\/\/www.contem.es\/es\/como-fijar-la-retribucion-del-administrador\/#primaryimage"},"image":{"@id":"https:\/\/www.contem.es\/es\/como-fijar-la-retribucion-del-administrador\/#primaryimage"},"thumbnailUrl":"https:\/\/www.contem.es\/wp-content\/uploads\/2024\/10\/shutterstock1939131820-bcSize-650x118-2.jpg","datePublished":"2024-10-22T00:00:00+00:00","breadcrumb":{"@id":"https:\/\/www.contem.es\/es\/como-fijar-la-retribucion-del-administrador\/#breadcrumb"},"inLanguage":"es","potentialAction":[{"@type":"ReadAction","target":["https:\/\/www.contem.es\/es\/como-fijar-la-retribucion-del-administrador\/"]}]},{"@type":"ImageObject","inLanguage":"es","@id":"https:\/\/www.contem.es\/es\/como-fijar-la-retribucion-del-administrador\/#primaryimage","url":"https:\/\/www.contem.es\/wp-content\/uploads\/2024\/10\/shutterstock1939131820-bcSize-650x118-2.jpg","contentUrl":"https:\/\/www.contem.es\/wp-content\/uploads\/2024\/10\/shutterstock1939131820-bcSize-650x118-2.jpg","width":650,"height":118},{"@type":"BreadcrumbList","@id":"https:\/\/www.contem.es\/es\/como-fijar-la-retribucion-del-administrador\/#breadcrumb","itemListElement":[{"@type":"ListItem","position":1,"name":"Inici","item":"https:\/\/www.contem.es\/es\/"},{"@type":"ListItem","position":2,"name":"C\u00f3mo fijar la retribuci\u00f3n del administrador"}]},{"@type":"WebSite","@id":"https:\/\/www.contem.es\/es\/#website","url":"https:\/\/www.contem.es\/es\/","name":"Contem Assessors","description":"Fiscal, comptable , laboral , jur\u00eddic , econ\u00f2mic i assegurances","publisher":{"@id":"https:\/\/www.contem.es\/es\/#organization"},"potentialAction":[{"@type":"SearchAction","target":{"@type":"EntryPoint","urlTemplate":"https:\/\/www.contem.es\/es\/?s={search_term_string}"},"query-input":{"@type":"PropertyValueSpecification","valueRequired":true,"valueName":"search_term_string"}}],"inLanguage":"es"},{"@type":"Organization","@id":"https:\/\/www.contem.es\/es\/#organization","name":"Contem Assessors","url":"https:\/\/www.contem.es\/es\/","logo":{"@type":"ImageObject","inLanguage":"es","@id":"https:\/\/www.contem.es\/es\/#\/schema\/logo\/image\/","url":"https:\/\/www.contem.es\/wp-content\/uploads\/2016\/06\/touch-icon-contem.png","contentUrl":"https:\/\/www.contem.es\/wp-content\/uploads\/2016\/06\/touch-icon-contem.png","width":120,"height":120,"caption":"Contem Assessors"},"image":{"@id":"https:\/\/www.contem.es\/es\/#\/schema\/logo\/image\/"},"sameAs":["https:\/\/x.com\/contemassessors","https:\/\/www.linkedin.com\/company\/contem-assessors"]},{"@type":"Person","@id":"https:\/\/www.contem.es\/es\/#\/schema\/person\/c1284c1e1887128f110dc4a88f6137ae","name":"rss","image":{"@type":"ImageObject","inLanguage":"es","@id":"https:\/\/secure.gravatar.com\/avatar\/ab3bd31bf66b0e143141b04dbe6aa5f58290e800756006b9aef442f9b1e697cb?s=96&d=mm&r=g","url":"https:\/\/secure.gravatar.com\/avatar\/ab3bd31bf66b0e143141b04dbe6aa5f58290e800756006b9aef442f9b1e697cb?s=96&d=mm&r=g","contentUrl":"https:\/\/secure.gravatar.com\/avatar\/ab3bd31bf66b0e143141b04dbe6aa5f58290e800756006b9aef442f9b1e697cb?s=96&d=mm&r=g","caption":"rss"},"url":"https:\/\/www.contem.es\/es\/author\/rss\/"}]}},"_links":{"self":[{"href":"https:\/\/www.contem.es\/es\/wp-json\/wp\/v2\/posts\/5263","targetHints":{"allow":["GET"]}}],"collection":[{"href":"https:\/\/www.contem.es\/es\/wp-json\/wp\/v2\/posts"}],"about":[{"href":"https:\/\/www.contem.es\/es\/wp-json\/wp\/v2\/types\/post"}],"author":[{"embeddable":true,"href":"https:\/\/www.contem.es\/es\/wp-json\/wp\/v2\/users\/7"}],"replies":[{"embeddable":true,"href":"https:\/\/www.contem.es\/es\/wp-json\/wp\/v2\/comments?post=5263"}],"version-history":[{"count":0,"href":"https:\/\/www.contem.es\/es\/wp-json\/wp\/v2\/posts\/5263\/revisions"}],"wp:featuredmedia":[{"embeddable":true,"href":"https:\/\/www.contem.es\/es\/wp-json\/wp\/v2\/media\/5264"}],"wp:attachment":[{"href":"https:\/\/www.contem.es\/es\/wp-json\/wp\/v2\/media?parent=5263"}],"wp:term":[{"taxonomy":"category","embeddable":true,"href":"https:\/\/www.contem.es\/es\/wp-json\/wp\/v2\/categories?post=5263"},{"taxonomy":"post_tag","embeddable":true,"href":"https:\/\/www.contem.es\/es\/wp-json\/wp\/v2\/tags?post=5263"}],"curies":[{"name":"wp","href":"https:\/\/api.w.org\/{rel}","templated":true}]}}