{"id":4879,"date":"2024-07-17T00:00:00","date_gmt":"2024-07-17T00:00:00","guid":{"rendered":"https:\/\/www.contem.es\/impuesto-de-grandes-fortunas-2023\/"},"modified":"2024-07-18T08:11:57","modified_gmt":"2024-07-18T08:11:57","slug":"impuesto-de-grandes-fortunas-2023","status":"publish","type":"post","link":"https:\/\/www.contem.es\/es\/impuesto-de-grandes-fortunas-2023\/","title":{"rendered":"Impuesto de Grandes Fortunas 2023"},"content":{"rendered":"<p>Este mes de julio debe presentarse el modelo 718,\u00a0del Impuesto Temporal de Solidaridad de las Grandes Fortunas (ISGF), correspondiente al a\u00f1o 2023.<b>\u00a0<\/b>\u00a0En concreto, dicha autoliquidaci\u00f3n debe\u00a0presentarse de forma obligatoria por v\u00eda electr\u00f3nica\u00a0entre el 1\u00a0y el 31 de julio, pero, en caso de\u00a0pago mediante domiciliaci\u00f3n, el plazo finaliza el\u00a026 de julio.<\/p>\n<p>El ISGF\u00a0grava el patrimonio de las personas, al igual que lo hace ya el Impuesto sobre el Patrimonio (IP). Eso s\u00ed: al contrario del IP, el ISGF\u00a0tiene car\u00e1cter estatal (no hay cesi\u00f3n a las comunidades aut\u00f3nomas como en el IP).<\/p>\n<p>Recuerde que este impuesto recae sobre aquellas personas cuyo patrimonio neto (despu\u00e9s de aplicar las exenciones que correspondan) sea\u00a0superior a los 3 millones de euros, siendo de aplicaci\u00f3n un\u00a0m\u00ednimo exento de 700.000 euros. As\u00ed pues, usted s\u00f3lo puede verse afectado por este impuesto si tiene un patrimonio neto superior a los 3,7 millones. No obstante:<\/p>\n<ul>\n<li>Para que tenga la obligaci\u00f3n de declarar no es suficiente con que su patrimonio neto exceda de la cifra anterior. Adem\u00e1s, es preciso que la cuota del impuesto, una vez descontadas\u00a0las\u00a0deducciones y bonificaciones aplicables (entre ellas, la cuota del IP satisfecha), resulte a ingresar.<\/li>\n<li>Si la cuota resultante es cero o es negativa, no hay obligaci\u00f3n de declarar.<\/li>\n<\/ul>\n<p>Nuestros profesionales le asesorar\u00e1n sobre si debe tributar por el ISGF y, en caso afirmativo, le ayudar\u00e1n a cumplir con esta obligaci\u00f3n tributaria.<\/p>\n","protected":false},"excerpt":{"rendered":"<p>Este mes de julio debe presentarse el modelo 718,&nbsp;del Impuesto Temporal de Solidaridad de las Grandes Fortunas (ISGF), correspondiente al a&ntilde;o 2023.&nbsp;&nbsp;En concreto, dicha autoliquidaci&oacute;n debe&nbsp;presentarse de forma obligatoria por v&iacute;a electr&oacute;nica&nbsp;entre el 1&nbsp;y el 31 de julio, pero, en caso de&nbsp;pago mediante domiciliaci&oacute;n, el plazo finaliza el&nbsp;26 de julio. El ISGF&nbsp;grava el patrimonio de [&hellip;]<\/p>\n","protected":false},"author":7,"featured_media":4880,"comment_status":"closed","ping_status":"closed","sticky":false,"template":"","format":"standard","meta":{"footnotes":""},"categories":[59],"tags":[],"class_list":["post-4879","post","type-post","status-publish","format-standard","has-post-thumbnail","hentry","category-sin-categorizar"],"yoast_head":"<!-- This site is optimized with the Yoast SEO plugin v27.4 - https:\/\/yoast.com\/product\/yoast-seo-wordpress\/ -->\n<title>Impuesto de Grandes Fortunas 2023 | Contem Assessors<\/title>\n<meta name=\"robots\" content=\"index, follow, max-snippet:-1, max-image-preview:large, max-video-preview:-1\" \/>\n<link rel=\"canonical\" href=\"https:\/\/www.contem.es\/es\/impuesto-de-grandes-fortunas-2023\/\" \/>\n<meta property=\"og:locale\" content=\"es_ES\" \/>\n<meta property=\"og:type\" content=\"article\" \/>\n<meta property=\"og:title\" content=\"Impuesto de Grandes Fortunas 2023 | Contem Assessors\" \/>\n<meta property=\"og:description\" content=\"Este mes de julio debe presentarse el modelo 718,&nbsp;del Impuesto Temporal de Solidaridad de las Grandes Fortunas (ISGF), correspondiente al a&ntilde;o 2023.&nbsp;&nbsp;En concreto, dicha autoliquidaci&oacute;n debe&nbsp;presentarse de forma obligatoria por v&iacute;a electr&oacute;nica&nbsp;entre el 1&nbsp;y el 31 de julio, pero, en caso de&nbsp;pago mediante domiciliaci&oacute;n, el plazo finaliza el&nbsp;26 de julio. El ISGF&nbsp;grava el patrimonio de [&hellip;]\" \/>\n<meta property=\"og:url\" content=\"https:\/\/www.contem.es\/es\/impuesto-de-grandes-fortunas-2023\/\" \/>\n<meta property=\"og:site_name\" content=\"Contem Assessors\" \/>\n<meta property=\"article:published_time\" content=\"2024-07-17T00:00:00+00:00\" \/>\n<meta property=\"article:modified_time\" content=\"2024-07-18T08:11:57+00:00\" \/>\n<meta property=\"og:image\" content=\"https:\/\/www.contem.es\/wp-content\/uploads\/2024\/07\/shutterstock2224998139-bcSize-650x118-2.jpg\" \/>\n\t<meta property=\"og:image:width\" content=\"650\" \/>\n\t<meta property=\"og:image:height\" content=\"118\" \/>\n\t<meta property=\"og:image:type\" content=\"image\/jpeg\" \/>\n<meta name=\"author\" content=\"rss\" \/>\n<meta name=\"twitter:card\" content=\"summary_large_image\" \/>\n<meta name=\"twitter:creator\" content=\"@contemassessors\" \/>\n<meta name=\"twitter:site\" content=\"@contemassessors\" \/>\n<meta name=\"twitter:label1\" content=\"Escrito por\" \/>\n\t<meta name=\"twitter:data1\" content=\"rss\" \/>\n\t<meta name=\"twitter:label2\" content=\"Tiempo de lectura\" \/>\n\t<meta name=\"twitter:data2\" content=\"2 minutos\" \/>\n<script type=\"application\/ld+json\" class=\"yoast-schema-graph\">{\"@context\":\"https:\\\/\\\/schema.org\",\"@graph\":[{\"@type\":\"Article\",\"@id\":\"https:\\\/\\\/www.contem.es\\\/es\\\/impuesto-de-grandes-fortunas-2023\\\/#article\",\"isPartOf\":{\"@id\":\"https:\\\/\\\/www.contem.es\\\/es\\\/impuesto-de-grandes-fortunas-2023\\\/\"},\"author\":{\"name\":\"rss\",\"@id\":\"https:\\\/\\\/www.contem.es\\\/es\\\/#\\\/schema\\\/person\\\/c1284c1e1887128f110dc4a88f6137ae\"},\"headline\":\"Impuesto de Grandes Fortunas 2023\",\"datePublished\":\"2024-07-17T00:00:00+00:00\",\"dateModified\":\"2024-07-18T08:11:57+00:00\",\"mainEntityOfPage\":{\"@id\":\"https:\\\/\\\/www.contem.es\\\/es\\\/impuesto-de-grandes-fortunas-2023\\\/\"},\"wordCount\":253,\"publisher\":{\"@id\":\"https:\\\/\\\/www.contem.es\\\/es\\\/#organization\"},\"image\":{\"@id\":\"https:\\\/\\\/www.contem.es\\\/es\\\/impuesto-de-grandes-fortunas-2023\\\/#primaryimage\"},\"thumbnailUrl\":\"https:\\\/\\\/www.contem.es\\\/wp-content\\\/uploads\\\/2024\\\/07\\\/shutterstock2224998139-bcSize-650x118-2.jpg\",\"articleSection\":[\"Sin categorizar\"],\"inLanguage\":\"es\"},{\"@type\":\"WebPage\",\"@id\":\"https:\\\/\\\/www.contem.es\\\/es\\\/impuesto-de-grandes-fortunas-2023\\\/\",\"url\":\"https:\\\/\\\/www.contem.es\\\/es\\\/impuesto-de-grandes-fortunas-2023\\\/\",\"name\":\"Impuesto de Grandes Fortunas 2023 | Contem Assessors\",\"isPartOf\":{\"@id\":\"https:\\\/\\\/www.contem.es\\\/es\\\/#website\"},\"primaryImageOfPage\":{\"@id\":\"https:\\\/\\\/www.contem.es\\\/es\\\/impuesto-de-grandes-fortunas-2023\\\/#primaryimage\"},\"image\":{\"@id\":\"https:\\\/\\\/www.contem.es\\\/es\\\/impuesto-de-grandes-fortunas-2023\\\/#primaryimage\"},\"thumbnailUrl\":\"https:\\\/\\\/www.contem.es\\\/wp-content\\\/uploads\\\/2024\\\/07\\\/shutterstock2224998139-bcSize-650x118-2.jpg\",\"datePublished\":\"2024-07-17T00:00:00+00:00\",\"dateModified\":\"2024-07-18T08:11:57+00:00\",\"breadcrumb\":{\"@id\":\"https:\\\/\\\/www.contem.es\\\/es\\\/impuesto-de-grandes-fortunas-2023\\\/#breadcrumb\"},\"inLanguage\":\"es\",\"potentialAction\":[{\"@type\":\"ReadAction\",\"target\":[\"https:\\\/\\\/www.contem.es\\\/es\\\/impuesto-de-grandes-fortunas-2023\\\/\"]}]},{\"@type\":\"ImageObject\",\"inLanguage\":\"es\",\"@id\":\"https:\\\/\\\/www.contem.es\\\/es\\\/impuesto-de-grandes-fortunas-2023\\\/#primaryimage\",\"url\":\"https:\\\/\\\/www.contem.es\\\/wp-content\\\/uploads\\\/2024\\\/07\\\/shutterstock2224998139-bcSize-650x118-2.jpg\",\"contentUrl\":\"https:\\\/\\\/www.contem.es\\\/wp-content\\\/uploads\\\/2024\\\/07\\\/shutterstock2224998139-bcSize-650x118-2.jpg\",\"width\":650,\"height\":118},{\"@type\":\"BreadcrumbList\",\"@id\":\"https:\\\/\\\/www.contem.es\\\/es\\\/impuesto-de-grandes-fortunas-2023\\\/#breadcrumb\",\"itemListElement\":[{\"@type\":\"ListItem\",\"position\":1,\"name\":\"Inici\",\"item\":\"https:\\\/\\\/www.contem.es\\\/es\\\/\"},{\"@type\":\"ListItem\",\"position\":2,\"name\":\"Impuesto de Grandes Fortunas 2023\"}]},{\"@type\":\"WebSite\",\"@id\":\"https:\\\/\\\/www.contem.es\\\/es\\\/#website\",\"url\":\"https:\\\/\\\/www.contem.es\\\/es\\\/\",\"name\":\"Contem Assessors\",\"description\":\"Fiscal, comptable , laboral , jur\u00eddic , econ\u00f2mic i assegurances\",\"publisher\":{\"@id\":\"https:\\\/\\\/www.contem.es\\\/es\\\/#organization\"},\"potentialAction\":[{\"@type\":\"SearchAction\",\"target\":{\"@type\":\"EntryPoint\",\"urlTemplate\":\"https:\\\/\\\/www.contem.es\\\/es\\\/?s={search_term_string}\"},\"query-input\":{\"@type\":\"PropertyValueSpecification\",\"valueRequired\":true,\"valueName\":\"search_term_string\"}}],\"inLanguage\":\"es\"},{\"@type\":\"Organization\",\"@id\":\"https:\\\/\\\/www.contem.es\\\/es\\\/#organization\",\"name\":\"Contem Assessors\",\"url\":\"https:\\\/\\\/www.contem.es\\\/es\\\/\",\"logo\":{\"@type\":\"ImageObject\",\"inLanguage\":\"es\",\"@id\":\"https:\\\/\\\/www.contem.es\\\/es\\\/#\\\/schema\\\/logo\\\/image\\\/\",\"url\":\"https:\\\/\\\/www.contem.es\\\/wp-content\\\/uploads\\\/2016\\\/06\\\/touch-icon-contem.png\",\"contentUrl\":\"https:\\\/\\\/www.contem.es\\\/wp-content\\\/uploads\\\/2016\\\/06\\\/touch-icon-contem.png\",\"width\":120,\"height\":120,\"caption\":\"Contem Assessors\"},\"image\":{\"@id\":\"https:\\\/\\\/www.contem.es\\\/es\\\/#\\\/schema\\\/logo\\\/image\\\/\"},\"sameAs\":[\"https:\\\/\\\/x.com\\\/contemassessors\",\"https:\\\/\\\/www.linkedin.com\\\/company\\\/contem-assessors\"]},{\"@type\":\"Person\",\"@id\":\"https:\\\/\\\/www.contem.es\\\/es\\\/#\\\/schema\\\/person\\\/c1284c1e1887128f110dc4a88f6137ae\",\"name\":\"rss\",\"image\":{\"@type\":\"ImageObject\",\"inLanguage\":\"es\",\"@id\":\"https:\\\/\\\/secure.gravatar.com\\\/avatar\\\/ab3bd31bf66b0e143141b04dbe6aa5f58290e800756006b9aef442f9b1e697cb?s=96&d=mm&r=g\",\"url\":\"https:\\\/\\\/secure.gravatar.com\\\/avatar\\\/ab3bd31bf66b0e143141b04dbe6aa5f58290e800756006b9aef442f9b1e697cb?s=96&d=mm&r=g\",\"contentUrl\":\"https:\\\/\\\/secure.gravatar.com\\\/avatar\\\/ab3bd31bf66b0e143141b04dbe6aa5f58290e800756006b9aef442f9b1e697cb?s=96&d=mm&r=g\",\"caption\":\"rss\"},\"url\":\"https:\\\/\\\/www.contem.es\\\/es\\\/author\\\/rss\\\/\"}]}<\/script>\n<!-- \/ Yoast SEO plugin. -->","yoast_head_json":{"title":"Impuesto de Grandes Fortunas 2023 | Contem Assessors","robots":{"index":"index","follow":"follow","max-snippet":"max-snippet:-1","max-image-preview":"max-image-preview:large","max-video-preview":"max-video-preview:-1"},"canonical":"https:\/\/www.contem.es\/es\/impuesto-de-grandes-fortunas-2023\/","og_locale":"es_ES","og_type":"article","og_title":"Impuesto de Grandes Fortunas 2023 | Contem Assessors","og_description":"Este mes de julio debe presentarse el modelo 718,&nbsp;del Impuesto Temporal de Solidaridad de las Grandes Fortunas (ISGF), correspondiente al a&ntilde;o 2023.&nbsp;&nbsp;En concreto, dicha autoliquidaci&oacute;n debe&nbsp;presentarse de forma obligatoria por v&iacute;a electr&oacute;nica&nbsp;entre el 1&nbsp;y el 31 de julio, pero, en caso de&nbsp;pago mediante domiciliaci&oacute;n, el plazo finaliza el&nbsp;26 de julio. El ISGF&nbsp;grava el patrimonio de [&hellip;]","og_url":"https:\/\/www.contem.es\/es\/impuesto-de-grandes-fortunas-2023\/","og_site_name":"Contem Assessors","article_published_time":"2024-07-17T00:00:00+00:00","article_modified_time":"2024-07-18T08:11:57+00:00","og_image":[{"width":650,"height":118,"url":"https:\/\/www.contem.es\/wp-content\/uploads\/2024\/07\/shutterstock2224998139-bcSize-650x118-2.jpg","type":"image\/jpeg"}],"author":"rss","twitter_card":"summary_large_image","twitter_creator":"@contemassessors","twitter_site":"@contemassessors","twitter_misc":{"Escrito por":"rss","Tiempo de lectura":"2 minutos"},"schema":{"@context":"https:\/\/schema.org","@graph":[{"@type":"Article","@id":"https:\/\/www.contem.es\/es\/impuesto-de-grandes-fortunas-2023\/#article","isPartOf":{"@id":"https:\/\/www.contem.es\/es\/impuesto-de-grandes-fortunas-2023\/"},"author":{"name":"rss","@id":"https:\/\/www.contem.es\/es\/#\/schema\/person\/c1284c1e1887128f110dc4a88f6137ae"},"headline":"Impuesto de Grandes Fortunas 2023","datePublished":"2024-07-17T00:00:00+00:00","dateModified":"2024-07-18T08:11:57+00:00","mainEntityOfPage":{"@id":"https:\/\/www.contem.es\/es\/impuesto-de-grandes-fortunas-2023\/"},"wordCount":253,"publisher":{"@id":"https:\/\/www.contem.es\/es\/#organization"},"image":{"@id":"https:\/\/www.contem.es\/es\/impuesto-de-grandes-fortunas-2023\/#primaryimage"},"thumbnailUrl":"https:\/\/www.contem.es\/wp-content\/uploads\/2024\/07\/shutterstock2224998139-bcSize-650x118-2.jpg","articleSection":["Sin categorizar"],"inLanguage":"es"},{"@type":"WebPage","@id":"https:\/\/www.contem.es\/es\/impuesto-de-grandes-fortunas-2023\/","url":"https:\/\/www.contem.es\/es\/impuesto-de-grandes-fortunas-2023\/","name":"Impuesto de Grandes Fortunas 2023 | Contem Assessors","isPartOf":{"@id":"https:\/\/www.contem.es\/es\/#website"},"primaryImageOfPage":{"@id":"https:\/\/www.contem.es\/es\/impuesto-de-grandes-fortunas-2023\/#primaryimage"},"image":{"@id":"https:\/\/www.contem.es\/es\/impuesto-de-grandes-fortunas-2023\/#primaryimage"},"thumbnailUrl":"https:\/\/www.contem.es\/wp-content\/uploads\/2024\/07\/shutterstock2224998139-bcSize-650x118-2.jpg","datePublished":"2024-07-17T00:00:00+00:00","dateModified":"2024-07-18T08:11:57+00:00","breadcrumb":{"@id":"https:\/\/www.contem.es\/es\/impuesto-de-grandes-fortunas-2023\/#breadcrumb"},"inLanguage":"es","potentialAction":[{"@type":"ReadAction","target":["https:\/\/www.contem.es\/es\/impuesto-de-grandes-fortunas-2023\/"]}]},{"@type":"ImageObject","inLanguage":"es","@id":"https:\/\/www.contem.es\/es\/impuesto-de-grandes-fortunas-2023\/#primaryimage","url":"https:\/\/www.contem.es\/wp-content\/uploads\/2024\/07\/shutterstock2224998139-bcSize-650x118-2.jpg","contentUrl":"https:\/\/www.contem.es\/wp-content\/uploads\/2024\/07\/shutterstock2224998139-bcSize-650x118-2.jpg","width":650,"height":118},{"@type":"BreadcrumbList","@id":"https:\/\/www.contem.es\/es\/impuesto-de-grandes-fortunas-2023\/#breadcrumb","itemListElement":[{"@type":"ListItem","position":1,"name":"Inici","item":"https:\/\/www.contem.es\/es\/"},{"@type":"ListItem","position":2,"name":"Impuesto de Grandes Fortunas 2023"}]},{"@type":"WebSite","@id":"https:\/\/www.contem.es\/es\/#website","url":"https:\/\/www.contem.es\/es\/","name":"Contem Assessors","description":"Fiscal, comptable , laboral , jur\u00eddic , econ\u00f2mic i assegurances","publisher":{"@id":"https:\/\/www.contem.es\/es\/#organization"},"potentialAction":[{"@type":"SearchAction","target":{"@type":"EntryPoint","urlTemplate":"https:\/\/www.contem.es\/es\/?s={search_term_string}"},"query-input":{"@type":"PropertyValueSpecification","valueRequired":true,"valueName":"search_term_string"}}],"inLanguage":"es"},{"@type":"Organization","@id":"https:\/\/www.contem.es\/es\/#organization","name":"Contem Assessors","url":"https:\/\/www.contem.es\/es\/","logo":{"@type":"ImageObject","inLanguage":"es","@id":"https:\/\/www.contem.es\/es\/#\/schema\/logo\/image\/","url":"https:\/\/www.contem.es\/wp-content\/uploads\/2016\/06\/touch-icon-contem.png","contentUrl":"https:\/\/www.contem.es\/wp-content\/uploads\/2016\/06\/touch-icon-contem.png","width":120,"height":120,"caption":"Contem Assessors"},"image":{"@id":"https:\/\/www.contem.es\/es\/#\/schema\/logo\/image\/"},"sameAs":["https:\/\/x.com\/contemassessors","https:\/\/www.linkedin.com\/company\/contem-assessors"]},{"@type":"Person","@id":"https:\/\/www.contem.es\/es\/#\/schema\/person\/c1284c1e1887128f110dc4a88f6137ae","name":"rss","image":{"@type":"ImageObject","inLanguage":"es","@id":"https:\/\/secure.gravatar.com\/avatar\/ab3bd31bf66b0e143141b04dbe6aa5f58290e800756006b9aef442f9b1e697cb?s=96&d=mm&r=g","url":"https:\/\/secure.gravatar.com\/avatar\/ab3bd31bf66b0e143141b04dbe6aa5f58290e800756006b9aef442f9b1e697cb?s=96&d=mm&r=g","contentUrl":"https:\/\/secure.gravatar.com\/avatar\/ab3bd31bf66b0e143141b04dbe6aa5f58290e800756006b9aef442f9b1e697cb?s=96&d=mm&r=g","caption":"rss"},"url":"https:\/\/www.contem.es\/es\/author\/rss\/"}]}},"_links":{"self":[{"href":"https:\/\/www.contem.es\/es\/wp-json\/wp\/v2\/posts\/4879","targetHints":{"allow":["GET"]}}],"collection":[{"href":"https:\/\/www.contem.es\/es\/wp-json\/wp\/v2\/posts"}],"about":[{"href":"https:\/\/www.contem.es\/es\/wp-json\/wp\/v2\/types\/post"}],"author":[{"embeddable":true,"href":"https:\/\/www.contem.es\/es\/wp-json\/wp\/v2\/users\/7"}],"replies":[{"embeddable":true,"href":"https:\/\/www.contem.es\/es\/wp-json\/wp\/v2\/comments?post=4879"}],"version-history":[{"count":1,"href":"https:\/\/www.contem.es\/es\/wp-json\/wp\/v2\/posts\/4879\/revisions"}],"predecessor-version":[{"id":4888,"href":"https:\/\/www.contem.es\/es\/wp-json\/wp\/v2\/posts\/4879\/revisions\/4888"}],"wp:featuredmedia":[{"embeddable":true,"href":"https:\/\/www.contem.es\/es\/wp-json\/wp\/v2\/media\/4880"}],"wp:attachment":[{"href":"https:\/\/www.contem.es\/es\/wp-json\/wp\/v2\/media?parent=4879"}],"wp:term":[{"taxonomy":"category","embeddable":true,"href":"https:\/\/www.contem.es\/es\/wp-json\/wp\/v2\/categories?post=4879"},{"taxonomy":"post_tag","embeddable":true,"href":"https:\/\/www.contem.es\/es\/wp-json\/wp\/v2\/tags?post=4879"}],"curies":[{"name":"wp","href":"https:\/\/api.w.org\/{rel}","templated":true}]}}