{"id":4825,"date":"2024-07-03T00:00:00","date_gmt":"2024-07-03T00:00:00","guid":{"rendered":"https:\/\/www.contem.es\/cambios-en-varios-impuestos-para-2024\/"},"modified":"2024-07-03T00:00:00","modified_gmt":"2024-07-03T00:00:00","slug":"cambios-en-varios-impuestos-para-2024","status":"publish","type":"post","link":"https:\/\/www.contem.es\/es\/cambios-en-varios-impuestos-para-2024\/","title":{"rendered":"Cambios en varios impuestos para 2024"},"content":{"rendered":"<p>Recientemente\u00a0se ha publicado en el BOE el Real Decreto-ley 4\/2024, que \u2212entre otras medidas\u2212 introduce cambios\u00a0en el IRPF, el IS y el IVA. Vea\u00a0las medidas m\u00e1s destacadas que han sido aprobadas.<\/p>\n<p><b>En el Impuesto sobre Sociedades:<\/b><\/p>\n<ul>\n<li><i>Reserva de capitalizaci\u00f3n<\/i>.\u00a0A partir del ejercicio 2024, al calcular la reducci\u00f3n por reserva de capitalizaci\u00f3n, el porcentaje aplicable sobre el incremento de fondos propios aumenta del 10\u00a0al 15%. Asimismo, el plazo de mantenimiento del incremento de fondos propios que permite consolidar este incentivo disminuye de 5 a 3\u00a0a\u00f1os.<\/li>\n<li><i>Libertad de amortizaci\u00f3n para veh\u00edculos el\u00e9ctricos y puntos de recarga<\/i>. Por otro lado, los veh\u00edculos el\u00e9ctricos e instalaciones de recarga nuevos que entren en funcionamiento en los ejercicios\u00a02024 y 2025 van a poderse amortizar libremente\u00a0(recuerde que los\u00a0veh\u00edculos el\u00e9ctricos y puntos de recarga que entraron en funcionamiento en\u00a02023\u00a0pueden disfrutar del incentivo de la amortizaci\u00f3n doble, por lo que en 2024 y 2025 se mejora el tratamiento fiscal de este tipo de\u00a0activos).<b> <\/b>Este incentivo tambi\u00e9n es aplicable a los empresarios individuales en el IRPF, tanto si tributan en el r\u00e9gimen de estimaci\u00f3n directa como si lo hacen en el de estimaci\u00f3n objetiva.\u00a0<\/li>\n<\/ul>\n<p><b>En el IRPF:<\/b><\/p>\n<ul>\n<li><i>Reducci\u00f3n por obtenci\u00f3n de rendimientos del trabajo<\/i>.\u00a0Con efectos desde el 1 de enero de 2024, se aumentan los importes que minoran los rendimientos netos del trabajo en caso de contribuyentes con rendimientos netos del trabajo inferiores a 19.747,50 euros,\u00a0que ahora podr\u00e1n ser de\u00a0hasta\u00a07.302 euros anuales (antes, 6.498 euros).<\/li>\n<li><i>Obligaci\u00f3n de declarar<\/i>. Asimismo, a partir del IRPF de 2024,\u00a0se aumenta de 15.000 a 15.876 euros la cuant\u00eda de los rendimientos del trabajo por debajo de la cual no va a existir la obligaci\u00f3n de declarar.<\/li>\n<\/ul>\n<p><b>En el IVA:<\/b><\/p>\n<ul>\n<li><i>Tipo de IVA\u00a0de los\u00a0productos de primera necesidad. <\/i>Se prorroga hasta el 30 de septiembre de 2024 el tipo del IVA del 0% para los productos de primera necesidad (pan, leche, huevos, fruta, aceite de oliva, etc.). Entre el 1 de octubre y el 31 de diciembre de 2024 dichos productos\u00a0tributar\u00e1n a un tipo del 2%, y\u00a0a partir del 1 de enero de 2025\u00a0tributar\u00e1n al\u00a0tipo habitual del 4%.<b>\u00a0<\/b>\u00a0De ahora en adelante, el aceite de oliva pasa a tener el car\u00e1cter de producto de primera necesidad.<\/li>\n<li><i>Tipo de IVA de aceites de semillas y pastas alimenticias<\/i>. Entre el 1 de julio y el 30 de septiembre, los\u00a0aceites de semillas y las pastas alimenticias tributar\u00e1n a un tipo del 5%. Entre el 1 de\u00a0octubre y el 31 de diciembre\u00a0dichos productos\u00a0tributar\u00e1n al 7,5%, y a partir del 1 de enero de 2025\u00a0lo har\u00e1n a un tipo del 10%.<\/li>\n<\/ul>\n<p> Si desea conocer en mayor profundidad las novedades que ha sido introducidas, cons\u00faltenos. Nuestros colaboradores le atender\u00e1n y resolver\u00e1n sus dudas.<\/p>\n","protected":false},"excerpt":{"rendered":"<p>Recientemente&nbsp;se ha publicado en el BOE el Real Decreto-ley 4\/2024, que &minus;entre otras medidas&minus; introduce cambios&nbsp;en el IRPF, el IS y el IVA. Vea&nbsp;las medidas m&aacute;s destacadas que han sido aprobadas. En el Impuesto sobre Sociedades: Reserva de capitalizaci&oacute;n.&nbsp;A partir del ejercicio 2024, al calcular la reducci&oacute;n por reserva de capitalizaci&oacute;n, el porcentaje aplicable sobre [&hellip;]<\/p>\n","protected":false},"author":7,"featured_media":4826,"comment_status":"closed","ping_status":"closed","sticky":false,"template":"","format":"standard","meta":{"footnotes":""},"categories":[12],"tags":[],"class_list":["post-4825","post","type-post","status-publish","format-standard","has-post-thumbnail","hentry","category-fiscal"],"yoast_head":"<!-- This site is optimized with the Yoast SEO plugin v27.4 - https:\/\/yoast.com\/product\/yoast-seo-wordpress\/ -->\n<title>Cambios en varios impuestos para 2024 | Contem Assessors<\/title>\n<meta name=\"robots\" content=\"index, follow, max-snippet:-1, max-image-preview:large, max-video-preview:-1\" \/>\n<link rel=\"canonical\" href=\"https:\/\/www.contem.es\/es\/cambios-en-varios-impuestos-para-2024\/\" \/>\n<meta property=\"og:locale\" content=\"es_ES\" \/>\n<meta property=\"og:type\" content=\"article\" \/>\n<meta property=\"og:title\" content=\"Cambios en varios impuestos para 2024 | Contem Assessors\" \/>\n<meta property=\"og:description\" content=\"Recientemente&nbsp;se ha publicado en el BOE el Real Decreto-ley 4\/2024, que &minus;entre otras medidas&minus; introduce cambios&nbsp;en el IRPF, el IS y el IVA. Vea&nbsp;las medidas m&aacute;s destacadas que han sido aprobadas. En el Impuesto sobre Sociedades: Reserva de capitalizaci&oacute;n.&nbsp;A partir del ejercicio 2024, al calcular la reducci&oacute;n por reserva de capitalizaci&oacute;n, el porcentaje aplicable sobre [&hellip;]\" \/>\n<meta property=\"og:url\" content=\"https:\/\/www.contem.es\/es\/cambios-en-varios-impuestos-para-2024\/\" \/>\n<meta property=\"og:site_name\" content=\"Contem Assessors\" \/>\n<meta property=\"article:published_time\" content=\"2024-07-03T00:00:00+00:00\" \/>\n<meta property=\"og:image\" content=\"https:\/\/www.contem.es\/wp-content\/uploads\/2016\/06\/touch-icon-contem.png\" \/>\n<meta name=\"author\" content=\"rss\" \/>\n<meta name=\"twitter:card\" content=\"summary_large_image\" \/>\n<meta name=\"twitter:creator\" content=\"@contemassessors\" \/>\n<meta name=\"twitter:site\" content=\"@contemassessors\" \/>\n<meta name=\"twitter:label1\" content=\"Escrito por\" \/>\n\t<meta name=\"twitter:data1\" content=\"rss\" \/>\n\t<meta name=\"twitter:label2\" content=\"Tiempo de lectura\" \/>\n\t<meta name=\"twitter:data2\" content=\"2 minutos\" \/>\n<script type=\"application\/ld+json\" class=\"yoast-schema-graph\">{\"@context\":\"https:\\\/\\\/schema.org\",\"@graph\":[{\"@type\":\"Article\",\"@id\":\"https:\\\/\\\/www.contem.es\\\/es\\\/cambios-en-varios-impuestos-para-2024\\\/#article\",\"isPartOf\":{\"@id\":\"https:\\\/\\\/www.contem.es\\\/es\\\/cambios-en-varios-impuestos-para-2024\\\/\"},\"author\":{\"name\":\"rss\",\"@id\":\"https:\\\/\\\/www.contem.es\\\/es\\\/#\\\/schema\\\/person\\\/c1284c1e1887128f110dc4a88f6137ae\"},\"headline\":\"Cambios en varios impuestos para 2024\",\"datePublished\":\"2024-07-03T00:00:00+00:00\",\"mainEntityOfPage\":{\"@id\":\"https:\\\/\\\/www.contem.es\\\/es\\\/cambios-en-varios-impuestos-para-2024\\\/\"},\"wordCount\":467,\"publisher\":{\"@id\":\"https:\\\/\\\/www.contem.es\\\/es\\\/#organization\"},\"image\":{\"@id\":\"https:\\\/\\\/www.contem.es\\\/es\\\/cambios-en-varios-impuestos-para-2024\\\/#primaryimage\"},\"thumbnailUrl\":\"https:\\\/\\\/www.contem.es\\\/wp-content\\\/uploads\\\/2024\\\/07\\\/shutterstock2314045905-bcSize-650x118-1.jpg\",\"articleSection\":[\"Fiscal\"],\"inLanguage\":\"es\"},{\"@type\":\"WebPage\",\"@id\":\"https:\\\/\\\/www.contem.es\\\/es\\\/cambios-en-varios-impuestos-para-2024\\\/\",\"url\":\"https:\\\/\\\/www.contem.es\\\/es\\\/cambios-en-varios-impuestos-para-2024\\\/\",\"name\":\"Cambios en varios impuestos para 2024 | Contem Assessors\",\"isPartOf\":{\"@id\":\"https:\\\/\\\/www.contem.es\\\/es\\\/#website\"},\"primaryImageOfPage\":{\"@id\":\"https:\\\/\\\/www.contem.es\\\/es\\\/cambios-en-varios-impuestos-para-2024\\\/#primaryimage\"},\"image\":{\"@id\":\"https:\\\/\\\/www.contem.es\\\/es\\\/cambios-en-varios-impuestos-para-2024\\\/#primaryimage\"},\"thumbnailUrl\":\"https:\\\/\\\/www.contem.es\\\/wp-content\\\/uploads\\\/2024\\\/07\\\/shutterstock2314045905-bcSize-650x118-1.jpg\",\"datePublished\":\"2024-07-03T00:00:00+00:00\",\"breadcrumb\":{\"@id\":\"https:\\\/\\\/www.contem.es\\\/es\\\/cambios-en-varios-impuestos-para-2024\\\/#breadcrumb\"},\"inLanguage\":\"es\",\"potentialAction\":[{\"@type\":\"ReadAction\",\"target\":[\"https:\\\/\\\/www.contem.es\\\/es\\\/cambios-en-varios-impuestos-para-2024\\\/\"]}]},{\"@type\":\"ImageObject\",\"inLanguage\":\"es\",\"@id\":\"https:\\\/\\\/www.contem.es\\\/es\\\/cambios-en-varios-impuestos-para-2024\\\/#primaryimage\",\"url\":\"https:\\\/\\\/www.contem.es\\\/wp-content\\\/uploads\\\/2024\\\/07\\\/shutterstock2314045905-bcSize-650x118-1.jpg\",\"contentUrl\":\"https:\\\/\\\/www.contem.es\\\/wp-content\\\/uploads\\\/2024\\\/07\\\/shutterstock2314045905-bcSize-650x118-1.jpg\",\"width\":650,\"height\":118},{\"@type\":\"BreadcrumbList\",\"@id\":\"https:\\\/\\\/www.contem.es\\\/es\\\/cambios-en-varios-impuestos-para-2024\\\/#breadcrumb\",\"itemListElement\":[{\"@type\":\"ListItem\",\"position\":1,\"name\":\"Inici\",\"item\":\"https:\\\/\\\/www.contem.es\\\/es\\\/\"},{\"@type\":\"ListItem\",\"position\":2,\"name\":\"Cambios en varios impuestos para 2024\"}]},{\"@type\":\"WebSite\",\"@id\":\"https:\\\/\\\/www.contem.es\\\/es\\\/#website\",\"url\":\"https:\\\/\\\/www.contem.es\\\/es\\\/\",\"name\":\"Contem Assessors\",\"description\":\"Fiscal, comptable , laboral , jur\u00eddic , econ\u00f2mic i assegurances\",\"publisher\":{\"@id\":\"https:\\\/\\\/www.contem.es\\\/es\\\/#organization\"},\"potentialAction\":[{\"@type\":\"SearchAction\",\"target\":{\"@type\":\"EntryPoint\",\"urlTemplate\":\"https:\\\/\\\/www.contem.es\\\/es\\\/?s={search_term_string}\"},\"query-input\":{\"@type\":\"PropertyValueSpecification\",\"valueRequired\":true,\"valueName\":\"search_term_string\"}}],\"inLanguage\":\"es\"},{\"@type\":\"Organization\",\"@id\":\"https:\\\/\\\/www.contem.es\\\/es\\\/#organization\",\"name\":\"Contem Assessors\",\"url\":\"https:\\\/\\\/www.contem.es\\\/es\\\/\",\"logo\":{\"@type\":\"ImageObject\",\"inLanguage\":\"es\",\"@id\":\"https:\\\/\\\/www.contem.es\\\/es\\\/#\\\/schema\\\/logo\\\/image\\\/\",\"url\":\"https:\\\/\\\/www.contem.es\\\/wp-content\\\/uploads\\\/2016\\\/06\\\/touch-icon-contem.png\",\"contentUrl\":\"https:\\\/\\\/www.contem.es\\\/wp-content\\\/uploads\\\/2016\\\/06\\\/touch-icon-contem.png\",\"width\":120,\"height\":120,\"caption\":\"Contem Assessors\"},\"image\":{\"@id\":\"https:\\\/\\\/www.contem.es\\\/es\\\/#\\\/schema\\\/logo\\\/image\\\/\"},\"sameAs\":[\"https:\\\/\\\/x.com\\\/contemassessors\",\"https:\\\/\\\/www.linkedin.com\\\/company\\\/contem-assessors\"]},{\"@type\":\"Person\",\"@id\":\"https:\\\/\\\/www.contem.es\\\/es\\\/#\\\/schema\\\/person\\\/c1284c1e1887128f110dc4a88f6137ae\",\"name\":\"rss\",\"image\":{\"@type\":\"ImageObject\",\"inLanguage\":\"es\",\"@id\":\"https:\\\/\\\/secure.gravatar.com\\\/avatar\\\/ab3bd31bf66b0e143141b04dbe6aa5f58290e800756006b9aef442f9b1e697cb?s=96&d=mm&r=g\",\"url\":\"https:\\\/\\\/secure.gravatar.com\\\/avatar\\\/ab3bd31bf66b0e143141b04dbe6aa5f58290e800756006b9aef442f9b1e697cb?s=96&d=mm&r=g\",\"contentUrl\":\"https:\\\/\\\/secure.gravatar.com\\\/avatar\\\/ab3bd31bf66b0e143141b04dbe6aa5f58290e800756006b9aef442f9b1e697cb?s=96&d=mm&r=g\",\"caption\":\"rss\"},\"url\":\"https:\\\/\\\/www.contem.es\\\/es\\\/author\\\/rss\\\/\"}]}<\/script>\n<!-- \/ Yoast SEO plugin. -->","yoast_head_json":{"title":"Cambios en varios impuestos para 2024 | Contem Assessors","robots":{"index":"index","follow":"follow","max-snippet":"max-snippet:-1","max-image-preview":"max-image-preview:large","max-video-preview":"max-video-preview:-1"},"canonical":"https:\/\/www.contem.es\/es\/cambios-en-varios-impuestos-para-2024\/","og_locale":"es_ES","og_type":"article","og_title":"Cambios en varios impuestos para 2024 | Contem Assessors","og_description":"Recientemente&nbsp;se ha publicado en el BOE el Real Decreto-ley 4\/2024, que &minus;entre otras medidas&minus; introduce cambios&nbsp;en el IRPF, el IS y el IVA. Vea&nbsp;las medidas m&aacute;s destacadas que han sido aprobadas. En el Impuesto sobre Sociedades: Reserva de capitalizaci&oacute;n.&nbsp;A partir del ejercicio 2024, al calcular la reducci&oacute;n por reserva de capitalizaci&oacute;n, el porcentaje aplicable sobre [&hellip;]","og_url":"https:\/\/www.contem.es\/es\/cambios-en-varios-impuestos-para-2024\/","og_site_name":"Contem Assessors","article_published_time":"2024-07-03T00:00:00+00:00","og_image":[{"url":"https:\/\/www.contem.es\/wp-content\/uploads\/2016\/06\/touch-icon-contem.png","type":"","width":"","height":""}],"author":"rss","twitter_card":"summary_large_image","twitter_creator":"@contemassessors","twitter_site":"@contemassessors","twitter_misc":{"Escrito por":"rss","Tiempo de lectura":"2 minutos"},"schema":{"@context":"https:\/\/schema.org","@graph":[{"@type":"Article","@id":"https:\/\/www.contem.es\/es\/cambios-en-varios-impuestos-para-2024\/#article","isPartOf":{"@id":"https:\/\/www.contem.es\/es\/cambios-en-varios-impuestos-para-2024\/"},"author":{"name":"rss","@id":"https:\/\/www.contem.es\/es\/#\/schema\/person\/c1284c1e1887128f110dc4a88f6137ae"},"headline":"Cambios en varios impuestos para 2024","datePublished":"2024-07-03T00:00:00+00:00","mainEntityOfPage":{"@id":"https:\/\/www.contem.es\/es\/cambios-en-varios-impuestos-para-2024\/"},"wordCount":467,"publisher":{"@id":"https:\/\/www.contem.es\/es\/#organization"},"image":{"@id":"https:\/\/www.contem.es\/es\/cambios-en-varios-impuestos-para-2024\/#primaryimage"},"thumbnailUrl":"https:\/\/www.contem.es\/wp-content\/uploads\/2024\/07\/shutterstock2314045905-bcSize-650x118-1.jpg","articleSection":["Fiscal"],"inLanguage":"es"},{"@type":"WebPage","@id":"https:\/\/www.contem.es\/es\/cambios-en-varios-impuestos-para-2024\/","url":"https:\/\/www.contem.es\/es\/cambios-en-varios-impuestos-para-2024\/","name":"Cambios en varios impuestos para 2024 | Contem Assessors","isPartOf":{"@id":"https:\/\/www.contem.es\/es\/#website"},"primaryImageOfPage":{"@id":"https:\/\/www.contem.es\/es\/cambios-en-varios-impuestos-para-2024\/#primaryimage"},"image":{"@id":"https:\/\/www.contem.es\/es\/cambios-en-varios-impuestos-para-2024\/#primaryimage"},"thumbnailUrl":"https:\/\/www.contem.es\/wp-content\/uploads\/2024\/07\/shutterstock2314045905-bcSize-650x118-1.jpg","datePublished":"2024-07-03T00:00:00+00:00","breadcrumb":{"@id":"https:\/\/www.contem.es\/es\/cambios-en-varios-impuestos-para-2024\/#breadcrumb"},"inLanguage":"es","potentialAction":[{"@type":"ReadAction","target":["https:\/\/www.contem.es\/es\/cambios-en-varios-impuestos-para-2024\/"]}]},{"@type":"ImageObject","inLanguage":"es","@id":"https:\/\/www.contem.es\/es\/cambios-en-varios-impuestos-para-2024\/#primaryimage","url":"https:\/\/www.contem.es\/wp-content\/uploads\/2024\/07\/shutterstock2314045905-bcSize-650x118-1.jpg","contentUrl":"https:\/\/www.contem.es\/wp-content\/uploads\/2024\/07\/shutterstock2314045905-bcSize-650x118-1.jpg","width":650,"height":118},{"@type":"BreadcrumbList","@id":"https:\/\/www.contem.es\/es\/cambios-en-varios-impuestos-para-2024\/#breadcrumb","itemListElement":[{"@type":"ListItem","position":1,"name":"Inici","item":"https:\/\/www.contem.es\/es\/"},{"@type":"ListItem","position":2,"name":"Cambios en varios impuestos para 2024"}]},{"@type":"WebSite","@id":"https:\/\/www.contem.es\/es\/#website","url":"https:\/\/www.contem.es\/es\/","name":"Contem Assessors","description":"Fiscal, comptable , laboral , jur\u00eddic , econ\u00f2mic i assegurances","publisher":{"@id":"https:\/\/www.contem.es\/es\/#organization"},"potentialAction":[{"@type":"SearchAction","target":{"@type":"EntryPoint","urlTemplate":"https:\/\/www.contem.es\/es\/?s={search_term_string}"},"query-input":{"@type":"PropertyValueSpecification","valueRequired":true,"valueName":"search_term_string"}}],"inLanguage":"es"},{"@type":"Organization","@id":"https:\/\/www.contem.es\/es\/#organization","name":"Contem Assessors","url":"https:\/\/www.contem.es\/es\/","logo":{"@type":"ImageObject","inLanguage":"es","@id":"https:\/\/www.contem.es\/es\/#\/schema\/logo\/image\/","url":"https:\/\/www.contem.es\/wp-content\/uploads\/2016\/06\/touch-icon-contem.png","contentUrl":"https:\/\/www.contem.es\/wp-content\/uploads\/2016\/06\/touch-icon-contem.png","width":120,"height":120,"caption":"Contem Assessors"},"image":{"@id":"https:\/\/www.contem.es\/es\/#\/schema\/logo\/image\/"},"sameAs":["https:\/\/x.com\/contemassessors","https:\/\/www.linkedin.com\/company\/contem-assessors"]},{"@type":"Person","@id":"https:\/\/www.contem.es\/es\/#\/schema\/person\/c1284c1e1887128f110dc4a88f6137ae","name":"rss","image":{"@type":"ImageObject","inLanguage":"es","@id":"https:\/\/secure.gravatar.com\/avatar\/ab3bd31bf66b0e143141b04dbe6aa5f58290e800756006b9aef442f9b1e697cb?s=96&d=mm&r=g","url":"https:\/\/secure.gravatar.com\/avatar\/ab3bd31bf66b0e143141b04dbe6aa5f58290e800756006b9aef442f9b1e697cb?s=96&d=mm&r=g","contentUrl":"https:\/\/secure.gravatar.com\/avatar\/ab3bd31bf66b0e143141b04dbe6aa5f58290e800756006b9aef442f9b1e697cb?s=96&d=mm&r=g","caption":"rss"},"url":"https:\/\/www.contem.es\/es\/author\/rss\/"}]}},"_links":{"self":[{"href":"https:\/\/www.contem.es\/es\/wp-json\/wp\/v2\/posts\/4825","targetHints":{"allow":["GET"]}}],"collection":[{"href":"https:\/\/www.contem.es\/es\/wp-json\/wp\/v2\/posts"}],"about":[{"href":"https:\/\/www.contem.es\/es\/wp-json\/wp\/v2\/types\/post"}],"author":[{"embeddable":true,"href":"https:\/\/www.contem.es\/es\/wp-json\/wp\/v2\/users\/7"}],"replies":[{"embeddable":true,"href":"https:\/\/www.contem.es\/es\/wp-json\/wp\/v2\/comments?post=4825"}],"version-history":[{"count":0,"href":"https:\/\/www.contem.es\/es\/wp-json\/wp\/v2\/posts\/4825\/revisions"}],"wp:featuredmedia":[{"embeddable":true,"href":"https:\/\/www.contem.es\/es\/wp-json\/wp\/v2\/media\/4826"}],"wp:attachment":[{"href":"https:\/\/www.contem.es\/es\/wp-json\/wp\/v2\/media?parent=4825"}],"wp:term":[{"taxonomy":"category","embeddable":true,"href":"https:\/\/www.contem.es\/es\/wp-json\/wp\/v2\/categories?post=4825"},{"taxonomy":"post_tag","embeddable":true,"href":"https:\/\/www.contem.es\/es\/wp-json\/wp\/v2\/tags?post=4825"}],"curies":[{"name":"wp","href":"https:\/\/api.w.org\/{rel}","templated":true}]}}