{"id":4696,"date":"2024-06-05T00:00:00","date_gmt":"2024-06-05T00:00:00","guid":{"rendered":"https:\/\/www.contem.es\/distribucion-de-dividendos-y-retenciones\/"},"modified":"2024-07-18T07:54:40","modified_gmt":"2024-07-18T07:54:40","slug":"distribucion-de-dividendos-y-retenciones","status":"publish","type":"post","link":"https:\/\/www.contem.es\/es\/distribucion-de-dividendos-y-retenciones\/","title":{"rendered":"Distribuci\u00f3n de dividendos y retenciones"},"content":{"rendered":"<p>Si su empresa aprueba una distribuci\u00f3n de dividendos en la Junta General de este mes de junio, deber\u00e1 ingresar las retenciones en Hacienda (el 19%) en la declaraci\u00f3n peri\u00f3dica \u2013mensual o trimestral\u2013 correspondiente al per\u00edodo en el que dichos dividendos sean exigibles. Y si en el acuerdo de reparto no dice nada al respecto, los dividendos se entienden exigibles a partir del d\u00eda siguiente al de la junta.<\/p>\n<p>As\u00ed pues, a su empresa le conviene celebrar dicha junta el d\u00eda 30 de junio, o bien, si la\u00a0realiza antes (ya que el 30 de junio es domingo), hacer constar en el acuerdo de reparto que los dividendos ser\u00e1n exigibles a partir del d\u00eda 1 de julio:<\/p>\n<ul>\n<li>Si no act\u00faa de esta forma y la junta se celebra el \u00a027\u00a0de junio, por ejemplo, se considerar\u00e1 que los dividendos son exigibles al d\u00eda siguiente, el 28\u00a0de junio. En ese caso, deber\u00e1 ingresar la retenci\u00f3n en la declaraci\u00f3n que presentar\u00e1 hasta el 22\u00a0de julio, con independencia de la fecha en la que los pague efectivamente.<\/li>\n<li>En cambio, si la junta acuerda que los dividendos ser\u00e1n exigibles el 5\u00a0de julio, por ejemplo, retrasar\u00e1 el ingreso de las retenciones hasta el 20 de agosto o el 21\u00a0de octubre (seg\u00fan si su empresa presenta declaraciones mensuales o trimestrales, respectivamente).<\/li>\n<\/ul>\n<p>Si entre los socios de su empresa hay sociedades que tienen una participaci\u00f3n en el capital igual o superior al 5%\u00a0y han pose\u00eddo\u00a0dicha participaci\u00f3n de forma ininterrumpida durante el a\u00f1o anterior al d\u00eda en que sean exigibles los dividendos, recuerde que no deber\u00e1 practicarles retenci\u00f3n.\u00a0En ese caso, dichos socios tienen derecho a aplicar la exenci\u00f3n por doble imposici\u00f3n sobre el 95% de los\u00a0dividendos en su Impuesto sobre Sociedades, motivo por el que la ley establece que tambi\u00e9n est\u00e9n exentos de retenciones.<\/p>\n<p>Eso s\u00ed, aseg\u00farese de que las sociedades\u00a0a las que no practica retenci\u00f3n le facilitan un escrito conforme est\u00e1n exentas de \u00e9sta. Solicite que en dicho escrito indiquen su porcentaje de participaci\u00f3n y la fecha de adquisici\u00f3n (o, como m\u00ednimo, que han adquirido la participaci\u00f3n con al menos un a\u00f1o de antelaci\u00f3n).<\/p>\n<p>Nuestros asesores le ayudaran a verificar en qu\u00e9 casos debe practicar retenci\u00f3n sobre los dividendos y le asesorar\u00e1n sobre c\u00f3mo demorar el ingreso de dicha retenci\u00f3n ante Hacienda.<\/p>\n","protected":false},"excerpt":{"rendered":"<p>Si su empresa aprueba una distribuci&oacute;n de dividendos en la Junta General de este mes de junio, deber&aacute; ingresar las retenciones en Hacienda (el 19%) en la declaraci&oacute;n peri&oacute;dica &ndash;mensual o trimestral&ndash; correspondiente al per&iacute;odo en el que dichos dividendos sean exigibles. Y si en el acuerdo de reparto no dice nada al respecto, los [&hellip;]<\/p>\n","protected":false},"author":7,"featured_media":4697,"comment_status":"closed","ping_status":"closed","sticky":false,"template":"","format":"standard","meta":{"footnotes":""},"categories":[59],"tags":[80],"class_list":["post-4696","post","type-post","status-publish","format-standard","has-post-thumbnail","hentry","category-sin-categorizar","tag-servicios"],"yoast_head":"<!-- This site is optimized with the Yoast SEO plugin v27.4 - https:\/\/yoast.com\/product\/yoast-seo-wordpress\/ -->\n<title>Distribuci\u00f3n de dividendos y retenciones | Contem Assessors<\/title>\n<meta name=\"robots\" content=\"index, follow, max-snippet:-1, max-image-preview:large, max-video-preview:-1\" \/>\n<link rel=\"canonical\" href=\"https:\/\/www.contem.es\/es\/distribucion-de-dividendos-y-retenciones\/\" \/>\n<meta property=\"og:locale\" content=\"es_ES\" \/>\n<meta property=\"og:type\" content=\"article\" \/>\n<meta property=\"og:title\" content=\"Distribuci\u00f3n de dividendos y retenciones | Contem Assessors\" \/>\n<meta property=\"og:description\" content=\"Si su empresa aprueba una distribuci&oacute;n de dividendos en la Junta General de este mes de junio, deber&aacute; ingresar las retenciones en Hacienda (el 19%) en la declaraci&oacute;n peri&oacute;dica &ndash;mensual o trimestral&ndash; correspondiente al per&iacute;odo en el que dichos dividendos sean exigibles. Y si en el acuerdo de reparto no dice nada al respecto, los [&hellip;]\" \/>\n<meta property=\"og:url\" content=\"https:\/\/www.contem.es\/es\/distribucion-de-dividendos-y-retenciones\/\" \/>\n<meta property=\"og:site_name\" content=\"Contem Assessors\" \/>\n<meta property=\"article:published_time\" content=\"2024-06-05T00:00:00+00:00\" \/>\n<meta property=\"article:modified_time\" content=\"2024-07-18T07:54:40+00:00\" \/>\n<meta property=\"og:image\" content=\"https:\/\/www.contem.es\/wp-content\/uploads\/2024\/06\/banknotebillscash63635-bcSize-650x118-2.jpg\" \/>\n\t<meta property=\"og:image:width\" content=\"650\" \/>\n\t<meta property=\"og:image:height\" content=\"118\" \/>\n\t<meta property=\"og:image:type\" content=\"image\/jpeg\" \/>\n<meta name=\"author\" content=\"rss\" \/>\n<meta name=\"twitter:card\" content=\"summary_large_image\" \/>\n<meta name=\"twitter:creator\" content=\"@contemassessors\" \/>\n<meta name=\"twitter:site\" content=\"@contemassessors\" \/>\n<meta name=\"twitter:label1\" content=\"Escrito por\" \/>\n\t<meta name=\"twitter:data1\" content=\"rss\" \/>\n\t<meta name=\"twitter:label2\" content=\"Tiempo de lectura\" \/>\n\t<meta name=\"twitter:data2\" content=\"3 minutos\" \/>\n<script type=\"application\/ld+json\" class=\"yoast-schema-graph\">{\"@context\":\"https:\\\/\\\/schema.org\",\"@graph\":[{\"@type\":\"Article\",\"@id\":\"https:\\\/\\\/www.contem.es\\\/es\\\/distribucion-de-dividendos-y-retenciones\\\/#article\",\"isPartOf\":{\"@id\":\"https:\\\/\\\/www.contem.es\\\/es\\\/distribucion-de-dividendos-y-retenciones\\\/\"},\"author\":{\"name\":\"rss\",\"@id\":\"https:\\\/\\\/www.contem.es\\\/es\\\/#\\\/schema\\\/person\\\/c1284c1e1887128f110dc4a88f6137ae\"},\"headline\":\"Distribuci\u00f3n de dividendos y retenciones\",\"datePublished\":\"2024-06-05T00:00:00+00:00\",\"dateModified\":\"2024-07-18T07:54:40+00:00\",\"mainEntityOfPage\":{\"@id\":\"https:\\\/\\\/www.contem.es\\\/es\\\/distribucion-de-dividendos-y-retenciones\\\/\"},\"wordCount\":414,\"publisher\":{\"@id\":\"https:\\\/\\\/www.contem.es\\\/es\\\/#organization\"},\"image\":{\"@id\":\"https:\\\/\\\/www.contem.es\\\/es\\\/distribucion-de-dividendos-y-retenciones\\\/#primaryimage\"},\"thumbnailUrl\":\"https:\\\/\\\/www.contem.es\\\/wp-content\\\/uploads\\\/2024\\\/06\\\/banknotebillscash63635-bcSize-650x118-2.jpg\",\"keywords\":[\"Servicios\"],\"articleSection\":[\"Sin categorizar\"],\"inLanguage\":\"es\"},{\"@type\":\"WebPage\",\"@id\":\"https:\\\/\\\/www.contem.es\\\/es\\\/distribucion-de-dividendos-y-retenciones\\\/\",\"url\":\"https:\\\/\\\/www.contem.es\\\/es\\\/distribucion-de-dividendos-y-retenciones\\\/\",\"name\":\"Distribuci\u00f3n de dividendos y retenciones | Contem Assessors\",\"isPartOf\":{\"@id\":\"https:\\\/\\\/www.contem.es\\\/es\\\/#website\"},\"primaryImageOfPage\":{\"@id\":\"https:\\\/\\\/www.contem.es\\\/es\\\/distribucion-de-dividendos-y-retenciones\\\/#primaryimage\"},\"image\":{\"@id\":\"https:\\\/\\\/www.contem.es\\\/es\\\/distribucion-de-dividendos-y-retenciones\\\/#primaryimage\"},\"thumbnailUrl\":\"https:\\\/\\\/www.contem.es\\\/wp-content\\\/uploads\\\/2024\\\/06\\\/banknotebillscash63635-bcSize-650x118-2.jpg\",\"datePublished\":\"2024-06-05T00:00:00+00:00\",\"dateModified\":\"2024-07-18T07:54:40+00:00\",\"breadcrumb\":{\"@id\":\"https:\\\/\\\/www.contem.es\\\/es\\\/distribucion-de-dividendos-y-retenciones\\\/#breadcrumb\"},\"inLanguage\":\"es\",\"potentialAction\":[{\"@type\":\"ReadAction\",\"target\":[\"https:\\\/\\\/www.contem.es\\\/es\\\/distribucion-de-dividendos-y-retenciones\\\/\"]}]},{\"@type\":\"ImageObject\",\"inLanguage\":\"es\",\"@id\":\"https:\\\/\\\/www.contem.es\\\/es\\\/distribucion-de-dividendos-y-retenciones\\\/#primaryimage\",\"url\":\"https:\\\/\\\/www.contem.es\\\/wp-content\\\/uploads\\\/2024\\\/06\\\/banknotebillscash63635-bcSize-650x118-2.jpg\",\"contentUrl\":\"https:\\\/\\\/www.contem.es\\\/wp-content\\\/uploads\\\/2024\\\/06\\\/banknotebillscash63635-bcSize-650x118-2.jpg\",\"width\":650,\"height\":118},{\"@type\":\"BreadcrumbList\",\"@id\":\"https:\\\/\\\/www.contem.es\\\/es\\\/distribucion-de-dividendos-y-retenciones\\\/#breadcrumb\",\"itemListElement\":[{\"@type\":\"ListItem\",\"position\":1,\"name\":\"Inici\",\"item\":\"https:\\\/\\\/www.contem.es\\\/es\\\/\"},{\"@type\":\"ListItem\",\"position\":2,\"name\":\"Distribuci\u00f3n de dividendos y retenciones\"}]},{\"@type\":\"WebSite\",\"@id\":\"https:\\\/\\\/www.contem.es\\\/es\\\/#website\",\"url\":\"https:\\\/\\\/www.contem.es\\\/es\\\/\",\"name\":\"Contem Assessors\",\"description\":\"Fiscal, comptable , laboral , jur\u00eddic , econ\u00f2mic i assegurances\",\"publisher\":{\"@id\":\"https:\\\/\\\/www.contem.es\\\/es\\\/#organization\"},\"potentialAction\":[{\"@type\":\"SearchAction\",\"target\":{\"@type\":\"EntryPoint\",\"urlTemplate\":\"https:\\\/\\\/www.contem.es\\\/es\\\/?s={search_term_string}\"},\"query-input\":{\"@type\":\"PropertyValueSpecification\",\"valueRequired\":true,\"valueName\":\"search_term_string\"}}],\"inLanguage\":\"es\"},{\"@type\":\"Organization\",\"@id\":\"https:\\\/\\\/www.contem.es\\\/es\\\/#organization\",\"name\":\"Contem Assessors\",\"url\":\"https:\\\/\\\/www.contem.es\\\/es\\\/\",\"logo\":{\"@type\":\"ImageObject\",\"inLanguage\":\"es\",\"@id\":\"https:\\\/\\\/www.contem.es\\\/es\\\/#\\\/schema\\\/logo\\\/image\\\/\",\"url\":\"https:\\\/\\\/www.contem.es\\\/wp-content\\\/uploads\\\/2016\\\/06\\\/touch-icon-contem.png\",\"contentUrl\":\"https:\\\/\\\/www.contem.es\\\/wp-content\\\/uploads\\\/2016\\\/06\\\/touch-icon-contem.png\",\"width\":120,\"height\":120,\"caption\":\"Contem Assessors\"},\"image\":{\"@id\":\"https:\\\/\\\/www.contem.es\\\/es\\\/#\\\/schema\\\/logo\\\/image\\\/\"},\"sameAs\":[\"https:\\\/\\\/x.com\\\/contemassessors\",\"https:\\\/\\\/www.linkedin.com\\\/company\\\/contem-assessors\"]},{\"@type\":\"Person\",\"@id\":\"https:\\\/\\\/www.contem.es\\\/es\\\/#\\\/schema\\\/person\\\/c1284c1e1887128f110dc4a88f6137ae\",\"name\":\"rss\",\"image\":{\"@type\":\"ImageObject\",\"inLanguage\":\"es\",\"@id\":\"https:\\\/\\\/secure.gravatar.com\\\/avatar\\\/ab3bd31bf66b0e143141b04dbe6aa5f58290e800756006b9aef442f9b1e697cb?s=96&d=mm&r=g\",\"url\":\"https:\\\/\\\/secure.gravatar.com\\\/avatar\\\/ab3bd31bf66b0e143141b04dbe6aa5f58290e800756006b9aef442f9b1e697cb?s=96&d=mm&r=g\",\"contentUrl\":\"https:\\\/\\\/secure.gravatar.com\\\/avatar\\\/ab3bd31bf66b0e143141b04dbe6aa5f58290e800756006b9aef442f9b1e697cb?s=96&d=mm&r=g\",\"caption\":\"rss\"},\"url\":\"https:\\\/\\\/www.contem.es\\\/es\\\/author\\\/rss\\\/\"}]}<\/script>\n<!-- \/ Yoast SEO plugin. -->","yoast_head_json":{"title":"Distribuci\u00f3n de dividendos y retenciones | Contem Assessors","robots":{"index":"index","follow":"follow","max-snippet":"max-snippet:-1","max-image-preview":"max-image-preview:large","max-video-preview":"max-video-preview:-1"},"canonical":"https:\/\/www.contem.es\/es\/distribucion-de-dividendos-y-retenciones\/","og_locale":"es_ES","og_type":"article","og_title":"Distribuci\u00f3n de dividendos y retenciones | Contem Assessors","og_description":"Si su empresa aprueba una distribuci&oacute;n de dividendos en la Junta General de este mes de junio, deber&aacute; ingresar las retenciones en Hacienda (el 19%) en la declaraci&oacute;n peri&oacute;dica &ndash;mensual o trimestral&ndash; correspondiente al per&iacute;odo en el que dichos dividendos sean exigibles. Y si en el acuerdo de reparto no dice nada al respecto, los [&hellip;]","og_url":"https:\/\/www.contem.es\/es\/distribucion-de-dividendos-y-retenciones\/","og_site_name":"Contem Assessors","article_published_time":"2024-06-05T00:00:00+00:00","article_modified_time":"2024-07-18T07:54:40+00:00","og_image":[{"width":650,"height":118,"url":"https:\/\/www.contem.es\/wp-content\/uploads\/2024\/06\/banknotebillscash63635-bcSize-650x118-2.jpg","type":"image\/jpeg"}],"author":"rss","twitter_card":"summary_large_image","twitter_creator":"@contemassessors","twitter_site":"@contemassessors","twitter_misc":{"Escrito por":"rss","Tiempo de lectura":"3 minutos"},"schema":{"@context":"https:\/\/schema.org","@graph":[{"@type":"Article","@id":"https:\/\/www.contem.es\/es\/distribucion-de-dividendos-y-retenciones\/#article","isPartOf":{"@id":"https:\/\/www.contem.es\/es\/distribucion-de-dividendos-y-retenciones\/"},"author":{"name":"rss","@id":"https:\/\/www.contem.es\/es\/#\/schema\/person\/c1284c1e1887128f110dc4a88f6137ae"},"headline":"Distribuci\u00f3n de dividendos y retenciones","datePublished":"2024-06-05T00:00:00+00:00","dateModified":"2024-07-18T07:54:40+00:00","mainEntityOfPage":{"@id":"https:\/\/www.contem.es\/es\/distribucion-de-dividendos-y-retenciones\/"},"wordCount":414,"publisher":{"@id":"https:\/\/www.contem.es\/es\/#organization"},"image":{"@id":"https:\/\/www.contem.es\/es\/distribucion-de-dividendos-y-retenciones\/#primaryimage"},"thumbnailUrl":"https:\/\/www.contem.es\/wp-content\/uploads\/2024\/06\/banknotebillscash63635-bcSize-650x118-2.jpg","keywords":["Servicios"],"articleSection":["Sin categorizar"],"inLanguage":"es"},{"@type":"WebPage","@id":"https:\/\/www.contem.es\/es\/distribucion-de-dividendos-y-retenciones\/","url":"https:\/\/www.contem.es\/es\/distribucion-de-dividendos-y-retenciones\/","name":"Distribuci\u00f3n de dividendos y retenciones | Contem Assessors","isPartOf":{"@id":"https:\/\/www.contem.es\/es\/#website"},"primaryImageOfPage":{"@id":"https:\/\/www.contem.es\/es\/distribucion-de-dividendos-y-retenciones\/#primaryimage"},"image":{"@id":"https:\/\/www.contem.es\/es\/distribucion-de-dividendos-y-retenciones\/#primaryimage"},"thumbnailUrl":"https:\/\/www.contem.es\/wp-content\/uploads\/2024\/06\/banknotebillscash63635-bcSize-650x118-2.jpg","datePublished":"2024-06-05T00:00:00+00:00","dateModified":"2024-07-18T07:54:40+00:00","breadcrumb":{"@id":"https:\/\/www.contem.es\/es\/distribucion-de-dividendos-y-retenciones\/#breadcrumb"},"inLanguage":"es","potentialAction":[{"@type":"ReadAction","target":["https:\/\/www.contem.es\/es\/distribucion-de-dividendos-y-retenciones\/"]}]},{"@type":"ImageObject","inLanguage":"es","@id":"https:\/\/www.contem.es\/es\/distribucion-de-dividendos-y-retenciones\/#primaryimage","url":"https:\/\/www.contem.es\/wp-content\/uploads\/2024\/06\/banknotebillscash63635-bcSize-650x118-2.jpg","contentUrl":"https:\/\/www.contem.es\/wp-content\/uploads\/2024\/06\/banknotebillscash63635-bcSize-650x118-2.jpg","width":650,"height":118},{"@type":"BreadcrumbList","@id":"https:\/\/www.contem.es\/es\/distribucion-de-dividendos-y-retenciones\/#breadcrumb","itemListElement":[{"@type":"ListItem","position":1,"name":"Inici","item":"https:\/\/www.contem.es\/es\/"},{"@type":"ListItem","position":2,"name":"Distribuci\u00f3n de dividendos y retenciones"}]},{"@type":"WebSite","@id":"https:\/\/www.contem.es\/es\/#website","url":"https:\/\/www.contem.es\/es\/","name":"Contem Assessors","description":"Fiscal, comptable , laboral , jur\u00eddic , econ\u00f2mic i assegurances","publisher":{"@id":"https:\/\/www.contem.es\/es\/#organization"},"potentialAction":[{"@type":"SearchAction","target":{"@type":"EntryPoint","urlTemplate":"https:\/\/www.contem.es\/es\/?s={search_term_string}"},"query-input":{"@type":"PropertyValueSpecification","valueRequired":true,"valueName":"search_term_string"}}],"inLanguage":"es"},{"@type":"Organization","@id":"https:\/\/www.contem.es\/es\/#organization","name":"Contem Assessors","url":"https:\/\/www.contem.es\/es\/","logo":{"@type":"ImageObject","inLanguage":"es","@id":"https:\/\/www.contem.es\/es\/#\/schema\/logo\/image\/","url":"https:\/\/www.contem.es\/wp-content\/uploads\/2016\/06\/touch-icon-contem.png","contentUrl":"https:\/\/www.contem.es\/wp-content\/uploads\/2016\/06\/touch-icon-contem.png","width":120,"height":120,"caption":"Contem Assessors"},"image":{"@id":"https:\/\/www.contem.es\/es\/#\/schema\/logo\/image\/"},"sameAs":["https:\/\/x.com\/contemassessors","https:\/\/www.linkedin.com\/company\/contem-assessors"]},{"@type":"Person","@id":"https:\/\/www.contem.es\/es\/#\/schema\/person\/c1284c1e1887128f110dc4a88f6137ae","name":"rss","image":{"@type":"ImageObject","inLanguage":"es","@id":"https:\/\/secure.gravatar.com\/avatar\/ab3bd31bf66b0e143141b04dbe6aa5f58290e800756006b9aef442f9b1e697cb?s=96&d=mm&r=g","url":"https:\/\/secure.gravatar.com\/avatar\/ab3bd31bf66b0e143141b04dbe6aa5f58290e800756006b9aef442f9b1e697cb?s=96&d=mm&r=g","contentUrl":"https:\/\/secure.gravatar.com\/avatar\/ab3bd31bf66b0e143141b04dbe6aa5f58290e800756006b9aef442f9b1e697cb?s=96&d=mm&r=g","caption":"rss"},"url":"https:\/\/www.contem.es\/es\/author\/rss\/"}]}},"_links":{"self":[{"href":"https:\/\/www.contem.es\/es\/wp-json\/wp\/v2\/posts\/4696","targetHints":{"allow":["GET"]}}],"collection":[{"href":"https:\/\/www.contem.es\/es\/wp-json\/wp\/v2\/posts"}],"about":[{"href":"https:\/\/www.contem.es\/es\/wp-json\/wp\/v2\/types\/post"}],"author":[{"embeddable":true,"href":"https:\/\/www.contem.es\/es\/wp-json\/wp\/v2\/users\/7"}],"replies":[{"embeddable":true,"href":"https:\/\/www.contem.es\/es\/wp-json\/wp\/v2\/comments?post=4696"}],"version-history":[{"count":1,"href":"https:\/\/www.contem.es\/es\/wp-json\/wp\/v2\/posts\/4696\/revisions"}],"predecessor-version":[{"id":4893,"href":"https:\/\/www.contem.es\/es\/wp-json\/wp\/v2\/posts\/4696\/revisions\/4893"}],"wp:featuredmedia":[{"embeddable":true,"href":"https:\/\/www.contem.es\/es\/wp-json\/wp\/v2\/media\/4697"}],"wp:attachment":[{"href":"https:\/\/www.contem.es\/es\/wp-json\/wp\/v2\/media?parent=4696"}],"wp:term":[{"taxonomy":"category","embeddable":true,"href":"https:\/\/www.contem.es\/es\/wp-json\/wp\/v2\/categories?post=4696"},{"taxonomy":"post_tag","embeddable":true,"href":"https:\/\/www.contem.es\/es\/wp-json\/wp\/v2\/tags?post=4696"}],"curies":[{"name":"wp","href":"https:\/\/api.w.org\/{rel}","templated":true}]}}