{"id":4567,"date":"2024-04-15T00:00:00","date_gmt":"2024-04-15T00:00:00","guid":{"rendered":"https:\/\/www.contem.es\/concurso-frustracion-de-cobro\/"},"modified":"2024-04-15T00:00:00","modified_gmt":"2024-04-15T00:00:00","slug":"concurso-frustracion-de-cobro","status":"publish","type":"post","link":"https:\/\/www.contem.es\/es\/concurso-frustracion-de-cobro\/","title":{"rendered":"Concurso. Frustraci\u00f3n de cobro"},"content":{"rendered":"<p>El plazo de prescripci\u00f3n para ejercer la acci\u00f3n individual de responsabilidad de los administradores concursales, y obtener la indemnizaci\u00f3n del da\u00f1o sufrido por la frustraci\u00f3n del cobro de un cr\u00e9dito, comienza cuando el acreedor contra la masa tiene <strong>certeza de que su cr\u00e9dito quedar\u00e1 impagado<\/strong> y en qu\u00e9 medida, lo que ordinariamente aflora cuando acaban las operaciones de liquidaci\u00f3n de los activos y no hay expectativa de reintegraci\u00f3n de activos a la masa.<\/p>\n<p>As\u00ed se ha expresado el Tribunal Supremo (TS) en una reciente sentencia resolviendo un supuesto en el seno del concurso de una sociedad, cuando uno de sus acreedores contra la masa present\u00f3 demanda contra la administraci\u00f3n concursal, por los da\u00f1os que le hab\u00eda ocasionado <strong>alterar el orden legal de pago<\/strong> de los cr\u00e9ditos contra la masa injustificadamente , al no respetar el criterio del vencimiento; provocando postergar su cr\u00e9dito a un momento en que ya no hab\u00eda activos.<\/p>\n<p>Los <strong>tribunales<\/strong> concluyeron que la acci\u00f3n hab\u00eda prescrito, pues el <strong>plazo de prescripci\u00f3n<\/strong> (1 a\u00f1o) deber\u00eda computarse a partir del momento en que el da\u00f1o fue determinable, lo que a su juicio aflor\u00f3 mucho antes, desde que tuvo conocimiento del plan de liquidaci\u00f3n.<\/p>\n<p>El <b>TS<\/b> ha estimado el recurso del acreedor con los siguientes <b>argumentos<\/b>:<\/p>\n<p>\u2022 La acci\u00f3n ejercitada en este caso es la <b>acci\u00f3n individual <\/b>de responsabilidad<b> <\/b>(no la colectiva). Aqu\u00ed el da\u00f1o debe ser directo a los intereses econ\u00f3micos del que ejercita la acci\u00f3n (en la colectiva a la masa y la indemnizaci\u00f3n va a parar a la masa).<\/p>\n<p>\u2022 La <strong>norma concursal anterior <\/strong>a 2020, que es la aqu\u00ed aplicable, no regulaba el <em><b>plazo de prescripci\u00f3n<\/b><\/em> de esta acci\u00f3n individual, por lo que el plazo de prescripci\u00f3n es el de 1 a\u00f1o del C\u00f3digo Civil para las acciones de naturaleza extracontractual.<\/p>\n<p>\u2022 El <b>c\u00f3mputo<\/b> de este plazo de prescripci\u00f3n debe comenzar desde que el agraviado demandante <b>conoce el perjuicio sufrido<\/b> y puede ejercitar la acci\u00f3n. Y aqu\u00ed el acreedor contra la masa no est\u00e1 en condiciones de ejercitar su acci\u00f3n hasta que no tiene certeza de que su cr\u00e9dito quedar\u00e1 impagado y en qu\u00e9 medida, lo que ocurre generalmente cuando <b>acaban<\/b> <b>las<\/b> <b>operaciones de<\/b> <b>liquidaci\u00f3n<\/b> de los activos.<\/p>\n<p>A juicio del TS, mientras la <b>liquidaci\u00f3n est\u00e9 en marcha<\/b> y los informes trimestrales no constaten con un m\u00ednimo de certeza el alcance de la imposibilidad de pago del cr\u00e9dito contra la masa del acreedor, no se cumple la circunstancia que justifica el comienzo del c\u00f3mputo del plazo de prescripci\u00f3n para exigir responsabilidades a la administraci\u00f3n concursal.<\/p>\n<p>Recordar que la <b>regulaci\u00f3n actual,<\/b> introducida en<b> <\/b>2020, s\u00ed establece una menci\u00f3n a la prescripci\u00f3n de la acci\u00f3n individual de 4 a\u00f1os, contados desde que se tiene conocimiento del da\u00f1o o perjuicio por el que reclama y, en todo caso, desde que los administradores concursales o los auxiliares delegados cesan en su cargo.<\/p>\n","protected":false},"excerpt":{"rendered":"<p>El plazo de prescripci&oacute;n para ejercer la acci&oacute;n individual de responsabilidad de los administradores concursales, y obtener la indemnizaci&oacute;n del da&ntilde;o sufrido por la frustraci&oacute;n del cobro de un cr&eacute;dito, comienza cuando el acreedor contra la masa tiene certeza de que su cr&eacute;dito quedar&aacute; impagado y en qu&eacute; medida, lo que ordinariamente aflora cuando acaban [&hellip;]<\/p>\n","protected":false},"author":7,"featured_media":4568,"comment_status":"closed","ping_status":"closed","sticky":false,"template":"","format":"standard","meta":{"footnotes":""},"categories":[96],"tags":[],"class_list":["post-4567","post","type-post","status-publish","format-standard","has-post-thumbnail","hentry","category-concursal-es"],"yoast_head":"<!-- This site is optimized with the Yoast SEO plugin v27.4 - https:\/\/yoast.com\/product\/yoast-seo-wordpress\/ -->\n<title>Concurso. Frustraci\u00f3n de cobro | Contem Assessors<\/title>\n<meta name=\"robots\" content=\"index, follow, max-snippet:-1, max-image-preview:large, max-video-preview:-1\" \/>\n<link rel=\"canonical\" href=\"https:\/\/www.contem.es\/es\/concurso-frustracion-de-cobro\/\" \/>\n<meta property=\"og:locale\" content=\"es_ES\" \/>\n<meta property=\"og:type\" content=\"article\" \/>\n<meta property=\"og:title\" content=\"Concurso. Frustraci\u00f3n de cobro | Contem Assessors\" \/>\n<meta property=\"og:description\" content=\"El plazo de prescripci&oacute;n para ejercer la acci&oacute;n individual de responsabilidad de los administradores concursales, y obtener la indemnizaci&oacute;n del da&ntilde;o sufrido por la frustraci&oacute;n del cobro de un cr&eacute;dito, comienza cuando el acreedor contra la masa tiene certeza de que su cr&eacute;dito quedar&aacute; impagado y en qu&eacute; medida, lo que ordinariamente aflora cuando acaban [&hellip;]\" \/>\n<meta property=\"og:url\" content=\"https:\/\/www.contem.es\/es\/concurso-frustracion-de-cobro\/\" \/>\n<meta property=\"og:site_name\" content=\"Contem Assessors\" \/>\n<meta property=\"article:published_time\" content=\"2024-04-15T00:00:00+00:00\" \/>\n<meta property=\"og:image\" content=\"https:\/\/www.contem.es\/wp-content\/uploads\/2016\/06\/touch-icon-contem.png\" \/>\n<meta name=\"author\" content=\"rss\" \/>\n<meta name=\"twitter:card\" content=\"summary_large_image\" \/>\n<meta name=\"twitter:creator\" content=\"@contemassessors\" \/>\n<meta name=\"twitter:site\" content=\"@contemassessors\" \/>\n<meta name=\"twitter:label1\" content=\"Escrito por\" \/>\n\t<meta name=\"twitter:data1\" content=\"rss\" \/>\n\t<meta name=\"twitter:label2\" content=\"Tiempo de lectura\" \/>\n\t<meta name=\"twitter:data2\" content=\"3 minutos\" \/>\n<script type=\"application\/ld+json\" class=\"yoast-schema-graph\">{\"@context\":\"https:\\\/\\\/schema.org\",\"@graph\":[{\"@type\":\"Article\",\"@id\":\"https:\\\/\\\/www.contem.es\\\/es\\\/concurso-frustracion-de-cobro\\\/#article\",\"isPartOf\":{\"@id\":\"https:\\\/\\\/www.contem.es\\\/es\\\/concurso-frustracion-de-cobro\\\/\"},\"author\":{\"name\":\"rss\",\"@id\":\"https:\\\/\\\/www.contem.es\\\/es\\\/#\\\/schema\\\/person\\\/c1284c1e1887128f110dc4a88f6137ae\"},\"headline\":\"Concurso. Frustraci\u00f3n de cobro\",\"datePublished\":\"2024-04-15T00:00:00+00:00\",\"mainEntityOfPage\":{\"@id\":\"https:\\\/\\\/www.contem.es\\\/es\\\/concurso-frustracion-de-cobro\\\/\"},\"wordCount\":519,\"publisher\":{\"@id\":\"https:\\\/\\\/www.contem.es\\\/es\\\/#organization\"},\"image\":{\"@id\":\"https:\\\/\\\/www.contem.es\\\/es\\\/concurso-frustracion-de-cobro\\\/#primaryimage\"},\"thumbnailUrl\":\"https:\\\/\\\/www.contem.es\\\/wp-content\\\/uploads\\\/2024\\\/04\\\/shutterstock1255449931-bcSize-650x118-4.jpg\",\"articleSection\":[\"Concursal\"],\"inLanguage\":\"es\"},{\"@type\":\"WebPage\",\"@id\":\"https:\\\/\\\/www.contem.es\\\/es\\\/concurso-frustracion-de-cobro\\\/\",\"url\":\"https:\\\/\\\/www.contem.es\\\/es\\\/concurso-frustracion-de-cobro\\\/\",\"name\":\"Concurso. Frustraci\u00f3n de cobro | Contem Assessors\",\"isPartOf\":{\"@id\":\"https:\\\/\\\/www.contem.es\\\/es\\\/#website\"},\"primaryImageOfPage\":{\"@id\":\"https:\\\/\\\/www.contem.es\\\/es\\\/concurso-frustracion-de-cobro\\\/#primaryimage\"},\"image\":{\"@id\":\"https:\\\/\\\/www.contem.es\\\/es\\\/concurso-frustracion-de-cobro\\\/#primaryimage\"},\"thumbnailUrl\":\"https:\\\/\\\/www.contem.es\\\/wp-content\\\/uploads\\\/2024\\\/04\\\/shutterstock1255449931-bcSize-650x118-4.jpg\",\"datePublished\":\"2024-04-15T00:00:00+00:00\",\"breadcrumb\":{\"@id\":\"https:\\\/\\\/www.contem.es\\\/es\\\/concurso-frustracion-de-cobro\\\/#breadcrumb\"},\"inLanguage\":\"es\",\"potentialAction\":[{\"@type\":\"ReadAction\",\"target\":[\"https:\\\/\\\/www.contem.es\\\/es\\\/concurso-frustracion-de-cobro\\\/\"]}]},{\"@type\":\"ImageObject\",\"inLanguage\":\"es\",\"@id\":\"https:\\\/\\\/www.contem.es\\\/es\\\/concurso-frustracion-de-cobro\\\/#primaryimage\",\"url\":\"https:\\\/\\\/www.contem.es\\\/wp-content\\\/uploads\\\/2024\\\/04\\\/shutterstock1255449931-bcSize-650x118-4.jpg\",\"contentUrl\":\"https:\\\/\\\/www.contem.es\\\/wp-content\\\/uploads\\\/2024\\\/04\\\/shutterstock1255449931-bcSize-650x118-4.jpg\",\"width\":650,\"height\":118},{\"@type\":\"BreadcrumbList\",\"@id\":\"https:\\\/\\\/www.contem.es\\\/es\\\/concurso-frustracion-de-cobro\\\/#breadcrumb\",\"itemListElement\":[{\"@type\":\"ListItem\",\"position\":1,\"name\":\"Inici\",\"item\":\"https:\\\/\\\/www.contem.es\\\/es\\\/\"},{\"@type\":\"ListItem\",\"position\":2,\"name\":\"Concurso. Frustraci\u00f3n de cobro\"}]},{\"@type\":\"WebSite\",\"@id\":\"https:\\\/\\\/www.contem.es\\\/es\\\/#website\",\"url\":\"https:\\\/\\\/www.contem.es\\\/es\\\/\",\"name\":\"Contem Assessors\",\"description\":\"Fiscal, comptable , laboral , jur\u00eddic , econ\u00f2mic i assegurances\",\"publisher\":{\"@id\":\"https:\\\/\\\/www.contem.es\\\/es\\\/#organization\"},\"potentialAction\":[{\"@type\":\"SearchAction\",\"target\":{\"@type\":\"EntryPoint\",\"urlTemplate\":\"https:\\\/\\\/www.contem.es\\\/es\\\/?s={search_term_string}\"},\"query-input\":{\"@type\":\"PropertyValueSpecification\",\"valueRequired\":true,\"valueName\":\"search_term_string\"}}],\"inLanguage\":\"es\"},{\"@type\":\"Organization\",\"@id\":\"https:\\\/\\\/www.contem.es\\\/es\\\/#organization\",\"name\":\"Contem Assessors\",\"url\":\"https:\\\/\\\/www.contem.es\\\/es\\\/\",\"logo\":{\"@type\":\"ImageObject\",\"inLanguage\":\"es\",\"@id\":\"https:\\\/\\\/www.contem.es\\\/es\\\/#\\\/schema\\\/logo\\\/image\\\/\",\"url\":\"https:\\\/\\\/www.contem.es\\\/wp-content\\\/uploads\\\/2016\\\/06\\\/touch-icon-contem.png\",\"contentUrl\":\"https:\\\/\\\/www.contem.es\\\/wp-content\\\/uploads\\\/2016\\\/06\\\/touch-icon-contem.png\",\"width\":120,\"height\":120,\"caption\":\"Contem Assessors\"},\"image\":{\"@id\":\"https:\\\/\\\/www.contem.es\\\/es\\\/#\\\/schema\\\/logo\\\/image\\\/\"},\"sameAs\":[\"https:\\\/\\\/x.com\\\/contemassessors\",\"https:\\\/\\\/www.linkedin.com\\\/company\\\/contem-assessors\"]},{\"@type\":\"Person\",\"@id\":\"https:\\\/\\\/www.contem.es\\\/es\\\/#\\\/schema\\\/person\\\/c1284c1e1887128f110dc4a88f6137ae\",\"name\":\"rss\",\"image\":{\"@type\":\"ImageObject\",\"inLanguage\":\"es\",\"@id\":\"https:\\\/\\\/secure.gravatar.com\\\/avatar\\\/ab3bd31bf66b0e143141b04dbe6aa5f58290e800756006b9aef442f9b1e697cb?s=96&d=mm&r=g\",\"url\":\"https:\\\/\\\/secure.gravatar.com\\\/avatar\\\/ab3bd31bf66b0e143141b04dbe6aa5f58290e800756006b9aef442f9b1e697cb?s=96&d=mm&r=g\",\"contentUrl\":\"https:\\\/\\\/secure.gravatar.com\\\/avatar\\\/ab3bd31bf66b0e143141b04dbe6aa5f58290e800756006b9aef442f9b1e697cb?s=96&d=mm&r=g\",\"caption\":\"rss\"},\"url\":\"https:\\\/\\\/www.contem.es\\\/es\\\/author\\\/rss\\\/\"}]}<\/script>\n<!-- \/ Yoast SEO plugin. -->","yoast_head_json":{"title":"Concurso. Frustraci\u00f3n de cobro | Contem Assessors","robots":{"index":"index","follow":"follow","max-snippet":"max-snippet:-1","max-image-preview":"max-image-preview:large","max-video-preview":"max-video-preview:-1"},"canonical":"https:\/\/www.contem.es\/es\/concurso-frustracion-de-cobro\/","og_locale":"es_ES","og_type":"article","og_title":"Concurso. Frustraci\u00f3n de cobro | Contem Assessors","og_description":"El plazo de prescripci&oacute;n para ejercer la acci&oacute;n individual de responsabilidad de los administradores concursales, y obtener la indemnizaci&oacute;n del da&ntilde;o sufrido por la frustraci&oacute;n del cobro de un cr&eacute;dito, comienza cuando el acreedor contra la masa tiene certeza de que su cr&eacute;dito quedar&aacute; impagado y en qu&eacute; medida, lo que ordinariamente aflora cuando acaban [&hellip;]","og_url":"https:\/\/www.contem.es\/es\/concurso-frustracion-de-cobro\/","og_site_name":"Contem Assessors","article_published_time":"2024-04-15T00:00:00+00:00","og_image":[{"url":"https:\/\/www.contem.es\/wp-content\/uploads\/2016\/06\/touch-icon-contem.png","type":"","width":"","height":""}],"author":"rss","twitter_card":"summary_large_image","twitter_creator":"@contemassessors","twitter_site":"@contemassessors","twitter_misc":{"Escrito por":"rss","Tiempo de lectura":"3 minutos"},"schema":{"@context":"https:\/\/schema.org","@graph":[{"@type":"Article","@id":"https:\/\/www.contem.es\/es\/concurso-frustracion-de-cobro\/#article","isPartOf":{"@id":"https:\/\/www.contem.es\/es\/concurso-frustracion-de-cobro\/"},"author":{"name":"rss","@id":"https:\/\/www.contem.es\/es\/#\/schema\/person\/c1284c1e1887128f110dc4a88f6137ae"},"headline":"Concurso. Frustraci\u00f3n de cobro","datePublished":"2024-04-15T00:00:00+00:00","mainEntityOfPage":{"@id":"https:\/\/www.contem.es\/es\/concurso-frustracion-de-cobro\/"},"wordCount":519,"publisher":{"@id":"https:\/\/www.contem.es\/es\/#organization"},"image":{"@id":"https:\/\/www.contem.es\/es\/concurso-frustracion-de-cobro\/#primaryimage"},"thumbnailUrl":"https:\/\/www.contem.es\/wp-content\/uploads\/2024\/04\/shutterstock1255449931-bcSize-650x118-4.jpg","articleSection":["Concursal"],"inLanguage":"es"},{"@type":"WebPage","@id":"https:\/\/www.contem.es\/es\/concurso-frustracion-de-cobro\/","url":"https:\/\/www.contem.es\/es\/concurso-frustracion-de-cobro\/","name":"Concurso. Frustraci\u00f3n de cobro | Contem Assessors","isPartOf":{"@id":"https:\/\/www.contem.es\/es\/#website"},"primaryImageOfPage":{"@id":"https:\/\/www.contem.es\/es\/concurso-frustracion-de-cobro\/#primaryimage"},"image":{"@id":"https:\/\/www.contem.es\/es\/concurso-frustracion-de-cobro\/#primaryimage"},"thumbnailUrl":"https:\/\/www.contem.es\/wp-content\/uploads\/2024\/04\/shutterstock1255449931-bcSize-650x118-4.jpg","datePublished":"2024-04-15T00:00:00+00:00","breadcrumb":{"@id":"https:\/\/www.contem.es\/es\/concurso-frustracion-de-cobro\/#breadcrumb"},"inLanguage":"es","potentialAction":[{"@type":"ReadAction","target":["https:\/\/www.contem.es\/es\/concurso-frustracion-de-cobro\/"]}]},{"@type":"ImageObject","inLanguage":"es","@id":"https:\/\/www.contem.es\/es\/concurso-frustracion-de-cobro\/#primaryimage","url":"https:\/\/www.contem.es\/wp-content\/uploads\/2024\/04\/shutterstock1255449931-bcSize-650x118-4.jpg","contentUrl":"https:\/\/www.contem.es\/wp-content\/uploads\/2024\/04\/shutterstock1255449931-bcSize-650x118-4.jpg","width":650,"height":118},{"@type":"BreadcrumbList","@id":"https:\/\/www.contem.es\/es\/concurso-frustracion-de-cobro\/#breadcrumb","itemListElement":[{"@type":"ListItem","position":1,"name":"Inici","item":"https:\/\/www.contem.es\/es\/"},{"@type":"ListItem","position":2,"name":"Concurso. Frustraci\u00f3n de cobro"}]},{"@type":"WebSite","@id":"https:\/\/www.contem.es\/es\/#website","url":"https:\/\/www.contem.es\/es\/","name":"Contem Assessors","description":"Fiscal, comptable , laboral , jur\u00eddic , econ\u00f2mic i assegurances","publisher":{"@id":"https:\/\/www.contem.es\/es\/#organization"},"potentialAction":[{"@type":"SearchAction","target":{"@type":"EntryPoint","urlTemplate":"https:\/\/www.contem.es\/es\/?s={search_term_string}"},"query-input":{"@type":"PropertyValueSpecification","valueRequired":true,"valueName":"search_term_string"}}],"inLanguage":"es"},{"@type":"Organization","@id":"https:\/\/www.contem.es\/es\/#organization","name":"Contem Assessors","url":"https:\/\/www.contem.es\/es\/","logo":{"@type":"ImageObject","inLanguage":"es","@id":"https:\/\/www.contem.es\/es\/#\/schema\/logo\/image\/","url":"https:\/\/www.contem.es\/wp-content\/uploads\/2016\/06\/touch-icon-contem.png","contentUrl":"https:\/\/www.contem.es\/wp-content\/uploads\/2016\/06\/touch-icon-contem.png","width":120,"height":120,"caption":"Contem Assessors"},"image":{"@id":"https:\/\/www.contem.es\/es\/#\/schema\/logo\/image\/"},"sameAs":["https:\/\/x.com\/contemassessors","https:\/\/www.linkedin.com\/company\/contem-assessors"]},{"@type":"Person","@id":"https:\/\/www.contem.es\/es\/#\/schema\/person\/c1284c1e1887128f110dc4a88f6137ae","name":"rss","image":{"@type":"ImageObject","inLanguage":"es","@id":"https:\/\/secure.gravatar.com\/avatar\/ab3bd31bf66b0e143141b04dbe6aa5f58290e800756006b9aef442f9b1e697cb?s=96&d=mm&r=g","url":"https:\/\/secure.gravatar.com\/avatar\/ab3bd31bf66b0e143141b04dbe6aa5f58290e800756006b9aef442f9b1e697cb?s=96&d=mm&r=g","contentUrl":"https:\/\/secure.gravatar.com\/avatar\/ab3bd31bf66b0e143141b04dbe6aa5f58290e800756006b9aef442f9b1e697cb?s=96&d=mm&r=g","caption":"rss"},"url":"https:\/\/www.contem.es\/es\/author\/rss\/"}]}},"_links":{"self":[{"href":"https:\/\/www.contem.es\/es\/wp-json\/wp\/v2\/posts\/4567","targetHints":{"allow":["GET"]}}],"collection":[{"href":"https:\/\/www.contem.es\/es\/wp-json\/wp\/v2\/posts"}],"about":[{"href":"https:\/\/www.contem.es\/es\/wp-json\/wp\/v2\/types\/post"}],"author":[{"embeddable":true,"href":"https:\/\/www.contem.es\/es\/wp-json\/wp\/v2\/users\/7"}],"replies":[{"embeddable":true,"href":"https:\/\/www.contem.es\/es\/wp-json\/wp\/v2\/comments?post=4567"}],"version-history":[{"count":0,"href":"https:\/\/www.contem.es\/es\/wp-json\/wp\/v2\/posts\/4567\/revisions"}],"wp:featuredmedia":[{"embeddable":true,"href":"https:\/\/www.contem.es\/es\/wp-json\/wp\/v2\/media\/4568"}],"wp:attachment":[{"href":"https:\/\/www.contem.es\/es\/wp-json\/wp\/v2\/media?parent=4567"}],"wp:term":[{"taxonomy":"category","embeddable":true,"href":"https:\/\/www.contem.es\/es\/wp-json\/wp\/v2\/categories?post=4567"},{"taxonomy":"post_tag","embeddable":true,"href":"https:\/\/www.contem.es\/es\/wp-json\/wp\/v2\/tags?post=4567"}],"curies":[{"name":"wp","href":"https:\/\/api.w.org\/{rel}","templated":true}]}}