{"id":4549,"date":"2024-04-19T00:00:00","date_gmt":"2024-04-19T00:00:00","guid":{"rendered":"https:\/\/www.contem.es\/nulidad-de-plan-urbanistico\/"},"modified":"2024-04-19T00:00:00","modified_gmt":"2024-04-19T00:00:00","slug":"nulidad-de-plan-urbanistico","status":"publish","type":"post","link":"https:\/\/www.contem.es\/es\/nulidad-de-plan-urbanistico\/","title":{"rendered":"Nulidad de plan urban\u00edstico"},"content":{"rendered":"<p>Los tribunales declararon nulo la aprobaci\u00f3n definitiva de un <b>plan especial<\/b> elaborado para una zona de actividades log\u00edsticas (en un puerto) porque la Administraci\u00f3n implicada sigui\u00f3 la evaluaci\u00f3n ambiental estrat\u00e9gica por el <b>procedimiento simplificado<\/b>, en vez de por el procedimiento <b>ordinario<\/b>, circunstancia que asemeja a la omisi\u00f3n del tr\u00e1mite.<\/p>\n<p>La <b>Administraci\u00f3n <\/b>sigui\u00f3 este<b> <\/b>tr\u00e1mite simplificado, porque el ordinario se impone para los proyectos que exigen la urbanizaci\u00f3n del suelo, circunstancia que aqu\u00ed no concurre, pues el <b>suelo<\/b> se encontraba <b>ya urbanizado<\/b>. Con esta argumentaci\u00f3n recurre al Tribunal Supremo que, en una reciente sentencia, le ha dado la raz\u00f3n.<\/p>\n<p>Lo que se plantea es la incidencia que puede tener una <b>situaci\u00f3n de hecho<\/b> en la que se encuentre el <b>suelo<\/b> (urbanizado) afectado por un instrumento urban\u00edstico cuando no coincide, como consecuencia de la anulaci\u00f3n judicial del previo instrumento urban\u00edstico, con la <b>clasificaci\u00f3n<\/b> vigente del mismo (no urbanizable) en la determinaci\u00f3n de la modalidad de evaluaci\u00f3n ambiental estrat\u00e9gica exigible (ordinaria o simple) para la aprobaci\u00f3n de dicho instrumento urban\u00edstico.<\/p>\n<p>Dice el <b>TS <\/b>que, si bien es cierto que los <b>actos jur\u00eddicos firmes<\/b> ejecutados con base en un plan urban\u00edstico posteriormente declarado nulo est\u00e1n afectados por causa de nulidad, en este caso no se trata de actos jur\u00eddicos sino de <b>actuaciones materiales<\/b>, como son las obras de urbanizaci\u00f3n realizadas al amparo de un plan que goz\u00f3 de presunci\u00f3n de legalidad y eficacia durante diez a\u00f1os.<\/p>\n<p>El tiempo transcurrido y la consolidaci\u00f3n de la urbanizaci\u00f3n determinan la elecci\u00f3n de la <b>modalidad de evaluaci\u00f3n ambiental estrat\u00e9gica<\/b> por el procedimiento simplificado.<\/p>\n<p>Ni social ni econ\u00f3micamente es aceptable hacer <b>obras de restauraci\u00f3n del suelo <\/b>para recuperar su condici\u00f3n de r\u00fastico, para a su vez, posteriormente aprobar un nuevo plan para urbanizar esos mismos terrenos por razones de inter\u00e9s p\u00fablico.<\/p>\n","protected":false},"excerpt":{"rendered":"<p>Los tribunales declararon nulo la aprobaci&oacute;n definitiva de un plan especial elaborado para una zona de actividades log&iacute;sticas (en un puerto) porque la Administraci&oacute;n implicada sigui&oacute; la evaluaci&oacute;n ambiental estrat&eacute;gica por el procedimiento simplificado, en vez de por el procedimiento ordinario, circunstancia que asemeja a la omisi&oacute;n del tr&aacute;mite. La Administraci&oacute;n sigui&oacute; este tr&aacute;mite simplificado, [&hellip;]<\/p>\n","protected":false},"author":7,"featured_media":4550,"comment_status":"closed","ping_status":"closed","sticky":false,"template":"","format":"standard","meta":{"footnotes":""},"categories":[98],"tags":[],"class_list":["post-4549","post","type-post","status-publish","format-standard","has-post-thumbnail","hentry","category-administrativo"],"yoast_head":"<!-- This site is optimized with the Yoast SEO plugin v27.4 - https:\/\/yoast.com\/product\/yoast-seo-wordpress\/ -->\n<title>Nulidad de plan urban\u00edstico | Contem Assessors<\/title>\n<meta name=\"robots\" content=\"index, follow, max-snippet:-1, max-image-preview:large, max-video-preview:-1\" \/>\n<link rel=\"canonical\" href=\"https:\/\/www.contem.es\/es\/nulidad-de-plan-urbanistico\/\" \/>\n<meta property=\"og:locale\" content=\"es_ES\" \/>\n<meta property=\"og:type\" content=\"article\" \/>\n<meta property=\"og:title\" content=\"Nulidad de plan urban\u00edstico | Contem Assessors\" \/>\n<meta property=\"og:description\" content=\"Los tribunales declararon nulo la aprobaci&oacute;n definitiva de un plan especial elaborado para una zona de actividades log&iacute;sticas (en un puerto) porque la Administraci&oacute;n implicada sigui&oacute; la evaluaci&oacute;n ambiental estrat&eacute;gica por el procedimiento simplificado, en vez de por el procedimiento ordinario, circunstancia que asemeja a la omisi&oacute;n del tr&aacute;mite. La Administraci&oacute;n sigui&oacute; este tr&aacute;mite simplificado, [&hellip;]\" \/>\n<meta property=\"og:url\" content=\"https:\/\/www.contem.es\/es\/nulidad-de-plan-urbanistico\/\" \/>\n<meta property=\"og:site_name\" content=\"Contem Assessors\" \/>\n<meta property=\"article:published_time\" content=\"2024-04-19T00:00:00+00:00\" \/>\n<meta property=\"og:image\" content=\"https:\/\/www.contem.es\/wp-content\/uploads\/2016\/06\/touch-icon-contem.png\" \/>\n<meta name=\"author\" content=\"rss\" \/>\n<meta name=\"twitter:card\" content=\"summary_large_image\" \/>\n<meta name=\"twitter:creator\" content=\"@contemassessors\" \/>\n<meta name=\"twitter:site\" content=\"@contemassessors\" \/>\n<meta name=\"twitter:label1\" content=\"Escrito por\" \/>\n\t<meta name=\"twitter:data1\" content=\"rss\" \/>\n\t<meta name=\"twitter:label2\" content=\"Tiempo de lectura\" \/>\n\t<meta name=\"twitter:data2\" content=\"2 minutos\" \/>\n<script type=\"application\/ld+json\" class=\"yoast-schema-graph\">{\"@context\":\"https:\\\/\\\/schema.org\",\"@graph\":[{\"@type\":\"Article\",\"@id\":\"https:\\\/\\\/www.contem.es\\\/es\\\/nulidad-de-plan-urbanistico\\\/#article\",\"isPartOf\":{\"@id\":\"https:\\\/\\\/www.contem.es\\\/es\\\/nulidad-de-plan-urbanistico\\\/\"},\"author\":{\"name\":\"rss\",\"@id\":\"https:\\\/\\\/www.contem.es\\\/es\\\/#\\\/schema\\\/person\\\/c1284c1e1887128f110dc4a88f6137ae\"},\"headline\":\"Nulidad de plan urban\u00edstico\",\"datePublished\":\"2024-04-19T00:00:00+00:00\",\"mainEntityOfPage\":{\"@id\":\"https:\\\/\\\/www.contem.es\\\/es\\\/nulidad-de-plan-urbanistico\\\/\"},\"wordCount\":337,\"publisher\":{\"@id\":\"https:\\\/\\\/www.contem.es\\\/es\\\/#organization\"},\"image\":{\"@id\":\"https:\\\/\\\/www.contem.es\\\/es\\\/nulidad-de-plan-urbanistico\\\/#primaryimage\"},\"thumbnailUrl\":\"https:\\\/\\\/www.contem.es\\\/wp-content\\\/uploads\\\/2024\\\/04\\\/PuntosdeconexinPV3112024-bcSize-650x118-4.jpg\",\"articleSection\":[\"Administrativo\"],\"inLanguage\":\"es\"},{\"@type\":\"WebPage\",\"@id\":\"https:\\\/\\\/www.contem.es\\\/es\\\/nulidad-de-plan-urbanistico\\\/\",\"url\":\"https:\\\/\\\/www.contem.es\\\/es\\\/nulidad-de-plan-urbanistico\\\/\",\"name\":\"Nulidad de plan urban\u00edstico | Contem Assessors\",\"isPartOf\":{\"@id\":\"https:\\\/\\\/www.contem.es\\\/es\\\/#website\"},\"primaryImageOfPage\":{\"@id\":\"https:\\\/\\\/www.contem.es\\\/es\\\/nulidad-de-plan-urbanistico\\\/#primaryimage\"},\"image\":{\"@id\":\"https:\\\/\\\/www.contem.es\\\/es\\\/nulidad-de-plan-urbanistico\\\/#primaryimage\"},\"thumbnailUrl\":\"https:\\\/\\\/www.contem.es\\\/wp-content\\\/uploads\\\/2024\\\/04\\\/PuntosdeconexinPV3112024-bcSize-650x118-4.jpg\",\"datePublished\":\"2024-04-19T00:00:00+00:00\",\"breadcrumb\":{\"@id\":\"https:\\\/\\\/www.contem.es\\\/es\\\/nulidad-de-plan-urbanistico\\\/#breadcrumb\"},\"inLanguage\":\"es\",\"potentialAction\":[{\"@type\":\"ReadAction\",\"target\":[\"https:\\\/\\\/www.contem.es\\\/es\\\/nulidad-de-plan-urbanistico\\\/\"]}]},{\"@type\":\"ImageObject\",\"inLanguage\":\"es\",\"@id\":\"https:\\\/\\\/www.contem.es\\\/es\\\/nulidad-de-plan-urbanistico\\\/#primaryimage\",\"url\":\"https:\\\/\\\/www.contem.es\\\/wp-content\\\/uploads\\\/2024\\\/04\\\/PuntosdeconexinPV3112024-bcSize-650x118-4.jpg\",\"contentUrl\":\"https:\\\/\\\/www.contem.es\\\/wp-content\\\/uploads\\\/2024\\\/04\\\/PuntosdeconexinPV3112024-bcSize-650x118-4.jpg\",\"width\":650,\"height\":118},{\"@type\":\"BreadcrumbList\",\"@id\":\"https:\\\/\\\/www.contem.es\\\/es\\\/nulidad-de-plan-urbanistico\\\/#breadcrumb\",\"itemListElement\":[{\"@type\":\"ListItem\",\"position\":1,\"name\":\"Inici\",\"item\":\"https:\\\/\\\/www.contem.es\\\/es\\\/\"},{\"@type\":\"ListItem\",\"position\":2,\"name\":\"Nulidad de plan urban\u00edstico\"}]},{\"@type\":\"WebSite\",\"@id\":\"https:\\\/\\\/www.contem.es\\\/es\\\/#website\",\"url\":\"https:\\\/\\\/www.contem.es\\\/es\\\/\",\"name\":\"Contem Assessors\",\"description\":\"Fiscal, comptable , laboral , jur\u00eddic , econ\u00f2mic i assegurances\",\"publisher\":{\"@id\":\"https:\\\/\\\/www.contem.es\\\/es\\\/#organization\"},\"potentialAction\":[{\"@type\":\"SearchAction\",\"target\":{\"@type\":\"EntryPoint\",\"urlTemplate\":\"https:\\\/\\\/www.contem.es\\\/es\\\/?s={search_term_string}\"},\"query-input\":{\"@type\":\"PropertyValueSpecification\",\"valueRequired\":true,\"valueName\":\"search_term_string\"}}],\"inLanguage\":\"es\"},{\"@type\":\"Organization\",\"@id\":\"https:\\\/\\\/www.contem.es\\\/es\\\/#organization\",\"name\":\"Contem Assessors\",\"url\":\"https:\\\/\\\/www.contem.es\\\/es\\\/\",\"logo\":{\"@type\":\"ImageObject\",\"inLanguage\":\"es\",\"@id\":\"https:\\\/\\\/www.contem.es\\\/es\\\/#\\\/schema\\\/logo\\\/image\\\/\",\"url\":\"https:\\\/\\\/www.contem.es\\\/wp-content\\\/uploads\\\/2016\\\/06\\\/touch-icon-contem.png\",\"contentUrl\":\"https:\\\/\\\/www.contem.es\\\/wp-content\\\/uploads\\\/2016\\\/06\\\/touch-icon-contem.png\",\"width\":120,\"height\":120,\"caption\":\"Contem Assessors\"},\"image\":{\"@id\":\"https:\\\/\\\/www.contem.es\\\/es\\\/#\\\/schema\\\/logo\\\/image\\\/\"},\"sameAs\":[\"https:\\\/\\\/x.com\\\/contemassessors\",\"https:\\\/\\\/www.linkedin.com\\\/company\\\/contem-assessors\"]},{\"@type\":\"Person\",\"@id\":\"https:\\\/\\\/www.contem.es\\\/es\\\/#\\\/schema\\\/person\\\/c1284c1e1887128f110dc4a88f6137ae\",\"name\":\"rss\",\"image\":{\"@type\":\"ImageObject\",\"inLanguage\":\"es\",\"@id\":\"https:\\\/\\\/secure.gravatar.com\\\/avatar\\\/ab3bd31bf66b0e143141b04dbe6aa5f58290e800756006b9aef442f9b1e697cb?s=96&d=mm&r=g\",\"url\":\"https:\\\/\\\/secure.gravatar.com\\\/avatar\\\/ab3bd31bf66b0e143141b04dbe6aa5f58290e800756006b9aef442f9b1e697cb?s=96&d=mm&r=g\",\"contentUrl\":\"https:\\\/\\\/secure.gravatar.com\\\/avatar\\\/ab3bd31bf66b0e143141b04dbe6aa5f58290e800756006b9aef442f9b1e697cb?s=96&d=mm&r=g\",\"caption\":\"rss\"},\"url\":\"https:\\\/\\\/www.contem.es\\\/es\\\/author\\\/rss\\\/\"}]}<\/script>\n<!-- \/ Yoast SEO plugin. -->","yoast_head_json":{"title":"Nulidad de plan urban\u00edstico | Contem Assessors","robots":{"index":"index","follow":"follow","max-snippet":"max-snippet:-1","max-image-preview":"max-image-preview:large","max-video-preview":"max-video-preview:-1"},"canonical":"https:\/\/www.contem.es\/es\/nulidad-de-plan-urbanistico\/","og_locale":"es_ES","og_type":"article","og_title":"Nulidad de plan urban\u00edstico | Contem Assessors","og_description":"Los tribunales declararon nulo la aprobaci&oacute;n definitiva de un plan especial elaborado para una zona de actividades log&iacute;sticas (en un puerto) porque la Administraci&oacute;n implicada sigui&oacute; la evaluaci&oacute;n ambiental estrat&eacute;gica por el procedimiento simplificado, en vez de por el procedimiento ordinario, circunstancia que asemeja a la omisi&oacute;n del tr&aacute;mite. La Administraci&oacute;n sigui&oacute; este tr&aacute;mite simplificado, [&hellip;]","og_url":"https:\/\/www.contem.es\/es\/nulidad-de-plan-urbanistico\/","og_site_name":"Contem Assessors","article_published_time":"2024-04-19T00:00:00+00:00","og_image":[{"url":"https:\/\/www.contem.es\/wp-content\/uploads\/2016\/06\/touch-icon-contem.png","type":"","width":"","height":""}],"author":"rss","twitter_card":"summary_large_image","twitter_creator":"@contemassessors","twitter_site":"@contemassessors","twitter_misc":{"Escrito por":"rss","Tiempo de lectura":"2 minutos"},"schema":{"@context":"https:\/\/schema.org","@graph":[{"@type":"Article","@id":"https:\/\/www.contem.es\/es\/nulidad-de-plan-urbanistico\/#article","isPartOf":{"@id":"https:\/\/www.contem.es\/es\/nulidad-de-plan-urbanistico\/"},"author":{"name":"rss","@id":"https:\/\/www.contem.es\/es\/#\/schema\/person\/c1284c1e1887128f110dc4a88f6137ae"},"headline":"Nulidad de plan urban\u00edstico","datePublished":"2024-04-19T00:00:00+00:00","mainEntityOfPage":{"@id":"https:\/\/www.contem.es\/es\/nulidad-de-plan-urbanistico\/"},"wordCount":337,"publisher":{"@id":"https:\/\/www.contem.es\/es\/#organization"},"image":{"@id":"https:\/\/www.contem.es\/es\/nulidad-de-plan-urbanistico\/#primaryimage"},"thumbnailUrl":"https:\/\/www.contem.es\/wp-content\/uploads\/2024\/04\/PuntosdeconexinPV3112024-bcSize-650x118-4.jpg","articleSection":["Administrativo"],"inLanguage":"es"},{"@type":"WebPage","@id":"https:\/\/www.contem.es\/es\/nulidad-de-plan-urbanistico\/","url":"https:\/\/www.contem.es\/es\/nulidad-de-plan-urbanistico\/","name":"Nulidad de plan urban\u00edstico | Contem Assessors","isPartOf":{"@id":"https:\/\/www.contem.es\/es\/#website"},"primaryImageOfPage":{"@id":"https:\/\/www.contem.es\/es\/nulidad-de-plan-urbanistico\/#primaryimage"},"image":{"@id":"https:\/\/www.contem.es\/es\/nulidad-de-plan-urbanistico\/#primaryimage"},"thumbnailUrl":"https:\/\/www.contem.es\/wp-content\/uploads\/2024\/04\/PuntosdeconexinPV3112024-bcSize-650x118-4.jpg","datePublished":"2024-04-19T00:00:00+00:00","breadcrumb":{"@id":"https:\/\/www.contem.es\/es\/nulidad-de-plan-urbanistico\/#breadcrumb"},"inLanguage":"es","potentialAction":[{"@type":"ReadAction","target":["https:\/\/www.contem.es\/es\/nulidad-de-plan-urbanistico\/"]}]},{"@type":"ImageObject","inLanguage":"es","@id":"https:\/\/www.contem.es\/es\/nulidad-de-plan-urbanistico\/#primaryimage","url":"https:\/\/www.contem.es\/wp-content\/uploads\/2024\/04\/PuntosdeconexinPV3112024-bcSize-650x118-4.jpg","contentUrl":"https:\/\/www.contem.es\/wp-content\/uploads\/2024\/04\/PuntosdeconexinPV3112024-bcSize-650x118-4.jpg","width":650,"height":118},{"@type":"BreadcrumbList","@id":"https:\/\/www.contem.es\/es\/nulidad-de-plan-urbanistico\/#breadcrumb","itemListElement":[{"@type":"ListItem","position":1,"name":"Inici","item":"https:\/\/www.contem.es\/es\/"},{"@type":"ListItem","position":2,"name":"Nulidad de plan urban\u00edstico"}]},{"@type":"WebSite","@id":"https:\/\/www.contem.es\/es\/#website","url":"https:\/\/www.contem.es\/es\/","name":"Contem Assessors","description":"Fiscal, comptable , laboral , jur\u00eddic , econ\u00f2mic i assegurances","publisher":{"@id":"https:\/\/www.contem.es\/es\/#organization"},"potentialAction":[{"@type":"SearchAction","target":{"@type":"EntryPoint","urlTemplate":"https:\/\/www.contem.es\/es\/?s={search_term_string}"},"query-input":{"@type":"PropertyValueSpecification","valueRequired":true,"valueName":"search_term_string"}}],"inLanguage":"es"},{"@type":"Organization","@id":"https:\/\/www.contem.es\/es\/#organization","name":"Contem Assessors","url":"https:\/\/www.contem.es\/es\/","logo":{"@type":"ImageObject","inLanguage":"es","@id":"https:\/\/www.contem.es\/es\/#\/schema\/logo\/image\/","url":"https:\/\/www.contem.es\/wp-content\/uploads\/2016\/06\/touch-icon-contem.png","contentUrl":"https:\/\/www.contem.es\/wp-content\/uploads\/2016\/06\/touch-icon-contem.png","width":120,"height":120,"caption":"Contem Assessors"},"image":{"@id":"https:\/\/www.contem.es\/es\/#\/schema\/logo\/image\/"},"sameAs":["https:\/\/x.com\/contemassessors","https:\/\/www.linkedin.com\/company\/contem-assessors"]},{"@type":"Person","@id":"https:\/\/www.contem.es\/es\/#\/schema\/person\/c1284c1e1887128f110dc4a88f6137ae","name":"rss","image":{"@type":"ImageObject","inLanguage":"es","@id":"https:\/\/secure.gravatar.com\/avatar\/ab3bd31bf66b0e143141b04dbe6aa5f58290e800756006b9aef442f9b1e697cb?s=96&d=mm&r=g","url":"https:\/\/secure.gravatar.com\/avatar\/ab3bd31bf66b0e143141b04dbe6aa5f58290e800756006b9aef442f9b1e697cb?s=96&d=mm&r=g","contentUrl":"https:\/\/secure.gravatar.com\/avatar\/ab3bd31bf66b0e143141b04dbe6aa5f58290e800756006b9aef442f9b1e697cb?s=96&d=mm&r=g","caption":"rss"},"url":"https:\/\/www.contem.es\/es\/author\/rss\/"}]}},"_links":{"self":[{"href":"https:\/\/www.contem.es\/es\/wp-json\/wp\/v2\/posts\/4549","targetHints":{"allow":["GET"]}}],"collection":[{"href":"https:\/\/www.contem.es\/es\/wp-json\/wp\/v2\/posts"}],"about":[{"href":"https:\/\/www.contem.es\/es\/wp-json\/wp\/v2\/types\/post"}],"author":[{"embeddable":true,"href":"https:\/\/www.contem.es\/es\/wp-json\/wp\/v2\/users\/7"}],"replies":[{"embeddable":true,"href":"https:\/\/www.contem.es\/es\/wp-json\/wp\/v2\/comments?post=4549"}],"version-history":[{"count":0,"href":"https:\/\/www.contem.es\/es\/wp-json\/wp\/v2\/posts\/4549\/revisions"}],"wp:featuredmedia":[{"embeddable":true,"href":"https:\/\/www.contem.es\/es\/wp-json\/wp\/v2\/media\/4550"}],"wp:attachment":[{"href":"https:\/\/www.contem.es\/es\/wp-json\/wp\/v2\/media?parent=4549"}],"wp:term":[{"taxonomy":"category","embeddable":true,"href":"https:\/\/www.contem.es\/es\/wp-json\/wp\/v2\/categories?post=4549"},{"taxonomy":"post_tag","embeddable":true,"href":"https:\/\/www.contem.es\/es\/wp-json\/wp\/v2\/tags?post=4549"}],"curies":[{"name":"wp","href":"https:\/\/api.w.org\/{rel}","templated":true}]}}