{"id":4543,"date":"2024-04-23T00:00:00","date_gmt":"2024-04-23T00:00:00","guid":{"rendered":"https:\/\/www.contem.es\/persianazo-y-responsabilidad-del-administrador\/"},"modified":"2024-04-23T00:00:00","modified_gmt":"2024-04-23T00:00:00","slug":"persianazo-y-responsabilidad-del-administrador","status":"publish","type":"post","link":"https:\/\/www.contem.es\/es\/persianazo-y-responsabilidad-del-administrador\/","title":{"rendered":"\u201cPersianazo\u201d y responsabilidad del administrador"},"content":{"rendered":"<p>Si una empresa le debe varias facturas, y tras muchas reclamaciones e innumerables excusas, usted comprueba que han cerrado el local y ya nadie le atiende, no se resigne, pues la empresa no puede cerrar sin m\u00e1s. Lo primero que habr\u00e1 que hacer ser\u00e1 averiguar en qu\u00e9 situaci\u00f3n se encuentra; si no ha hecho ning\u00fan cambio de domicilio, no consta la liquidaci\u00f3n ni el concurso o no se han presentado cuentas, puede que el administrador no haya actuado correctamente\u2026<\/p>\n<p>En tal caso, aunque la deudora es la sociedad, s<i>u administrador responde de las deudas que genere su conducta negligente<\/i>. Y existen diversas v\u00edas para exigir responsabilidad a los administradores:<\/p>\n<ul>\n<li><i>Acci\u00f3n individual de responsabilidad<\/i>. Cuando la conducta del administrador infringe una obligaci\u00f3n legal o estatutaria y causa un da\u00f1o al acreedor. Por ejemplo, cuando una promotora no devuelve las sumas anticipadas por el comprador en la compra de una vivienda sobre plano o cuando una sociedad es insolvente y cierra sin una liquidaci\u00f3n ordenada y privando al acreedor del cobro de lo que se le debe (lo que com\u00fanmente se conoce como \u201cpersianazo\u201d).<\/li>\n<\/ul>\n<ul>\n<li><i>Responsabilidad por deudas sociales<\/i>. Cuando, estando la sociedad en causa de disoluci\u00f3n o de concurso, <i>el administrador no act\u00faa en consecuencia<\/i> (convocando a los socios para acordar la disoluci\u00f3n o solicitando el concurso de acreedores). En este caso, <i>responder\u00e1 por las deudas generadas a partir de ese momento<\/i>.<\/li>\n<\/ul>\n<ul>\n<li><i>Acci\u00f3n social de responsabilidad<\/i>. Cuando los actos del administrador causan un da\u00f1o directo a la sociedad (y, de forma indirecta, a socios y acreedores).\u00a0Por ejemplo, porque comete irregularidades contables, sustrae dinero de la empresa o vende activos por un valor que perjudica a la sociedad.<\/li>\n<\/ul>\n<p>A la hora de reclamar, m\u00e1s all\u00e1 de probarse la existencia de la deuda, deber\u00e1 acreditarse que se dan los requisitos para reclamar al administrador. Excepto en la acci\u00f3n por deudas sociales \u2013cuya responsabilidad es directa\u2013, en las otras se deber\u00e1 probar que el administrador ha cometido un <i>acto u omisi\u00f3n il\u00edcitos y<\/i> que dicho incumplimiento <i>ha producido un da\u00f1o al acreedor;<\/i> adem\u00e1s, debe<i> existir un nexo causal entre la actuaci\u00f3n del administrador y el da\u00f1o causado<\/i>.<\/p>\n<p>\u00a0<\/p>\n<p> Nuestros asesores estudiar\u00e1n su caso y le informar\u00e1n de c\u00f3mo reclamar contra el administrador de la sociedad en caso de que \u00e9sta haya cerrado sin realizar una liquidaci\u00f3n ordenada.<\/p>\n","protected":false},"excerpt":{"rendered":"<p>Si una empresa le debe varias facturas, y tras muchas reclamaciones e innumerables excusas, usted comprueba que han cerrado el local y ya nadie le atiende, no se resigne, pues la empresa no puede cerrar sin m&aacute;s. Lo primero que habr&aacute; que hacer ser&aacute; averiguar en qu&eacute; situaci&oacute;n se encuentra; si no ha hecho ning&uacute;n [&hellip;]<\/p>\n","protected":false},"author":7,"featured_media":4544,"comment_status":"closed","ping_status":"closed","sticky":false,"template":"","format":"standard","meta":{"footnotes":""},"categories":[96,94],"tags":[],"class_list":["post-4543","post","type-post","status-publish","format-standard","has-post-thumbnail","hentry","category-concursal-es","category-mercantil-es"],"yoast_head":"<!-- This site is optimized with the Yoast SEO plugin v27.4 - https:\/\/yoast.com\/product\/yoast-seo-wordpress\/ -->\n<title>\u201cPersianazo\u201d y responsabilidad del administrador | Contem Assessors<\/title>\n<meta name=\"robots\" content=\"index, follow, max-snippet:-1, max-image-preview:large, max-video-preview:-1\" \/>\n<link rel=\"canonical\" href=\"https:\/\/www.contem.es\/es\/persianazo-y-responsabilidad-del-administrador\/\" \/>\n<meta property=\"og:locale\" content=\"es_ES\" \/>\n<meta property=\"og:type\" content=\"article\" \/>\n<meta property=\"og:title\" content=\"\u201cPersianazo\u201d y responsabilidad del administrador | Contem Assessors\" \/>\n<meta property=\"og:description\" content=\"Si una empresa le debe varias facturas, y tras muchas reclamaciones e innumerables excusas, usted comprueba que han cerrado el local y ya nadie le atiende, no se resigne, pues la empresa no puede cerrar sin m&aacute;s. Lo primero que habr&aacute; que hacer ser&aacute; averiguar en qu&eacute; situaci&oacute;n se encuentra; si no ha hecho ning&uacute;n [&hellip;]\" \/>\n<meta property=\"og:url\" content=\"https:\/\/www.contem.es\/es\/persianazo-y-responsabilidad-del-administrador\/\" \/>\n<meta property=\"og:site_name\" content=\"Contem Assessors\" \/>\n<meta property=\"article:published_time\" content=\"2024-04-23T00:00:00+00:00\" \/>\n<meta property=\"og:image\" content=\"https:\/\/www.contem.es\/wp-content\/uploads\/2016\/06\/touch-icon-contem.png\" \/>\n<meta name=\"author\" content=\"rss\" \/>\n<meta name=\"twitter:card\" content=\"summary_large_image\" \/>\n<meta name=\"twitter:creator\" content=\"@contemassessors\" \/>\n<meta name=\"twitter:site\" content=\"@contemassessors\" \/>\n<meta name=\"twitter:label1\" content=\"Escrito por\" \/>\n\t<meta name=\"twitter:data1\" content=\"rss\" \/>\n\t<meta name=\"twitter:label2\" content=\"Tiempo de lectura\" \/>\n\t<meta name=\"twitter:data2\" content=\"2 minutos\" \/>\n<script type=\"application\/ld+json\" class=\"yoast-schema-graph\">{\"@context\":\"https:\\\/\\\/schema.org\",\"@graph\":[{\"@type\":\"Article\",\"@id\":\"https:\\\/\\\/www.contem.es\\\/es\\\/persianazo-y-responsabilidad-del-administrador\\\/#article\",\"isPartOf\":{\"@id\":\"https:\\\/\\\/www.contem.es\\\/es\\\/persianazo-y-responsabilidad-del-administrador\\\/\"},\"author\":{\"name\":\"rss\",\"@id\":\"https:\\\/\\\/www.contem.es\\\/es\\\/#\\\/schema\\\/person\\\/c1284c1e1887128f110dc4a88f6137ae\"},\"headline\":\"\u201cPersianazo\u201d y responsabilidad del administrador\",\"datePublished\":\"2024-04-23T00:00:00+00:00\",\"mainEntityOfPage\":{\"@id\":\"https:\\\/\\\/www.contem.es\\\/es\\\/persianazo-y-responsabilidad-del-administrador\\\/\"},\"wordCount\":414,\"publisher\":{\"@id\":\"https:\\\/\\\/www.contem.es\\\/es\\\/#organization\"},\"image\":{\"@id\":\"https:\\\/\\\/www.contem.es\\\/es\\\/persianazo-y-responsabilidad-del-administrador\\\/#primaryimage\"},\"thumbnailUrl\":\"https:\\\/\\\/www.contem.es\\\/wp-content\\\/uploads\\\/2024\\\/04\\\/shutterstock1571089081-bcSize-650x118-4.jpg\",\"articleSection\":[\"Concursal\",\"Mercantil\"],\"inLanguage\":\"es\"},{\"@type\":\"WebPage\",\"@id\":\"https:\\\/\\\/www.contem.es\\\/es\\\/persianazo-y-responsabilidad-del-administrador\\\/\",\"url\":\"https:\\\/\\\/www.contem.es\\\/es\\\/persianazo-y-responsabilidad-del-administrador\\\/\",\"name\":\"\u201cPersianazo\u201d y responsabilidad del administrador | Contem Assessors\",\"isPartOf\":{\"@id\":\"https:\\\/\\\/www.contem.es\\\/es\\\/#website\"},\"primaryImageOfPage\":{\"@id\":\"https:\\\/\\\/www.contem.es\\\/es\\\/persianazo-y-responsabilidad-del-administrador\\\/#primaryimage\"},\"image\":{\"@id\":\"https:\\\/\\\/www.contem.es\\\/es\\\/persianazo-y-responsabilidad-del-administrador\\\/#primaryimage\"},\"thumbnailUrl\":\"https:\\\/\\\/www.contem.es\\\/wp-content\\\/uploads\\\/2024\\\/04\\\/shutterstock1571089081-bcSize-650x118-4.jpg\",\"datePublished\":\"2024-04-23T00:00:00+00:00\",\"breadcrumb\":{\"@id\":\"https:\\\/\\\/www.contem.es\\\/es\\\/persianazo-y-responsabilidad-del-administrador\\\/#breadcrumb\"},\"inLanguage\":\"es\",\"potentialAction\":[{\"@type\":\"ReadAction\",\"target\":[\"https:\\\/\\\/www.contem.es\\\/es\\\/persianazo-y-responsabilidad-del-administrador\\\/\"]}]},{\"@type\":\"ImageObject\",\"inLanguage\":\"es\",\"@id\":\"https:\\\/\\\/www.contem.es\\\/es\\\/persianazo-y-responsabilidad-del-administrador\\\/#primaryimage\",\"url\":\"https:\\\/\\\/www.contem.es\\\/wp-content\\\/uploads\\\/2024\\\/04\\\/shutterstock1571089081-bcSize-650x118-4.jpg\",\"contentUrl\":\"https:\\\/\\\/www.contem.es\\\/wp-content\\\/uploads\\\/2024\\\/04\\\/shutterstock1571089081-bcSize-650x118-4.jpg\",\"width\":650,\"height\":118},{\"@type\":\"BreadcrumbList\",\"@id\":\"https:\\\/\\\/www.contem.es\\\/es\\\/persianazo-y-responsabilidad-del-administrador\\\/#breadcrumb\",\"itemListElement\":[{\"@type\":\"ListItem\",\"position\":1,\"name\":\"Inici\",\"item\":\"https:\\\/\\\/www.contem.es\\\/es\\\/\"},{\"@type\":\"ListItem\",\"position\":2,\"name\":\"\u201cPersianazo\u201d y responsabilidad del administrador\"}]},{\"@type\":\"WebSite\",\"@id\":\"https:\\\/\\\/www.contem.es\\\/es\\\/#website\",\"url\":\"https:\\\/\\\/www.contem.es\\\/es\\\/\",\"name\":\"Contem Assessors\",\"description\":\"Fiscal, comptable , laboral , jur\u00eddic , econ\u00f2mic i assegurances\",\"publisher\":{\"@id\":\"https:\\\/\\\/www.contem.es\\\/es\\\/#organization\"},\"potentialAction\":[{\"@type\":\"SearchAction\",\"target\":{\"@type\":\"EntryPoint\",\"urlTemplate\":\"https:\\\/\\\/www.contem.es\\\/es\\\/?s={search_term_string}\"},\"query-input\":{\"@type\":\"PropertyValueSpecification\",\"valueRequired\":true,\"valueName\":\"search_term_string\"}}],\"inLanguage\":\"es\"},{\"@type\":\"Organization\",\"@id\":\"https:\\\/\\\/www.contem.es\\\/es\\\/#organization\",\"name\":\"Contem Assessors\",\"url\":\"https:\\\/\\\/www.contem.es\\\/es\\\/\",\"logo\":{\"@type\":\"ImageObject\",\"inLanguage\":\"es\",\"@id\":\"https:\\\/\\\/www.contem.es\\\/es\\\/#\\\/schema\\\/logo\\\/image\\\/\",\"url\":\"https:\\\/\\\/www.contem.es\\\/wp-content\\\/uploads\\\/2016\\\/06\\\/touch-icon-contem.png\",\"contentUrl\":\"https:\\\/\\\/www.contem.es\\\/wp-content\\\/uploads\\\/2016\\\/06\\\/touch-icon-contem.png\",\"width\":120,\"height\":120,\"caption\":\"Contem Assessors\"},\"image\":{\"@id\":\"https:\\\/\\\/www.contem.es\\\/es\\\/#\\\/schema\\\/logo\\\/image\\\/\"},\"sameAs\":[\"https:\\\/\\\/x.com\\\/contemassessors\",\"https:\\\/\\\/www.linkedin.com\\\/company\\\/contem-assessors\"]},{\"@type\":\"Person\",\"@id\":\"https:\\\/\\\/www.contem.es\\\/es\\\/#\\\/schema\\\/person\\\/c1284c1e1887128f110dc4a88f6137ae\",\"name\":\"rss\",\"image\":{\"@type\":\"ImageObject\",\"inLanguage\":\"es\",\"@id\":\"https:\\\/\\\/secure.gravatar.com\\\/avatar\\\/ab3bd31bf66b0e143141b04dbe6aa5f58290e800756006b9aef442f9b1e697cb?s=96&d=mm&r=g\",\"url\":\"https:\\\/\\\/secure.gravatar.com\\\/avatar\\\/ab3bd31bf66b0e143141b04dbe6aa5f58290e800756006b9aef442f9b1e697cb?s=96&d=mm&r=g\",\"contentUrl\":\"https:\\\/\\\/secure.gravatar.com\\\/avatar\\\/ab3bd31bf66b0e143141b04dbe6aa5f58290e800756006b9aef442f9b1e697cb?s=96&d=mm&r=g\",\"caption\":\"rss\"},\"url\":\"https:\\\/\\\/www.contem.es\\\/es\\\/author\\\/rss\\\/\"}]}<\/script>\n<!-- \/ Yoast SEO plugin. -->","yoast_head_json":{"title":"\u201cPersianazo\u201d y responsabilidad del administrador | Contem Assessors","robots":{"index":"index","follow":"follow","max-snippet":"max-snippet:-1","max-image-preview":"max-image-preview:large","max-video-preview":"max-video-preview:-1"},"canonical":"https:\/\/www.contem.es\/es\/persianazo-y-responsabilidad-del-administrador\/","og_locale":"es_ES","og_type":"article","og_title":"\u201cPersianazo\u201d y responsabilidad del administrador | Contem Assessors","og_description":"Si una empresa le debe varias facturas, y tras muchas reclamaciones e innumerables excusas, usted comprueba que han cerrado el local y ya nadie le atiende, no se resigne, pues la empresa no puede cerrar sin m&aacute;s. Lo primero que habr&aacute; que hacer ser&aacute; averiguar en qu&eacute; situaci&oacute;n se encuentra; si no ha hecho ning&uacute;n [&hellip;]","og_url":"https:\/\/www.contem.es\/es\/persianazo-y-responsabilidad-del-administrador\/","og_site_name":"Contem Assessors","article_published_time":"2024-04-23T00:00:00+00:00","og_image":[{"url":"https:\/\/www.contem.es\/wp-content\/uploads\/2016\/06\/touch-icon-contem.png","type":"","width":"","height":""}],"author":"rss","twitter_card":"summary_large_image","twitter_creator":"@contemassessors","twitter_site":"@contemassessors","twitter_misc":{"Escrito por":"rss","Tiempo de lectura":"2 minutos"},"schema":{"@context":"https:\/\/schema.org","@graph":[{"@type":"Article","@id":"https:\/\/www.contem.es\/es\/persianazo-y-responsabilidad-del-administrador\/#article","isPartOf":{"@id":"https:\/\/www.contem.es\/es\/persianazo-y-responsabilidad-del-administrador\/"},"author":{"name":"rss","@id":"https:\/\/www.contem.es\/es\/#\/schema\/person\/c1284c1e1887128f110dc4a88f6137ae"},"headline":"\u201cPersianazo\u201d y responsabilidad del administrador","datePublished":"2024-04-23T00:00:00+00:00","mainEntityOfPage":{"@id":"https:\/\/www.contem.es\/es\/persianazo-y-responsabilidad-del-administrador\/"},"wordCount":414,"publisher":{"@id":"https:\/\/www.contem.es\/es\/#organization"},"image":{"@id":"https:\/\/www.contem.es\/es\/persianazo-y-responsabilidad-del-administrador\/#primaryimage"},"thumbnailUrl":"https:\/\/www.contem.es\/wp-content\/uploads\/2024\/04\/shutterstock1571089081-bcSize-650x118-4.jpg","articleSection":["Concursal","Mercantil"],"inLanguage":"es"},{"@type":"WebPage","@id":"https:\/\/www.contem.es\/es\/persianazo-y-responsabilidad-del-administrador\/","url":"https:\/\/www.contem.es\/es\/persianazo-y-responsabilidad-del-administrador\/","name":"\u201cPersianazo\u201d y responsabilidad del administrador | Contem Assessors","isPartOf":{"@id":"https:\/\/www.contem.es\/es\/#website"},"primaryImageOfPage":{"@id":"https:\/\/www.contem.es\/es\/persianazo-y-responsabilidad-del-administrador\/#primaryimage"},"image":{"@id":"https:\/\/www.contem.es\/es\/persianazo-y-responsabilidad-del-administrador\/#primaryimage"},"thumbnailUrl":"https:\/\/www.contem.es\/wp-content\/uploads\/2024\/04\/shutterstock1571089081-bcSize-650x118-4.jpg","datePublished":"2024-04-23T00:00:00+00:00","breadcrumb":{"@id":"https:\/\/www.contem.es\/es\/persianazo-y-responsabilidad-del-administrador\/#breadcrumb"},"inLanguage":"es","potentialAction":[{"@type":"ReadAction","target":["https:\/\/www.contem.es\/es\/persianazo-y-responsabilidad-del-administrador\/"]}]},{"@type":"ImageObject","inLanguage":"es","@id":"https:\/\/www.contem.es\/es\/persianazo-y-responsabilidad-del-administrador\/#primaryimage","url":"https:\/\/www.contem.es\/wp-content\/uploads\/2024\/04\/shutterstock1571089081-bcSize-650x118-4.jpg","contentUrl":"https:\/\/www.contem.es\/wp-content\/uploads\/2024\/04\/shutterstock1571089081-bcSize-650x118-4.jpg","width":650,"height":118},{"@type":"BreadcrumbList","@id":"https:\/\/www.contem.es\/es\/persianazo-y-responsabilidad-del-administrador\/#breadcrumb","itemListElement":[{"@type":"ListItem","position":1,"name":"Inici","item":"https:\/\/www.contem.es\/es\/"},{"@type":"ListItem","position":2,"name":"\u201cPersianazo\u201d y responsabilidad del administrador"}]},{"@type":"WebSite","@id":"https:\/\/www.contem.es\/es\/#website","url":"https:\/\/www.contem.es\/es\/","name":"Contem Assessors","description":"Fiscal, comptable , laboral , jur\u00eddic , econ\u00f2mic i assegurances","publisher":{"@id":"https:\/\/www.contem.es\/es\/#organization"},"potentialAction":[{"@type":"SearchAction","target":{"@type":"EntryPoint","urlTemplate":"https:\/\/www.contem.es\/es\/?s={search_term_string}"},"query-input":{"@type":"PropertyValueSpecification","valueRequired":true,"valueName":"search_term_string"}}],"inLanguage":"es"},{"@type":"Organization","@id":"https:\/\/www.contem.es\/es\/#organization","name":"Contem Assessors","url":"https:\/\/www.contem.es\/es\/","logo":{"@type":"ImageObject","inLanguage":"es","@id":"https:\/\/www.contem.es\/es\/#\/schema\/logo\/image\/","url":"https:\/\/www.contem.es\/wp-content\/uploads\/2016\/06\/touch-icon-contem.png","contentUrl":"https:\/\/www.contem.es\/wp-content\/uploads\/2016\/06\/touch-icon-contem.png","width":120,"height":120,"caption":"Contem Assessors"},"image":{"@id":"https:\/\/www.contem.es\/es\/#\/schema\/logo\/image\/"},"sameAs":["https:\/\/x.com\/contemassessors","https:\/\/www.linkedin.com\/company\/contem-assessors"]},{"@type":"Person","@id":"https:\/\/www.contem.es\/es\/#\/schema\/person\/c1284c1e1887128f110dc4a88f6137ae","name":"rss","image":{"@type":"ImageObject","inLanguage":"es","@id":"https:\/\/secure.gravatar.com\/avatar\/ab3bd31bf66b0e143141b04dbe6aa5f58290e800756006b9aef442f9b1e697cb?s=96&d=mm&r=g","url":"https:\/\/secure.gravatar.com\/avatar\/ab3bd31bf66b0e143141b04dbe6aa5f58290e800756006b9aef442f9b1e697cb?s=96&d=mm&r=g","contentUrl":"https:\/\/secure.gravatar.com\/avatar\/ab3bd31bf66b0e143141b04dbe6aa5f58290e800756006b9aef442f9b1e697cb?s=96&d=mm&r=g","caption":"rss"},"url":"https:\/\/www.contem.es\/es\/author\/rss\/"}]}},"_links":{"self":[{"href":"https:\/\/www.contem.es\/es\/wp-json\/wp\/v2\/posts\/4543","targetHints":{"allow":["GET"]}}],"collection":[{"href":"https:\/\/www.contem.es\/es\/wp-json\/wp\/v2\/posts"}],"about":[{"href":"https:\/\/www.contem.es\/es\/wp-json\/wp\/v2\/types\/post"}],"author":[{"embeddable":true,"href":"https:\/\/www.contem.es\/es\/wp-json\/wp\/v2\/users\/7"}],"replies":[{"embeddable":true,"href":"https:\/\/www.contem.es\/es\/wp-json\/wp\/v2\/comments?post=4543"}],"version-history":[{"count":0,"href":"https:\/\/www.contem.es\/es\/wp-json\/wp\/v2\/posts\/4543\/revisions"}],"wp:featuredmedia":[{"embeddable":true,"href":"https:\/\/www.contem.es\/es\/wp-json\/wp\/v2\/media\/4544"}],"wp:attachment":[{"href":"https:\/\/www.contem.es\/es\/wp-json\/wp\/v2\/media?parent=4543"}],"wp:term":[{"taxonomy":"category","embeddable":true,"href":"https:\/\/www.contem.es\/es\/wp-json\/wp\/v2\/categories?post=4543"},{"taxonomy":"post_tag","embeddable":true,"href":"https:\/\/www.contem.es\/es\/wp-json\/wp\/v2\/tags?post=4543"}],"curies":[{"name":"wp","href":"https:\/\/api.w.org\/{rel}","templated":true}]}}