{"id":4516,"date":"2024-05-03T00:00:00","date_gmt":"2024-05-03T00:00:00","guid":{"rendered":"https:\/\/www.contem.es\/seguro-de-transporte-terrestre-clausula-de-exclusion-de-cobertura\/"},"modified":"2024-05-03T00:00:00","modified_gmt":"2024-05-03T00:00:00","slug":"seguro-de-transporte-terrestre-clausula-de-exclusion-de-cobertura","status":"publish","type":"post","link":"https:\/\/www.contem.es\/es\/seguro-de-transporte-terrestre-clausula-de-exclusion-de-cobertura\/","title":{"rendered":"Seguro de transporte terrestre. Cl\u00e1usula de exclusi\u00f3n de cobertura"},"content":{"rendered":"<p style=\"text-align: justify\">Las cl\u00e1usulas limitativas de derechos en las p\u00f3lizas de seguros, toda vez que condicionan o modifican el derecho del asegurado y, por tanto la indemnizaci\u00f3n, cuando el riesgo objeto del seguro se produce, deben cumplir en cuanto a la forma de exponerse los <b>requisitos formales<\/b> expresamente previstos en la Ley de Contrato de Seguro y ser destacadas de un modo especial; adem\u00e1s de ello, han de ser expresamente <strong>aceptadas por escrito<\/strong>. Son formalidades que son esenciales para comprobar que el asegurado tiene un exacto conocimiento del riesgo cubierto.<\/p>\n<p style=\"text-align: justify\">As\u00ed lo declara\u00a0el\u00a0Tribunal Supremo (TS) en el seno de un contencioso entre un transportista profesional y su aseguradora. El transportista denunci\u00f3 el<b> robo de la mercanc\u00eda<\/b> transportada en su veh\u00edculo mientras este se hallaba estacionado en las instalaciones de un taller-nave ubicado en un recinto industrial. La mercanc\u00eda sustra\u00edda estaba asegurada mediante una p\u00f3liza de seguro de transporte terrestre<b>,<\/b> por lo que el transportista reclam\u00f3 a su aseguradora, pero esta rechaz\u00f3 la reclamaci\u00f3n alegando que la p\u00f3liza concertada contiene una cl\u00e1usula que <b>excluye de cobertura<\/b> <strong>los robos<\/strong> cuando el veh\u00edculo porteador y\/o su carga se dejan sin la debida vigilancia.<\/p>\n<p style=\"text-align: justify\">Cuando el transportista intent\u00f3 hacer valer sus pretensiones v\u00eda judicial, los tribunales dieron la raz\u00f3n a la aseguradora, porque el veh\u00edculo en cuesti\u00f3n efectivamente se estacion\u00f3 en un lugar abierto y sin vigilancia, incumpliendo con ello los <strong>requisitos de seguridad<\/strong> de estacionamiento exigidos por la p\u00f3liza. Consideraron que esta cl\u00e1usula no es no limitativa de derechos, sino delimitadora del riesgo.<\/p>\n<p style=\"text-align: justify\">Decidi\u00f3 entonces el transportista recurrir ante el TS, que le di\u00f3\u00a0la raz\u00f3n en los t\u00e9rminos se\u00f1alados. Para el TS, en efecto, la cl\u00e1usula en la que se ampara la aseguradora para denegar la indemnizaci\u00f3n ciertamente condiciona el <b>derecho del asegurado<\/b>, por lo que debe considerarse como limitativa de derechos. Como quiera que no fue expresamente aceptada y firmada por el asegurado, la declara <b>nula. <\/b><\/p>\n<p>Si usted se encuentra en una situaci\u00f3n similar nuestros profesionales podr\u00e1n asesorarle en la defensa de sus derechos<\/p>\n","protected":false},"excerpt":{"rendered":"<p>Las cl&aacute;usulas limitativas de derechos en las p&oacute;lizas de seguros, toda vez que condicionan o modifican el derecho del asegurado y, por tanto la indemnizaci&oacute;n, cuando el riesgo objeto del seguro se produce, deben cumplir en cuanto a la forma de exponerse los requisitos formales expresamente previstos en la Ley de Contrato de Seguro y [&hellip;]<\/p>\n","protected":false},"author":7,"featured_media":4517,"comment_status":"closed","ping_status":"closed","sticky":false,"template":"","format":"standard","meta":{"footnotes":""},"categories":[97],"tags":[],"class_list":["post-4516","post","type-post","status-publish","format-standard","has-post-thumbnail","hentry","category-civil-es"],"yoast_head":"<!-- This site is optimized with the Yoast SEO plugin v27.4 - https:\/\/yoast.com\/product\/yoast-seo-wordpress\/ -->\n<title>Seguro de transporte terrestre. Cl\u00e1usula de exclusi\u00f3n de cobertura | Contem Assessors<\/title>\n<meta name=\"robots\" content=\"index, follow, max-snippet:-1, max-image-preview:large, max-video-preview:-1\" \/>\n<link rel=\"canonical\" href=\"https:\/\/www.contem.es\/es\/seguro-de-transporte-terrestre-clausula-de-exclusion-de-cobertura\/\" \/>\n<meta property=\"og:locale\" content=\"es_ES\" \/>\n<meta property=\"og:type\" content=\"article\" \/>\n<meta property=\"og:title\" content=\"Seguro de transporte terrestre. Cl\u00e1usula de exclusi\u00f3n de cobertura | Contem Assessors\" \/>\n<meta property=\"og:description\" content=\"Las cl&aacute;usulas limitativas de derechos en las p&oacute;lizas de seguros, toda vez que condicionan o modifican el derecho del asegurado y, por tanto la indemnizaci&oacute;n, cuando el riesgo objeto del seguro se produce, deben cumplir en cuanto a la forma de exponerse los requisitos formales expresamente previstos en la Ley de Contrato de Seguro y [&hellip;]\" \/>\n<meta property=\"og:url\" content=\"https:\/\/www.contem.es\/es\/seguro-de-transporte-terrestre-clausula-de-exclusion-de-cobertura\/\" \/>\n<meta property=\"og:site_name\" content=\"Contem Assessors\" \/>\n<meta property=\"article:published_time\" content=\"2024-05-03T00:00:00+00:00\" \/>\n<meta property=\"og:image\" content=\"https:\/\/www.contem.es\/wp-content\/uploads\/2016\/06\/touch-icon-contem.png\" \/>\n<meta name=\"author\" content=\"rss\" \/>\n<meta name=\"twitter:card\" content=\"summary_large_image\" \/>\n<meta name=\"twitter:creator\" content=\"@contemassessors\" \/>\n<meta name=\"twitter:site\" content=\"@contemassessors\" \/>\n<meta name=\"twitter:label1\" content=\"Escrito por\" \/>\n\t<meta name=\"twitter:data1\" content=\"rss\" \/>\n\t<meta name=\"twitter:label2\" content=\"Tiempo de lectura\" \/>\n\t<meta name=\"twitter:data2\" content=\"2 minutos\" \/>\n<script type=\"application\/ld+json\" class=\"yoast-schema-graph\">{\"@context\":\"https:\\\/\\\/schema.org\",\"@graph\":[{\"@type\":\"Article\",\"@id\":\"https:\\\/\\\/www.contem.es\\\/es\\\/seguro-de-transporte-terrestre-clausula-de-exclusion-de-cobertura\\\/#article\",\"isPartOf\":{\"@id\":\"https:\\\/\\\/www.contem.es\\\/es\\\/seguro-de-transporte-terrestre-clausula-de-exclusion-de-cobertura\\\/\"},\"author\":{\"name\":\"rss\",\"@id\":\"https:\\\/\\\/www.contem.es\\\/es\\\/#\\\/schema\\\/person\\\/c1284c1e1887128f110dc4a88f6137ae\"},\"headline\":\"Seguro de transporte terrestre. Cl\u00e1usula de exclusi\u00f3n de cobertura\",\"datePublished\":\"2024-05-03T00:00:00+00:00\",\"mainEntityOfPage\":{\"@id\":\"https:\\\/\\\/www.contem.es\\\/es\\\/seguro-de-transporte-terrestre-clausula-de-exclusion-de-cobertura\\\/\"},\"wordCount\":371,\"publisher\":{\"@id\":\"https:\\\/\\\/www.contem.es\\\/es\\\/#organization\"},\"image\":{\"@id\":\"https:\\\/\\\/www.contem.es\\\/es\\\/seguro-de-transporte-terrestre-clausula-de-exclusion-de-cobertura\\\/#primaryimage\"},\"thumbnailUrl\":\"https:\\\/\\\/www.contem.es\\\/wp-content\\\/uploads\\\/2024\\\/05\\\/iStock845456084-bcSize-650x118-4.jpg\",\"articleSection\":[\"Civil\"],\"inLanguage\":\"es\"},{\"@type\":\"WebPage\",\"@id\":\"https:\\\/\\\/www.contem.es\\\/es\\\/seguro-de-transporte-terrestre-clausula-de-exclusion-de-cobertura\\\/\",\"url\":\"https:\\\/\\\/www.contem.es\\\/es\\\/seguro-de-transporte-terrestre-clausula-de-exclusion-de-cobertura\\\/\",\"name\":\"Seguro de transporte terrestre. Cl\u00e1usula de exclusi\u00f3n de cobertura | Contem Assessors\",\"isPartOf\":{\"@id\":\"https:\\\/\\\/www.contem.es\\\/es\\\/#website\"},\"primaryImageOfPage\":{\"@id\":\"https:\\\/\\\/www.contem.es\\\/es\\\/seguro-de-transporte-terrestre-clausula-de-exclusion-de-cobertura\\\/#primaryimage\"},\"image\":{\"@id\":\"https:\\\/\\\/www.contem.es\\\/es\\\/seguro-de-transporte-terrestre-clausula-de-exclusion-de-cobertura\\\/#primaryimage\"},\"thumbnailUrl\":\"https:\\\/\\\/www.contem.es\\\/wp-content\\\/uploads\\\/2024\\\/05\\\/iStock845456084-bcSize-650x118-4.jpg\",\"datePublished\":\"2024-05-03T00:00:00+00:00\",\"breadcrumb\":{\"@id\":\"https:\\\/\\\/www.contem.es\\\/es\\\/seguro-de-transporte-terrestre-clausula-de-exclusion-de-cobertura\\\/#breadcrumb\"},\"inLanguage\":\"es\",\"potentialAction\":[{\"@type\":\"ReadAction\",\"target\":[\"https:\\\/\\\/www.contem.es\\\/es\\\/seguro-de-transporte-terrestre-clausula-de-exclusion-de-cobertura\\\/\"]}]},{\"@type\":\"ImageObject\",\"inLanguage\":\"es\",\"@id\":\"https:\\\/\\\/www.contem.es\\\/es\\\/seguro-de-transporte-terrestre-clausula-de-exclusion-de-cobertura\\\/#primaryimage\",\"url\":\"https:\\\/\\\/www.contem.es\\\/wp-content\\\/uploads\\\/2024\\\/05\\\/iStock845456084-bcSize-650x118-4.jpg\",\"contentUrl\":\"https:\\\/\\\/www.contem.es\\\/wp-content\\\/uploads\\\/2024\\\/05\\\/iStock845456084-bcSize-650x118-4.jpg\",\"width\":650,\"height\":118},{\"@type\":\"BreadcrumbList\",\"@id\":\"https:\\\/\\\/www.contem.es\\\/es\\\/seguro-de-transporte-terrestre-clausula-de-exclusion-de-cobertura\\\/#breadcrumb\",\"itemListElement\":[{\"@type\":\"ListItem\",\"position\":1,\"name\":\"Inici\",\"item\":\"https:\\\/\\\/www.contem.es\\\/es\\\/\"},{\"@type\":\"ListItem\",\"position\":2,\"name\":\"Seguro de transporte terrestre. Cl\u00e1usula de exclusi\u00f3n de cobertura\"}]},{\"@type\":\"WebSite\",\"@id\":\"https:\\\/\\\/www.contem.es\\\/es\\\/#website\",\"url\":\"https:\\\/\\\/www.contem.es\\\/es\\\/\",\"name\":\"Contem Assessors\",\"description\":\"Fiscal, comptable , laboral , jur\u00eddic , econ\u00f2mic i assegurances\",\"publisher\":{\"@id\":\"https:\\\/\\\/www.contem.es\\\/es\\\/#organization\"},\"potentialAction\":[{\"@type\":\"SearchAction\",\"target\":{\"@type\":\"EntryPoint\",\"urlTemplate\":\"https:\\\/\\\/www.contem.es\\\/es\\\/?s={search_term_string}\"},\"query-input\":{\"@type\":\"PropertyValueSpecification\",\"valueRequired\":true,\"valueName\":\"search_term_string\"}}],\"inLanguage\":\"es\"},{\"@type\":\"Organization\",\"@id\":\"https:\\\/\\\/www.contem.es\\\/es\\\/#organization\",\"name\":\"Contem Assessors\",\"url\":\"https:\\\/\\\/www.contem.es\\\/es\\\/\",\"logo\":{\"@type\":\"ImageObject\",\"inLanguage\":\"es\",\"@id\":\"https:\\\/\\\/www.contem.es\\\/es\\\/#\\\/schema\\\/logo\\\/image\\\/\",\"url\":\"https:\\\/\\\/www.contem.es\\\/wp-content\\\/uploads\\\/2016\\\/06\\\/touch-icon-contem.png\",\"contentUrl\":\"https:\\\/\\\/www.contem.es\\\/wp-content\\\/uploads\\\/2016\\\/06\\\/touch-icon-contem.png\",\"width\":120,\"height\":120,\"caption\":\"Contem Assessors\"},\"image\":{\"@id\":\"https:\\\/\\\/www.contem.es\\\/es\\\/#\\\/schema\\\/logo\\\/image\\\/\"},\"sameAs\":[\"https:\\\/\\\/x.com\\\/contemassessors\",\"https:\\\/\\\/www.linkedin.com\\\/company\\\/contem-assessors\"]},{\"@type\":\"Person\",\"@id\":\"https:\\\/\\\/www.contem.es\\\/es\\\/#\\\/schema\\\/person\\\/c1284c1e1887128f110dc4a88f6137ae\",\"name\":\"rss\",\"image\":{\"@type\":\"ImageObject\",\"inLanguage\":\"es\",\"@id\":\"https:\\\/\\\/secure.gravatar.com\\\/avatar\\\/ab3bd31bf66b0e143141b04dbe6aa5f58290e800756006b9aef442f9b1e697cb?s=96&d=mm&r=g\",\"url\":\"https:\\\/\\\/secure.gravatar.com\\\/avatar\\\/ab3bd31bf66b0e143141b04dbe6aa5f58290e800756006b9aef442f9b1e697cb?s=96&d=mm&r=g\",\"contentUrl\":\"https:\\\/\\\/secure.gravatar.com\\\/avatar\\\/ab3bd31bf66b0e143141b04dbe6aa5f58290e800756006b9aef442f9b1e697cb?s=96&d=mm&r=g\",\"caption\":\"rss\"},\"url\":\"https:\\\/\\\/www.contem.es\\\/es\\\/author\\\/rss\\\/\"}]}<\/script>\n<!-- \/ Yoast SEO plugin. -->","yoast_head_json":{"title":"Seguro de transporte terrestre. Cl\u00e1usula de exclusi\u00f3n de cobertura | Contem Assessors","robots":{"index":"index","follow":"follow","max-snippet":"max-snippet:-1","max-image-preview":"max-image-preview:large","max-video-preview":"max-video-preview:-1"},"canonical":"https:\/\/www.contem.es\/es\/seguro-de-transporte-terrestre-clausula-de-exclusion-de-cobertura\/","og_locale":"es_ES","og_type":"article","og_title":"Seguro de transporte terrestre. Cl\u00e1usula de exclusi\u00f3n de cobertura | Contem Assessors","og_description":"Las cl&aacute;usulas limitativas de derechos en las p&oacute;lizas de seguros, toda vez que condicionan o modifican el derecho del asegurado y, por tanto la indemnizaci&oacute;n, cuando el riesgo objeto del seguro se produce, deben cumplir en cuanto a la forma de exponerse los requisitos formales expresamente previstos en la Ley de Contrato de Seguro y [&hellip;]","og_url":"https:\/\/www.contem.es\/es\/seguro-de-transporte-terrestre-clausula-de-exclusion-de-cobertura\/","og_site_name":"Contem Assessors","article_published_time":"2024-05-03T00:00:00+00:00","og_image":[{"url":"https:\/\/www.contem.es\/wp-content\/uploads\/2016\/06\/touch-icon-contem.png","type":"","width":"","height":""}],"author":"rss","twitter_card":"summary_large_image","twitter_creator":"@contemassessors","twitter_site":"@contemassessors","twitter_misc":{"Escrito por":"rss","Tiempo de lectura":"2 minutos"},"schema":{"@context":"https:\/\/schema.org","@graph":[{"@type":"Article","@id":"https:\/\/www.contem.es\/es\/seguro-de-transporte-terrestre-clausula-de-exclusion-de-cobertura\/#article","isPartOf":{"@id":"https:\/\/www.contem.es\/es\/seguro-de-transporte-terrestre-clausula-de-exclusion-de-cobertura\/"},"author":{"name":"rss","@id":"https:\/\/www.contem.es\/es\/#\/schema\/person\/c1284c1e1887128f110dc4a88f6137ae"},"headline":"Seguro de transporte terrestre. Cl\u00e1usula de exclusi\u00f3n de cobertura","datePublished":"2024-05-03T00:00:00+00:00","mainEntityOfPage":{"@id":"https:\/\/www.contem.es\/es\/seguro-de-transporte-terrestre-clausula-de-exclusion-de-cobertura\/"},"wordCount":371,"publisher":{"@id":"https:\/\/www.contem.es\/es\/#organization"},"image":{"@id":"https:\/\/www.contem.es\/es\/seguro-de-transporte-terrestre-clausula-de-exclusion-de-cobertura\/#primaryimage"},"thumbnailUrl":"https:\/\/www.contem.es\/wp-content\/uploads\/2024\/05\/iStock845456084-bcSize-650x118-4.jpg","articleSection":["Civil"],"inLanguage":"es"},{"@type":"WebPage","@id":"https:\/\/www.contem.es\/es\/seguro-de-transporte-terrestre-clausula-de-exclusion-de-cobertura\/","url":"https:\/\/www.contem.es\/es\/seguro-de-transporte-terrestre-clausula-de-exclusion-de-cobertura\/","name":"Seguro de transporte terrestre. Cl\u00e1usula de exclusi\u00f3n de cobertura | Contem Assessors","isPartOf":{"@id":"https:\/\/www.contem.es\/es\/#website"},"primaryImageOfPage":{"@id":"https:\/\/www.contem.es\/es\/seguro-de-transporte-terrestre-clausula-de-exclusion-de-cobertura\/#primaryimage"},"image":{"@id":"https:\/\/www.contem.es\/es\/seguro-de-transporte-terrestre-clausula-de-exclusion-de-cobertura\/#primaryimage"},"thumbnailUrl":"https:\/\/www.contem.es\/wp-content\/uploads\/2024\/05\/iStock845456084-bcSize-650x118-4.jpg","datePublished":"2024-05-03T00:00:00+00:00","breadcrumb":{"@id":"https:\/\/www.contem.es\/es\/seguro-de-transporte-terrestre-clausula-de-exclusion-de-cobertura\/#breadcrumb"},"inLanguage":"es","potentialAction":[{"@type":"ReadAction","target":["https:\/\/www.contem.es\/es\/seguro-de-transporte-terrestre-clausula-de-exclusion-de-cobertura\/"]}]},{"@type":"ImageObject","inLanguage":"es","@id":"https:\/\/www.contem.es\/es\/seguro-de-transporte-terrestre-clausula-de-exclusion-de-cobertura\/#primaryimage","url":"https:\/\/www.contem.es\/wp-content\/uploads\/2024\/05\/iStock845456084-bcSize-650x118-4.jpg","contentUrl":"https:\/\/www.contem.es\/wp-content\/uploads\/2024\/05\/iStock845456084-bcSize-650x118-4.jpg","width":650,"height":118},{"@type":"BreadcrumbList","@id":"https:\/\/www.contem.es\/es\/seguro-de-transporte-terrestre-clausula-de-exclusion-de-cobertura\/#breadcrumb","itemListElement":[{"@type":"ListItem","position":1,"name":"Inici","item":"https:\/\/www.contem.es\/es\/"},{"@type":"ListItem","position":2,"name":"Seguro de transporte terrestre. Cl\u00e1usula de exclusi\u00f3n de cobertura"}]},{"@type":"WebSite","@id":"https:\/\/www.contem.es\/es\/#website","url":"https:\/\/www.contem.es\/es\/","name":"Contem Assessors","description":"Fiscal, comptable , laboral , jur\u00eddic , econ\u00f2mic i assegurances","publisher":{"@id":"https:\/\/www.contem.es\/es\/#organization"},"potentialAction":[{"@type":"SearchAction","target":{"@type":"EntryPoint","urlTemplate":"https:\/\/www.contem.es\/es\/?s={search_term_string}"},"query-input":{"@type":"PropertyValueSpecification","valueRequired":true,"valueName":"search_term_string"}}],"inLanguage":"es"},{"@type":"Organization","@id":"https:\/\/www.contem.es\/es\/#organization","name":"Contem Assessors","url":"https:\/\/www.contem.es\/es\/","logo":{"@type":"ImageObject","inLanguage":"es","@id":"https:\/\/www.contem.es\/es\/#\/schema\/logo\/image\/","url":"https:\/\/www.contem.es\/wp-content\/uploads\/2016\/06\/touch-icon-contem.png","contentUrl":"https:\/\/www.contem.es\/wp-content\/uploads\/2016\/06\/touch-icon-contem.png","width":120,"height":120,"caption":"Contem Assessors"},"image":{"@id":"https:\/\/www.contem.es\/es\/#\/schema\/logo\/image\/"},"sameAs":["https:\/\/x.com\/contemassessors","https:\/\/www.linkedin.com\/company\/contem-assessors"]},{"@type":"Person","@id":"https:\/\/www.contem.es\/es\/#\/schema\/person\/c1284c1e1887128f110dc4a88f6137ae","name":"rss","image":{"@type":"ImageObject","inLanguage":"es","@id":"https:\/\/secure.gravatar.com\/avatar\/ab3bd31bf66b0e143141b04dbe6aa5f58290e800756006b9aef442f9b1e697cb?s=96&d=mm&r=g","url":"https:\/\/secure.gravatar.com\/avatar\/ab3bd31bf66b0e143141b04dbe6aa5f58290e800756006b9aef442f9b1e697cb?s=96&d=mm&r=g","contentUrl":"https:\/\/secure.gravatar.com\/avatar\/ab3bd31bf66b0e143141b04dbe6aa5f58290e800756006b9aef442f9b1e697cb?s=96&d=mm&r=g","caption":"rss"},"url":"https:\/\/www.contem.es\/es\/author\/rss\/"}]}},"_links":{"self":[{"href":"https:\/\/www.contem.es\/es\/wp-json\/wp\/v2\/posts\/4516","targetHints":{"allow":["GET"]}}],"collection":[{"href":"https:\/\/www.contem.es\/es\/wp-json\/wp\/v2\/posts"}],"about":[{"href":"https:\/\/www.contem.es\/es\/wp-json\/wp\/v2\/types\/post"}],"author":[{"embeddable":true,"href":"https:\/\/www.contem.es\/es\/wp-json\/wp\/v2\/users\/7"}],"replies":[{"embeddable":true,"href":"https:\/\/www.contem.es\/es\/wp-json\/wp\/v2\/comments?post=4516"}],"version-history":[{"count":0,"href":"https:\/\/www.contem.es\/es\/wp-json\/wp\/v2\/posts\/4516\/revisions"}],"wp:featuredmedia":[{"embeddable":true,"href":"https:\/\/www.contem.es\/es\/wp-json\/wp\/v2\/media\/4517"}],"wp:attachment":[{"href":"https:\/\/www.contem.es\/es\/wp-json\/wp\/v2\/media?parent=4516"}],"wp:term":[{"taxonomy":"category","embeddable":true,"href":"https:\/\/www.contem.es\/es\/wp-json\/wp\/v2\/categories?post=4516"},{"taxonomy":"post_tag","embeddable":true,"href":"https:\/\/www.contem.es\/es\/wp-json\/wp\/v2\/tags?post=4516"}],"curies":[{"name":"wp","href":"https:\/\/api.w.org\/{rel}","templated":true}]}}