{"id":4513,"date":"2024-05-03T00:00:00","date_gmt":"2024-05-03T00:00:00","guid":{"rendered":"https:\/\/www.contem.es\/multa-municipal-de-trafico\/"},"modified":"2024-05-03T00:00:00","modified_gmt":"2024-05-03T00:00:00","slug":"multa-municipal-de-trafico","status":"publish","type":"post","link":"https:\/\/www.contem.es\/es\/multa-municipal-de-trafico\/","title":{"rendered":"Multa municipal de tr\u00e1fico"},"content":{"rendered":"<p style=\"text-align: justify\">No resulta infrecuente que en un expediente sancionador de tr\u00e1fico se cometa un error en los datos de identificaci\u00f3n del denunciado, por ejemplo en el <b>nombre<\/b> exacto o alguno de los <b>apellidos<\/b>, aun constando bien el n\u00famero de DNI.<\/p>\n<p style=\"text-align: justify\">En muchas ocasiones Correos devuelve la notificaci\u00f3n al ayuntamiento por <b>destinatario desconocido<\/b>, procedi\u00e9ndose a publicar en el Bolet\u00edn Oficial del Estado (BOE) tanto el inicio del expediente sancionador como la resoluci\u00f3n sancionadora.<\/p>\n<p style=\"text-align: justify\">En estos casos en los que no se trata de una sanci\u00f3n notificada en el acto, el denunciado debe <b>alegar indefensi\u00f3n<\/b>, pues nada le ha llegado a su domicilio. Quiz\u00e1 el ayuntamiento <b>archive el expediente<\/b>; aunque tambi\u00e9n puede ocurrir que <b>retrotraiga las actuaciones<\/b> al inicio, notific\u00e1ndole correctamente la denuncia al infractor.<\/p>\n<p style=\"text-align: justify\">En este caso, es relevante <b>examinar si ha caducado<\/b> el procedimiento que se tramita y\u00a0transcurrido el plazo m\u00e1ximo del que dispone el ayuntamiento para dictar y notificar la resoluci\u00f3n sancionadora (que es de 1\u00a0a\u00f1o)\u00a0y, si as\u00ed fuera, si ha prescrito o no la infracci\u00f3n administrativa para incoar un expediente sancionador nuevo.<\/p>\n<p style=\"text-align: justify\">En este punto, <b>t\u00e9ngase en cuenta<\/b>:<\/p>\n<p style=\"text-align: justify\"><b>1\u00aa.<\/b>\u00a0El plazo de prescripci\u00f3n de las infracciones previstas en materia de tr\u00e1fico es de <b>3 meses<\/b> para las infracciones leves y de <b>6 meses<\/b> para las infracciones graves y muy graves, y se computa a partir del mismo d\u00eda en que los hechos se hubieran cometido.<\/p>\n<p style=\"text-align: justify\"><b>2\u00aa.<\/b>\u00a0<b>La prescripci\u00f3n se interrumpe<\/b> por cualquier actuaci\u00f3n administrativa de la que tenga conocimiento el denunciado o est\u00e9 encaminada a averiguar su identidad o domicilio y se practique con otras Administraciones, instituciones u organismos.<\/p>\n<p style=\"text-align: justify\"><b>3\u00aa.<\/b>\u00a0En defecto de actuaciones conducentes a identificar al conductor, s\u00f3lo interrumpe la prescripci\u00f3n la notificaci\u00f3n realizada en el <b>domicilio<\/b> que expresamente hubiese indicado para el procedimiento, y en su defecto, en el domicilio que figure en los registros del organismo aut\u00f3nomo Jefatura Central de Tr\u00e1fico.<\/p>\n<p style=\"text-align: justify\"><b>4\u00aa.<\/b>\u00a0Al no haberse podido practicar la notificaci\u00f3n en el domicilio del infractor por causas imputables a la Administraci\u00f3n, consideramos que <b>el anuncio en el BOE<\/b> no interrumpe la prescripci\u00f3n, por lo que si ha pasado el plazo legalmente estipulado (3 o 6 meses) procede declarar la prescripci\u00f3n de la acci\u00f3n para sancionar y el archivo de las actuaciones.<\/p>\n<p><i>Si usted se encuentra afectado por un procedimiento\u00a0sancionador nuestros profesionales\u00a0pueden\u00a0proporcionarle el adecuado asesoramiento y ejercer la defensa de sus intereses<\/i><\/p>\n","protected":false},"excerpt":{"rendered":"<p>No resulta infrecuente que en un expediente sancionador de tr&aacute;fico se cometa un error en los datos de identificaci&oacute;n del denunciado, por ejemplo en el nombre exacto o alguno de los apellidos, aun constando bien el n&uacute;mero de DNI. En muchas ocasiones Correos devuelve la notificaci&oacute;n al ayuntamiento por destinatario desconocido, procedi&eacute;ndose a publicar en [&hellip;]<\/p>\n","protected":false},"author":7,"featured_media":4514,"comment_status":"closed","ping_status":"closed","sticky":false,"template":"","format":"standard","meta":{"footnotes":""},"categories":[98],"tags":[],"class_list":["post-4513","post","type-post","status-publish","format-standard","has-post-thumbnail","hentry","category-administrativo"],"yoast_head":"<!-- This site is optimized with the Yoast SEO plugin v27.4 - https:\/\/yoast.com\/product\/yoast-seo-wordpress\/ -->\n<title>Multa municipal de tr\u00e1fico | Contem Assessors<\/title>\n<meta name=\"robots\" content=\"index, follow, max-snippet:-1, max-image-preview:large, max-video-preview:-1\" \/>\n<link rel=\"canonical\" href=\"https:\/\/www.contem.es\/es\/multa-municipal-de-trafico\/\" \/>\n<meta property=\"og:locale\" content=\"es_ES\" \/>\n<meta property=\"og:type\" content=\"article\" \/>\n<meta property=\"og:title\" content=\"Multa municipal de tr\u00e1fico | Contem Assessors\" \/>\n<meta property=\"og:description\" content=\"No resulta infrecuente que en un expediente sancionador de tr&aacute;fico se cometa un error en los datos de identificaci&oacute;n del denunciado, por ejemplo en el nombre exacto o alguno de los apellidos, aun constando bien el n&uacute;mero de DNI. En muchas ocasiones Correos devuelve la notificaci&oacute;n al ayuntamiento por destinatario desconocido, procedi&eacute;ndose a publicar en [&hellip;]\" \/>\n<meta property=\"og:url\" content=\"https:\/\/www.contem.es\/es\/multa-municipal-de-trafico\/\" \/>\n<meta property=\"og:site_name\" content=\"Contem Assessors\" \/>\n<meta property=\"article:published_time\" content=\"2024-05-03T00:00:00+00:00\" \/>\n<meta property=\"og:image\" content=\"https:\/\/www.contem.es\/wp-content\/uploads\/2016\/06\/touch-icon-contem.png\" \/>\n<meta name=\"author\" content=\"rss\" \/>\n<meta name=\"twitter:card\" content=\"summary_large_image\" \/>\n<meta name=\"twitter:creator\" content=\"@contemassessors\" \/>\n<meta name=\"twitter:site\" content=\"@contemassessors\" \/>\n<meta name=\"twitter:label1\" content=\"Escrito por\" \/>\n\t<meta name=\"twitter:data1\" content=\"rss\" \/>\n\t<meta name=\"twitter:label2\" content=\"Tiempo de lectura\" \/>\n\t<meta name=\"twitter:data2\" content=\"2 minutos\" \/>\n<script type=\"application\/ld+json\" class=\"yoast-schema-graph\">{\"@context\":\"https:\\\/\\\/schema.org\",\"@graph\":[{\"@type\":\"Article\",\"@id\":\"https:\\\/\\\/www.contem.es\\\/es\\\/multa-municipal-de-trafico\\\/#article\",\"isPartOf\":{\"@id\":\"https:\\\/\\\/www.contem.es\\\/es\\\/multa-municipal-de-trafico\\\/\"},\"author\":{\"name\":\"rss\",\"@id\":\"https:\\\/\\\/www.contem.es\\\/es\\\/#\\\/schema\\\/person\\\/c1284c1e1887128f110dc4a88f6137ae\"},\"headline\":\"Multa municipal de tr\u00e1fico\",\"datePublished\":\"2024-05-03T00:00:00+00:00\",\"mainEntityOfPage\":{\"@id\":\"https:\\\/\\\/www.contem.es\\\/es\\\/multa-municipal-de-trafico\\\/\"},\"wordCount\":418,\"publisher\":{\"@id\":\"https:\\\/\\\/www.contem.es\\\/es\\\/#organization\"},\"image\":{\"@id\":\"https:\\\/\\\/www.contem.es\\\/es\\\/multa-municipal-de-trafico\\\/#primaryimage\"},\"thumbnailUrl\":\"https:\\\/\\\/www.contem.es\\\/wp-content\\\/uploads\\\/2024\\\/05\\\/photo14988879608472a5e46312788-bcSize-650x118-4.jpg\",\"articleSection\":[\"Administrativo\"],\"inLanguage\":\"es\"},{\"@type\":\"WebPage\",\"@id\":\"https:\\\/\\\/www.contem.es\\\/es\\\/multa-municipal-de-trafico\\\/\",\"url\":\"https:\\\/\\\/www.contem.es\\\/es\\\/multa-municipal-de-trafico\\\/\",\"name\":\"Multa municipal de tr\u00e1fico | Contem Assessors\",\"isPartOf\":{\"@id\":\"https:\\\/\\\/www.contem.es\\\/es\\\/#website\"},\"primaryImageOfPage\":{\"@id\":\"https:\\\/\\\/www.contem.es\\\/es\\\/multa-municipal-de-trafico\\\/#primaryimage\"},\"image\":{\"@id\":\"https:\\\/\\\/www.contem.es\\\/es\\\/multa-municipal-de-trafico\\\/#primaryimage\"},\"thumbnailUrl\":\"https:\\\/\\\/www.contem.es\\\/wp-content\\\/uploads\\\/2024\\\/05\\\/photo14988879608472a5e46312788-bcSize-650x118-4.jpg\",\"datePublished\":\"2024-05-03T00:00:00+00:00\",\"breadcrumb\":{\"@id\":\"https:\\\/\\\/www.contem.es\\\/es\\\/multa-municipal-de-trafico\\\/#breadcrumb\"},\"inLanguage\":\"es\",\"potentialAction\":[{\"@type\":\"ReadAction\",\"target\":[\"https:\\\/\\\/www.contem.es\\\/es\\\/multa-municipal-de-trafico\\\/\"]}]},{\"@type\":\"ImageObject\",\"inLanguage\":\"es\",\"@id\":\"https:\\\/\\\/www.contem.es\\\/es\\\/multa-municipal-de-trafico\\\/#primaryimage\",\"url\":\"https:\\\/\\\/www.contem.es\\\/wp-content\\\/uploads\\\/2024\\\/05\\\/photo14988879608472a5e46312788-bcSize-650x118-4.jpg\",\"contentUrl\":\"https:\\\/\\\/www.contem.es\\\/wp-content\\\/uploads\\\/2024\\\/05\\\/photo14988879608472a5e46312788-bcSize-650x118-4.jpg\",\"width\":650,\"height\":118},{\"@type\":\"BreadcrumbList\",\"@id\":\"https:\\\/\\\/www.contem.es\\\/es\\\/multa-municipal-de-trafico\\\/#breadcrumb\",\"itemListElement\":[{\"@type\":\"ListItem\",\"position\":1,\"name\":\"Inici\",\"item\":\"https:\\\/\\\/www.contem.es\\\/es\\\/\"},{\"@type\":\"ListItem\",\"position\":2,\"name\":\"Multa municipal de tr\u00e1fico\"}]},{\"@type\":\"WebSite\",\"@id\":\"https:\\\/\\\/www.contem.es\\\/es\\\/#website\",\"url\":\"https:\\\/\\\/www.contem.es\\\/es\\\/\",\"name\":\"Contem Assessors\",\"description\":\"Fiscal, comptable , laboral , jur\u00eddic , econ\u00f2mic i assegurances\",\"publisher\":{\"@id\":\"https:\\\/\\\/www.contem.es\\\/es\\\/#organization\"},\"potentialAction\":[{\"@type\":\"SearchAction\",\"target\":{\"@type\":\"EntryPoint\",\"urlTemplate\":\"https:\\\/\\\/www.contem.es\\\/es\\\/?s={search_term_string}\"},\"query-input\":{\"@type\":\"PropertyValueSpecification\",\"valueRequired\":true,\"valueName\":\"search_term_string\"}}],\"inLanguage\":\"es\"},{\"@type\":\"Organization\",\"@id\":\"https:\\\/\\\/www.contem.es\\\/es\\\/#organization\",\"name\":\"Contem Assessors\",\"url\":\"https:\\\/\\\/www.contem.es\\\/es\\\/\",\"logo\":{\"@type\":\"ImageObject\",\"inLanguage\":\"es\",\"@id\":\"https:\\\/\\\/www.contem.es\\\/es\\\/#\\\/schema\\\/logo\\\/image\\\/\",\"url\":\"https:\\\/\\\/www.contem.es\\\/wp-content\\\/uploads\\\/2016\\\/06\\\/touch-icon-contem.png\",\"contentUrl\":\"https:\\\/\\\/www.contem.es\\\/wp-content\\\/uploads\\\/2016\\\/06\\\/touch-icon-contem.png\",\"width\":120,\"height\":120,\"caption\":\"Contem Assessors\"},\"image\":{\"@id\":\"https:\\\/\\\/www.contem.es\\\/es\\\/#\\\/schema\\\/logo\\\/image\\\/\"},\"sameAs\":[\"https:\\\/\\\/x.com\\\/contemassessors\",\"https:\\\/\\\/www.linkedin.com\\\/company\\\/contem-assessors\"]},{\"@type\":\"Person\",\"@id\":\"https:\\\/\\\/www.contem.es\\\/es\\\/#\\\/schema\\\/person\\\/c1284c1e1887128f110dc4a88f6137ae\",\"name\":\"rss\",\"image\":{\"@type\":\"ImageObject\",\"inLanguage\":\"es\",\"@id\":\"https:\\\/\\\/secure.gravatar.com\\\/avatar\\\/ab3bd31bf66b0e143141b04dbe6aa5f58290e800756006b9aef442f9b1e697cb?s=96&d=mm&r=g\",\"url\":\"https:\\\/\\\/secure.gravatar.com\\\/avatar\\\/ab3bd31bf66b0e143141b04dbe6aa5f58290e800756006b9aef442f9b1e697cb?s=96&d=mm&r=g\",\"contentUrl\":\"https:\\\/\\\/secure.gravatar.com\\\/avatar\\\/ab3bd31bf66b0e143141b04dbe6aa5f58290e800756006b9aef442f9b1e697cb?s=96&d=mm&r=g\",\"caption\":\"rss\"},\"url\":\"https:\\\/\\\/www.contem.es\\\/es\\\/author\\\/rss\\\/\"}]}<\/script>\n<!-- \/ Yoast SEO plugin. -->","yoast_head_json":{"title":"Multa municipal de tr\u00e1fico | Contem Assessors","robots":{"index":"index","follow":"follow","max-snippet":"max-snippet:-1","max-image-preview":"max-image-preview:large","max-video-preview":"max-video-preview:-1"},"canonical":"https:\/\/www.contem.es\/es\/multa-municipal-de-trafico\/","og_locale":"es_ES","og_type":"article","og_title":"Multa municipal de tr\u00e1fico | Contem Assessors","og_description":"No resulta infrecuente que en un expediente sancionador de tr&aacute;fico se cometa un error en los datos de identificaci&oacute;n del denunciado, por ejemplo en el nombre exacto o alguno de los apellidos, aun constando bien el n&uacute;mero de DNI. En muchas ocasiones Correos devuelve la notificaci&oacute;n al ayuntamiento por destinatario desconocido, procedi&eacute;ndose a publicar en [&hellip;]","og_url":"https:\/\/www.contem.es\/es\/multa-municipal-de-trafico\/","og_site_name":"Contem Assessors","article_published_time":"2024-05-03T00:00:00+00:00","og_image":[{"url":"https:\/\/www.contem.es\/wp-content\/uploads\/2016\/06\/touch-icon-contem.png","type":"","width":"","height":""}],"author":"rss","twitter_card":"summary_large_image","twitter_creator":"@contemassessors","twitter_site":"@contemassessors","twitter_misc":{"Escrito por":"rss","Tiempo de lectura":"2 minutos"},"schema":{"@context":"https:\/\/schema.org","@graph":[{"@type":"Article","@id":"https:\/\/www.contem.es\/es\/multa-municipal-de-trafico\/#article","isPartOf":{"@id":"https:\/\/www.contem.es\/es\/multa-municipal-de-trafico\/"},"author":{"name":"rss","@id":"https:\/\/www.contem.es\/es\/#\/schema\/person\/c1284c1e1887128f110dc4a88f6137ae"},"headline":"Multa municipal de tr\u00e1fico","datePublished":"2024-05-03T00:00:00+00:00","mainEntityOfPage":{"@id":"https:\/\/www.contem.es\/es\/multa-municipal-de-trafico\/"},"wordCount":418,"publisher":{"@id":"https:\/\/www.contem.es\/es\/#organization"},"image":{"@id":"https:\/\/www.contem.es\/es\/multa-municipal-de-trafico\/#primaryimage"},"thumbnailUrl":"https:\/\/www.contem.es\/wp-content\/uploads\/2024\/05\/photo14988879608472a5e46312788-bcSize-650x118-4.jpg","articleSection":["Administrativo"],"inLanguage":"es"},{"@type":"WebPage","@id":"https:\/\/www.contem.es\/es\/multa-municipal-de-trafico\/","url":"https:\/\/www.contem.es\/es\/multa-municipal-de-trafico\/","name":"Multa municipal de tr\u00e1fico | Contem Assessors","isPartOf":{"@id":"https:\/\/www.contem.es\/es\/#website"},"primaryImageOfPage":{"@id":"https:\/\/www.contem.es\/es\/multa-municipal-de-trafico\/#primaryimage"},"image":{"@id":"https:\/\/www.contem.es\/es\/multa-municipal-de-trafico\/#primaryimage"},"thumbnailUrl":"https:\/\/www.contem.es\/wp-content\/uploads\/2024\/05\/photo14988879608472a5e46312788-bcSize-650x118-4.jpg","datePublished":"2024-05-03T00:00:00+00:00","breadcrumb":{"@id":"https:\/\/www.contem.es\/es\/multa-municipal-de-trafico\/#breadcrumb"},"inLanguage":"es","potentialAction":[{"@type":"ReadAction","target":["https:\/\/www.contem.es\/es\/multa-municipal-de-trafico\/"]}]},{"@type":"ImageObject","inLanguage":"es","@id":"https:\/\/www.contem.es\/es\/multa-municipal-de-trafico\/#primaryimage","url":"https:\/\/www.contem.es\/wp-content\/uploads\/2024\/05\/photo14988879608472a5e46312788-bcSize-650x118-4.jpg","contentUrl":"https:\/\/www.contem.es\/wp-content\/uploads\/2024\/05\/photo14988879608472a5e46312788-bcSize-650x118-4.jpg","width":650,"height":118},{"@type":"BreadcrumbList","@id":"https:\/\/www.contem.es\/es\/multa-municipal-de-trafico\/#breadcrumb","itemListElement":[{"@type":"ListItem","position":1,"name":"Inici","item":"https:\/\/www.contem.es\/es\/"},{"@type":"ListItem","position":2,"name":"Multa municipal de tr\u00e1fico"}]},{"@type":"WebSite","@id":"https:\/\/www.contem.es\/es\/#website","url":"https:\/\/www.contem.es\/es\/","name":"Contem Assessors","description":"Fiscal, comptable , laboral , jur\u00eddic , econ\u00f2mic i assegurances","publisher":{"@id":"https:\/\/www.contem.es\/es\/#organization"},"potentialAction":[{"@type":"SearchAction","target":{"@type":"EntryPoint","urlTemplate":"https:\/\/www.contem.es\/es\/?s={search_term_string}"},"query-input":{"@type":"PropertyValueSpecification","valueRequired":true,"valueName":"search_term_string"}}],"inLanguage":"es"},{"@type":"Organization","@id":"https:\/\/www.contem.es\/es\/#organization","name":"Contem Assessors","url":"https:\/\/www.contem.es\/es\/","logo":{"@type":"ImageObject","inLanguage":"es","@id":"https:\/\/www.contem.es\/es\/#\/schema\/logo\/image\/","url":"https:\/\/www.contem.es\/wp-content\/uploads\/2016\/06\/touch-icon-contem.png","contentUrl":"https:\/\/www.contem.es\/wp-content\/uploads\/2016\/06\/touch-icon-contem.png","width":120,"height":120,"caption":"Contem Assessors"},"image":{"@id":"https:\/\/www.contem.es\/es\/#\/schema\/logo\/image\/"},"sameAs":["https:\/\/x.com\/contemassessors","https:\/\/www.linkedin.com\/company\/contem-assessors"]},{"@type":"Person","@id":"https:\/\/www.contem.es\/es\/#\/schema\/person\/c1284c1e1887128f110dc4a88f6137ae","name":"rss","image":{"@type":"ImageObject","inLanguage":"es","@id":"https:\/\/secure.gravatar.com\/avatar\/ab3bd31bf66b0e143141b04dbe6aa5f58290e800756006b9aef442f9b1e697cb?s=96&d=mm&r=g","url":"https:\/\/secure.gravatar.com\/avatar\/ab3bd31bf66b0e143141b04dbe6aa5f58290e800756006b9aef442f9b1e697cb?s=96&d=mm&r=g","contentUrl":"https:\/\/secure.gravatar.com\/avatar\/ab3bd31bf66b0e143141b04dbe6aa5f58290e800756006b9aef442f9b1e697cb?s=96&d=mm&r=g","caption":"rss"},"url":"https:\/\/www.contem.es\/es\/author\/rss\/"}]}},"_links":{"self":[{"href":"https:\/\/www.contem.es\/es\/wp-json\/wp\/v2\/posts\/4513","targetHints":{"allow":["GET"]}}],"collection":[{"href":"https:\/\/www.contem.es\/es\/wp-json\/wp\/v2\/posts"}],"about":[{"href":"https:\/\/www.contem.es\/es\/wp-json\/wp\/v2\/types\/post"}],"author":[{"embeddable":true,"href":"https:\/\/www.contem.es\/es\/wp-json\/wp\/v2\/users\/7"}],"replies":[{"embeddable":true,"href":"https:\/\/www.contem.es\/es\/wp-json\/wp\/v2\/comments?post=4513"}],"version-history":[{"count":0,"href":"https:\/\/www.contem.es\/es\/wp-json\/wp\/v2\/posts\/4513\/revisions"}],"wp:featuredmedia":[{"embeddable":true,"href":"https:\/\/www.contem.es\/es\/wp-json\/wp\/v2\/media\/4514"}],"wp:attachment":[{"href":"https:\/\/www.contem.es\/es\/wp-json\/wp\/v2\/media?parent=4513"}],"wp:term":[{"taxonomy":"category","embeddable":true,"href":"https:\/\/www.contem.es\/es\/wp-json\/wp\/v2\/categories?post=4513"},{"taxonomy":"post_tag","embeddable":true,"href":"https:\/\/www.contem.es\/es\/wp-json\/wp\/v2\/tags?post=4513"}],"curies":[{"name":"wp","href":"https:\/\/api.w.org\/{rel}","templated":true}]}}