{"id":4504,"date":"2024-05-08T00:00:00","date_gmt":"2024-05-08T00:00:00","guid":{"rendered":"https:\/\/www.contem.es\/multas-por-estacionamiento-indebido\/"},"modified":"2024-05-08T00:00:00","modified_gmt":"2024-05-08T00:00:00","slug":"multas-por-estacionamiento-indebido","status":"publish","type":"post","link":"https:\/\/www.contem.es\/es\/multas-por-estacionamiento-indebido\/","title":{"rendered":"Multas por estacionamiento indebido"},"content":{"rendered":"<p style=\"text-align: justify\">La <strong>Ley de tr\u00e1fico<\/strong> establece que los agentes de la autoridad encargados de la vigilancia del tr\u00e1fico en el ejercicio de las funciones deber\u00e1n denunciar las infracciones que observen.<i> <\/i><\/p>\n<p style=\"text-align: justify\">A continuaci\u00f3n, a\u00f1ade que <strong>en las denuncias deben constar<\/strong> la \u00a0identificaci\u00f3n del veh\u00edculo, la identidad del denunciado (si se conoce), una descripci\u00f3n sucinta del hecho, con expresi\u00f3n del lugar o tramo, fecha y hora y, atenci\u00f3n, el nombre, apellidos y domicilio del <strong>denunciante<\/strong> o, si es un agente de la autoridad, su n\u00famero de identificaci\u00f3n profesional o\u00a0un\u00a0empleado\u00a0que\u00a0sin\u00a0tener\u00a0esa\u00a0condici\u00f3n\u00a0realiza\u00a0tareas\u00a0de\u00a0control\u00a0de\u00a0zonas\u00a0de\u00a0estacionamiento\u00a0regulado,\u00a0su n\u00famero de identificaci\u00f3n profesional\u00a0aportado\u00a0por\u00a0la\u00a0administraci\u00f3n\u00a0competente.<\/p>\n<p style=\"text-align: justify\">Por lo tanto, la Ley habilita la posibilidad de que se presenten <strong>denuncias voluntarias<\/strong> por cualquier otro sujeto que no sea agente de movilidad.<\/p>\n<p style=\"text-align: justify\">Todo ello a prop\u00f3sito de la consulta de un ciudadano que se cuestionaba que su <strong>ayuntamiento<\/strong> pudiera iniciar un procedimiento sancionador por estacionamiento indebido en base a unas\u00a0<strong>fotograf\u00edas<\/strong> que un concejal hab\u00eda aportado. En ellas aparec\u00edan veh\u00edculos estacionados a lo largo del recorrido en donde, mediante bando de alcald\u00eda, se hab\u00eda prohibido estacionar, tal y como estaba se\u00f1alizado.<\/p>\n<p style=\"text-align: justify\">En efecto, siempre que el espacio se encuentre <strong>debidamente se\u00f1alizado<\/strong> con la se\u00f1al de prohibido estacionar, y sin que por ello haga falta que se dicte ning\u00fan <strong>bando<\/strong>\u00a0que, por otra parte, no cuenta con rango normativo suficiente para surtir efectos distintos a los de un mero recordatorio de la existencia de la prohibici\u00f3n de estacionar, no existe impedimento alguno para que se puedan tramitar las denuncias correspondientes, m\u00e1xime existiendo pruebas fotogr\u00e1ficas que ayuden a que la carga de la prueba del il\u00edcito recaiga sobre el denunciado.<\/p>\n<p style=\"text-align: justify\">Por tanto, el Ayuntamiento puede <strong>iniciar procedimiento sancionador<\/strong> en materia de tr\u00e1fico al tratarse de una infracci\u00f3n por estacionamiento en zona se\u00f1alizada al efecto, supuesto que se encuentra amparado en la Ley de tr\u00e1fico como infracci\u00f3n y pueden presentarse denuncias particulares apoyadas por fotograf\u00edas al encontrarse tambi\u00e9n amparado por dicha ley.<\/p>\n<p>Si usted se encuentra afectado por un procedimiento\u00a0sancionador nuestros profesionales\u00a0<i>pueden\u00a0proporcionarle el adecuado asesoramiento y ejercer la defensa de sus intereses<\/i><\/p>\n","protected":false},"excerpt":{"rendered":"<p>La Ley de tr&aacute;fico establece que los agentes de la autoridad encargados de la vigilancia del tr&aacute;fico en el ejercicio de las funciones deber&aacute;n denunciar las infracciones que observen. A continuaci&oacute;n, a&ntilde;ade que en las denuncias deben constar la &nbsp;identificaci&oacute;n del veh&iacute;culo, la identidad del denunciado (si se conoce), una descripci&oacute;n sucinta del hecho, con [&hellip;]<\/p>\n","protected":false},"author":7,"featured_media":4505,"comment_status":"closed","ping_status":"closed","sticky":false,"template":"","format":"standard","meta":{"footnotes":""},"categories":[98],"tags":[],"class_list":["post-4504","post","type-post","status-publish","format-standard","has-post-thumbnail","hentry","category-administrativo"],"yoast_head":"<!-- This site is optimized with the Yoast SEO plugin v27.4 - https:\/\/yoast.com\/product\/yoast-seo-wordpress\/ -->\n<title>Multas por estacionamiento indebido | Contem Assessors<\/title>\n<meta name=\"robots\" content=\"index, follow, max-snippet:-1, max-image-preview:large, max-video-preview:-1\" \/>\n<link rel=\"canonical\" href=\"https:\/\/www.contem.es\/es\/multas-por-estacionamiento-indebido\/\" \/>\n<meta property=\"og:locale\" content=\"es_ES\" \/>\n<meta property=\"og:type\" content=\"article\" \/>\n<meta property=\"og:title\" content=\"Multas por estacionamiento indebido | Contem Assessors\" \/>\n<meta property=\"og:description\" content=\"La Ley de tr&aacute;fico establece que los agentes de la autoridad encargados de la vigilancia del tr&aacute;fico en el ejercicio de las funciones deber&aacute;n denunciar las infracciones que observen. A continuaci&oacute;n, a&ntilde;ade que en las denuncias deben constar la &nbsp;identificaci&oacute;n del veh&iacute;culo, la identidad del denunciado (si se conoce), una descripci&oacute;n sucinta del hecho, con [&hellip;]\" \/>\n<meta property=\"og:url\" content=\"https:\/\/www.contem.es\/es\/multas-por-estacionamiento-indebido\/\" \/>\n<meta property=\"og:site_name\" content=\"Contem Assessors\" \/>\n<meta property=\"article:published_time\" content=\"2024-05-08T00:00:00+00:00\" \/>\n<meta property=\"og:image\" content=\"https:\/\/www.contem.es\/wp-content\/uploads\/2016\/06\/touch-icon-contem.png\" \/>\n<meta name=\"author\" content=\"rss\" \/>\n<meta name=\"twitter:card\" content=\"summary_large_image\" \/>\n<meta name=\"twitter:creator\" content=\"@contemassessors\" \/>\n<meta name=\"twitter:site\" content=\"@contemassessors\" \/>\n<meta name=\"twitter:label1\" content=\"Escrito por\" \/>\n\t<meta name=\"twitter:data1\" content=\"rss\" \/>\n\t<meta name=\"twitter:label2\" content=\"Tiempo de lectura\" \/>\n\t<meta name=\"twitter:data2\" content=\"2 minutos\" \/>\n<script type=\"application\/ld+json\" class=\"yoast-schema-graph\">{\"@context\":\"https:\\\/\\\/schema.org\",\"@graph\":[{\"@type\":\"Article\",\"@id\":\"https:\\\/\\\/www.contem.es\\\/es\\\/multas-por-estacionamiento-indebido\\\/#article\",\"isPartOf\":{\"@id\":\"https:\\\/\\\/www.contem.es\\\/es\\\/multas-por-estacionamiento-indebido\\\/\"},\"author\":{\"name\":\"rss\",\"@id\":\"https:\\\/\\\/www.contem.es\\\/es\\\/#\\\/schema\\\/person\\\/c1284c1e1887128f110dc4a88f6137ae\"},\"headline\":\"Multas por estacionamiento indebido\",\"datePublished\":\"2024-05-08T00:00:00+00:00\",\"mainEntityOfPage\":{\"@id\":\"https:\\\/\\\/www.contem.es\\\/es\\\/multas-por-estacionamiento-indebido\\\/\"},\"wordCount\":398,\"publisher\":{\"@id\":\"https:\\\/\\\/www.contem.es\\\/es\\\/#organization\"},\"image\":{\"@id\":\"https:\\\/\\\/www.contem.es\\\/es\\\/multas-por-estacionamiento-indebido\\\/#primaryimage\"},\"thumbnailUrl\":\"https:\\\/\\\/www.contem.es\\\/wp-content\\\/uploads\\\/2024\\\/05\\\/tlchargement-bcSize-650x118-2.jpg\",\"articleSection\":[\"Administrativo\"],\"inLanguage\":\"es\"},{\"@type\":\"WebPage\",\"@id\":\"https:\\\/\\\/www.contem.es\\\/es\\\/multas-por-estacionamiento-indebido\\\/\",\"url\":\"https:\\\/\\\/www.contem.es\\\/es\\\/multas-por-estacionamiento-indebido\\\/\",\"name\":\"Multas por estacionamiento indebido | Contem Assessors\",\"isPartOf\":{\"@id\":\"https:\\\/\\\/www.contem.es\\\/es\\\/#website\"},\"primaryImageOfPage\":{\"@id\":\"https:\\\/\\\/www.contem.es\\\/es\\\/multas-por-estacionamiento-indebido\\\/#primaryimage\"},\"image\":{\"@id\":\"https:\\\/\\\/www.contem.es\\\/es\\\/multas-por-estacionamiento-indebido\\\/#primaryimage\"},\"thumbnailUrl\":\"https:\\\/\\\/www.contem.es\\\/wp-content\\\/uploads\\\/2024\\\/05\\\/tlchargement-bcSize-650x118-2.jpg\",\"datePublished\":\"2024-05-08T00:00:00+00:00\",\"breadcrumb\":{\"@id\":\"https:\\\/\\\/www.contem.es\\\/es\\\/multas-por-estacionamiento-indebido\\\/#breadcrumb\"},\"inLanguage\":\"es\",\"potentialAction\":[{\"@type\":\"ReadAction\",\"target\":[\"https:\\\/\\\/www.contem.es\\\/es\\\/multas-por-estacionamiento-indebido\\\/\"]}]},{\"@type\":\"ImageObject\",\"inLanguage\":\"es\",\"@id\":\"https:\\\/\\\/www.contem.es\\\/es\\\/multas-por-estacionamiento-indebido\\\/#primaryimage\",\"url\":\"https:\\\/\\\/www.contem.es\\\/wp-content\\\/uploads\\\/2024\\\/05\\\/tlchargement-bcSize-650x118-2.jpg\",\"contentUrl\":\"https:\\\/\\\/www.contem.es\\\/wp-content\\\/uploads\\\/2024\\\/05\\\/tlchargement-bcSize-650x118-2.jpg\",\"width\":650,\"height\":118},{\"@type\":\"BreadcrumbList\",\"@id\":\"https:\\\/\\\/www.contem.es\\\/es\\\/multas-por-estacionamiento-indebido\\\/#breadcrumb\",\"itemListElement\":[{\"@type\":\"ListItem\",\"position\":1,\"name\":\"Inici\",\"item\":\"https:\\\/\\\/www.contem.es\\\/es\\\/\"},{\"@type\":\"ListItem\",\"position\":2,\"name\":\"Multas por estacionamiento indebido\"}]},{\"@type\":\"WebSite\",\"@id\":\"https:\\\/\\\/www.contem.es\\\/es\\\/#website\",\"url\":\"https:\\\/\\\/www.contem.es\\\/es\\\/\",\"name\":\"Contem Assessors\",\"description\":\"Fiscal, comptable , laboral , jur\u00eddic , econ\u00f2mic i assegurances\",\"publisher\":{\"@id\":\"https:\\\/\\\/www.contem.es\\\/es\\\/#organization\"},\"potentialAction\":[{\"@type\":\"SearchAction\",\"target\":{\"@type\":\"EntryPoint\",\"urlTemplate\":\"https:\\\/\\\/www.contem.es\\\/es\\\/?s={search_term_string}\"},\"query-input\":{\"@type\":\"PropertyValueSpecification\",\"valueRequired\":true,\"valueName\":\"search_term_string\"}}],\"inLanguage\":\"es\"},{\"@type\":\"Organization\",\"@id\":\"https:\\\/\\\/www.contem.es\\\/es\\\/#organization\",\"name\":\"Contem Assessors\",\"url\":\"https:\\\/\\\/www.contem.es\\\/es\\\/\",\"logo\":{\"@type\":\"ImageObject\",\"inLanguage\":\"es\",\"@id\":\"https:\\\/\\\/www.contem.es\\\/es\\\/#\\\/schema\\\/logo\\\/image\\\/\",\"url\":\"https:\\\/\\\/www.contem.es\\\/wp-content\\\/uploads\\\/2016\\\/06\\\/touch-icon-contem.png\",\"contentUrl\":\"https:\\\/\\\/www.contem.es\\\/wp-content\\\/uploads\\\/2016\\\/06\\\/touch-icon-contem.png\",\"width\":120,\"height\":120,\"caption\":\"Contem Assessors\"},\"image\":{\"@id\":\"https:\\\/\\\/www.contem.es\\\/es\\\/#\\\/schema\\\/logo\\\/image\\\/\"},\"sameAs\":[\"https:\\\/\\\/x.com\\\/contemassessors\",\"https:\\\/\\\/www.linkedin.com\\\/company\\\/contem-assessors\"]},{\"@type\":\"Person\",\"@id\":\"https:\\\/\\\/www.contem.es\\\/es\\\/#\\\/schema\\\/person\\\/c1284c1e1887128f110dc4a88f6137ae\",\"name\":\"rss\",\"image\":{\"@type\":\"ImageObject\",\"inLanguage\":\"es\",\"@id\":\"https:\\\/\\\/secure.gravatar.com\\\/avatar\\\/ab3bd31bf66b0e143141b04dbe6aa5f58290e800756006b9aef442f9b1e697cb?s=96&d=mm&r=g\",\"url\":\"https:\\\/\\\/secure.gravatar.com\\\/avatar\\\/ab3bd31bf66b0e143141b04dbe6aa5f58290e800756006b9aef442f9b1e697cb?s=96&d=mm&r=g\",\"contentUrl\":\"https:\\\/\\\/secure.gravatar.com\\\/avatar\\\/ab3bd31bf66b0e143141b04dbe6aa5f58290e800756006b9aef442f9b1e697cb?s=96&d=mm&r=g\",\"caption\":\"rss\"},\"url\":\"https:\\\/\\\/www.contem.es\\\/es\\\/author\\\/rss\\\/\"}]}<\/script>\n<!-- \/ Yoast SEO plugin. -->","yoast_head_json":{"title":"Multas por estacionamiento indebido | Contem Assessors","robots":{"index":"index","follow":"follow","max-snippet":"max-snippet:-1","max-image-preview":"max-image-preview:large","max-video-preview":"max-video-preview:-1"},"canonical":"https:\/\/www.contem.es\/es\/multas-por-estacionamiento-indebido\/","og_locale":"es_ES","og_type":"article","og_title":"Multas por estacionamiento indebido | Contem Assessors","og_description":"La Ley de tr&aacute;fico establece que los agentes de la autoridad encargados de la vigilancia del tr&aacute;fico en el ejercicio de las funciones deber&aacute;n denunciar las infracciones que observen. A continuaci&oacute;n, a&ntilde;ade que en las denuncias deben constar la &nbsp;identificaci&oacute;n del veh&iacute;culo, la identidad del denunciado (si se conoce), una descripci&oacute;n sucinta del hecho, con [&hellip;]","og_url":"https:\/\/www.contem.es\/es\/multas-por-estacionamiento-indebido\/","og_site_name":"Contem Assessors","article_published_time":"2024-05-08T00:00:00+00:00","og_image":[{"url":"https:\/\/www.contem.es\/wp-content\/uploads\/2016\/06\/touch-icon-contem.png","type":"","width":"","height":""}],"author":"rss","twitter_card":"summary_large_image","twitter_creator":"@contemassessors","twitter_site":"@contemassessors","twitter_misc":{"Escrito por":"rss","Tiempo de lectura":"2 minutos"},"schema":{"@context":"https:\/\/schema.org","@graph":[{"@type":"Article","@id":"https:\/\/www.contem.es\/es\/multas-por-estacionamiento-indebido\/#article","isPartOf":{"@id":"https:\/\/www.contem.es\/es\/multas-por-estacionamiento-indebido\/"},"author":{"name":"rss","@id":"https:\/\/www.contem.es\/es\/#\/schema\/person\/c1284c1e1887128f110dc4a88f6137ae"},"headline":"Multas por estacionamiento indebido","datePublished":"2024-05-08T00:00:00+00:00","mainEntityOfPage":{"@id":"https:\/\/www.contem.es\/es\/multas-por-estacionamiento-indebido\/"},"wordCount":398,"publisher":{"@id":"https:\/\/www.contem.es\/es\/#organization"},"image":{"@id":"https:\/\/www.contem.es\/es\/multas-por-estacionamiento-indebido\/#primaryimage"},"thumbnailUrl":"https:\/\/www.contem.es\/wp-content\/uploads\/2024\/05\/tlchargement-bcSize-650x118-2.jpg","articleSection":["Administrativo"],"inLanguage":"es"},{"@type":"WebPage","@id":"https:\/\/www.contem.es\/es\/multas-por-estacionamiento-indebido\/","url":"https:\/\/www.contem.es\/es\/multas-por-estacionamiento-indebido\/","name":"Multas por estacionamiento indebido | Contem Assessors","isPartOf":{"@id":"https:\/\/www.contem.es\/es\/#website"},"primaryImageOfPage":{"@id":"https:\/\/www.contem.es\/es\/multas-por-estacionamiento-indebido\/#primaryimage"},"image":{"@id":"https:\/\/www.contem.es\/es\/multas-por-estacionamiento-indebido\/#primaryimage"},"thumbnailUrl":"https:\/\/www.contem.es\/wp-content\/uploads\/2024\/05\/tlchargement-bcSize-650x118-2.jpg","datePublished":"2024-05-08T00:00:00+00:00","breadcrumb":{"@id":"https:\/\/www.contem.es\/es\/multas-por-estacionamiento-indebido\/#breadcrumb"},"inLanguage":"es","potentialAction":[{"@type":"ReadAction","target":["https:\/\/www.contem.es\/es\/multas-por-estacionamiento-indebido\/"]}]},{"@type":"ImageObject","inLanguage":"es","@id":"https:\/\/www.contem.es\/es\/multas-por-estacionamiento-indebido\/#primaryimage","url":"https:\/\/www.contem.es\/wp-content\/uploads\/2024\/05\/tlchargement-bcSize-650x118-2.jpg","contentUrl":"https:\/\/www.contem.es\/wp-content\/uploads\/2024\/05\/tlchargement-bcSize-650x118-2.jpg","width":650,"height":118},{"@type":"BreadcrumbList","@id":"https:\/\/www.contem.es\/es\/multas-por-estacionamiento-indebido\/#breadcrumb","itemListElement":[{"@type":"ListItem","position":1,"name":"Inici","item":"https:\/\/www.contem.es\/es\/"},{"@type":"ListItem","position":2,"name":"Multas por estacionamiento indebido"}]},{"@type":"WebSite","@id":"https:\/\/www.contem.es\/es\/#website","url":"https:\/\/www.contem.es\/es\/","name":"Contem Assessors","description":"Fiscal, comptable , laboral , jur\u00eddic , econ\u00f2mic i assegurances","publisher":{"@id":"https:\/\/www.contem.es\/es\/#organization"},"potentialAction":[{"@type":"SearchAction","target":{"@type":"EntryPoint","urlTemplate":"https:\/\/www.contem.es\/es\/?s={search_term_string}"},"query-input":{"@type":"PropertyValueSpecification","valueRequired":true,"valueName":"search_term_string"}}],"inLanguage":"es"},{"@type":"Organization","@id":"https:\/\/www.contem.es\/es\/#organization","name":"Contem Assessors","url":"https:\/\/www.contem.es\/es\/","logo":{"@type":"ImageObject","inLanguage":"es","@id":"https:\/\/www.contem.es\/es\/#\/schema\/logo\/image\/","url":"https:\/\/www.contem.es\/wp-content\/uploads\/2016\/06\/touch-icon-contem.png","contentUrl":"https:\/\/www.contem.es\/wp-content\/uploads\/2016\/06\/touch-icon-contem.png","width":120,"height":120,"caption":"Contem Assessors"},"image":{"@id":"https:\/\/www.contem.es\/es\/#\/schema\/logo\/image\/"},"sameAs":["https:\/\/x.com\/contemassessors","https:\/\/www.linkedin.com\/company\/contem-assessors"]},{"@type":"Person","@id":"https:\/\/www.contem.es\/es\/#\/schema\/person\/c1284c1e1887128f110dc4a88f6137ae","name":"rss","image":{"@type":"ImageObject","inLanguage":"es","@id":"https:\/\/secure.gravatar.com\/avatar\/ab3bd31bf66b0e143141b04dbe6aa5f58290e800756006b9aef442f9b1e697cb?s=96&d=mm&r=g","url":"https:\/\/secure.gravatar.com\/avatar\/ab3bd31bf66b0e143141b04dbe6aa5f58290e800756006b9aef442f9b1e697cb?s=96&d=mm&r=g","contentUrl":"https:\/\/secure.gravatar.com\/avatar\/ab3bd31bf66b0e143141b04dbe6aa5f58290e800756006b9aef442f9b1e697cb?s=96&d=mm&r=g","caption":"rss"},"url":"https:\/\/www.contem.es\/es\/author\/rss\/"}]}},"_links":{"self":[{"href":"https:\/\/www.contem.es\/es\/wp-json\/wp\/v2\/posts\/4504","targetHints":{"allow":["GET"]}}],"collection":[{"href":"https:\/\/www.contem.es\/es\/wp-json\/wp\/v2\/posts"}],"about":[{"href":"https:\/\/www.contem.es\/es\/wp-json\/wp\/v2\/types\/post"}],"author":[{"embeddable":true,"href":"https:\/\/www.contem.es\/es\/wp-json\/wp\/v2\/users\/7"}],"replies":[{"embeddable":true,"href":"https:\/\/www.contem.es\/es\/wp-json\/wp\/v2\/comments?post=4504"}],"version-history":[{"count":0,"href":"https:\/\/www.contem.es\/es\/wp-json\/wp\/v2\/posts\/4504\/revisions"}],"wp:featuredmedia":[{"embeddable":true,"href":"https:\/\/www.contem.es\/es\/wp-json\/wp\/v2\/media\/4505"}],"wp:attachment":[{"href":"https:\/\/www.contem.es\/es\/wp-json\/wp\/v2\/media?parent=4504"}],"wp:term":[{"taxonomy":"category","embeddable":true,"href":"https:\/\/www.contem.es\/es\/wp-json\/wp\/v2\/categories?post=4504"},{"taxonomy":"post_tag","embeddable":true,"href":"https:\/\/www.contem.es\/es\/wp-json\/wp\/v2\/tags?post=4504"}],"curies":[{"name":"wp","href":"https:\/\/api.w.org\/{rel}","templated":true}]}}