{"id":4495,"date":"2024-05-10T00:00:00","date_gmt":"2024-05-10T00:00:00","guid":{"rendered":"https:\/\/www.contem.es\/impago-de-cuotas-comunitarias\/"},"modified":"2024-05-10T00:00:00","modified_gmt":"2024-05-10T00:00:00","slug":"impago-de-cuotas-comunitarias","status":"publish","type":"post","link":"https:\/\/www.contem.es\/es\/impago-de-cuotas-comunitarias\/","title":{"rendered":"IMPAGO DE CUOTAS COMUNITARIAS"},"content":{"rendered":"<p style=\"text-align: justify\">Una comunidad de propietarios interpuso demanda contra dos propietarios <b>reclamando <\/b>las cuotas comunitarias impagadas. El juzgado dict\u00f3 sentencia condenando a los vecinos al <b>pago de una cuant\u00eda inferior<\/b>, al entender que parte de las cantidades demandadas ya no pod\u00edan ser reclamadas, por haber prescrito.<\/p>\n<p style=\"text-align: justify\">La comunidad recurri\u00f3 la sentencia y le dieron la raz\u00f3n, al entenderse que el <b>plazo de prescripci\u00f3n<\/b> aplicable era el de 15 a\u00f1os y no 5 como hab\u00eda entendido la sentencia recurrida.<\/p>\n<p style=\"text-align: justify\">Entonces los vecinos recurrieron al <b>Tribunal Supremo<\/b> (TS), que ha considerando aplicable a este supuesto el\u00a0<strong>plazo de 5 a\u00f1os<\/strong>, que es el\u00a0previsto para las acciones ordenadas a exigir pagos que deban hacerse por a\u00f1os o en plazos m\u00e1s breves, donde\u00a0<strong>se incluye<\/strong>\u00a0el caso de la contribuci\u00f3n de los comuneros a los gastos comunes.<\/p>\n<p style=\"text-align: justify\">Al TS le resulta incomprensible que la comunidad haya dejado transcurrir tan largo per\u00edodo de tiempo para reclamar, pero precisamente este plazo de 5 a\u00f1os est\u00e1 ligado a tratar de\u00a0<strong>impedir la usura y capitalizaci\u00f3n<\/strong>\u00a0y que los deudores se vean perjudicados mediante una acumulaci\u00f3n que puede incluso conducirles a la ruina a trav\u00e9s de elevadas demandas judiciales por voluntad del acreedor que deja intencionadamente de reclamar las prestaciones durante alg\u00fan tiempo.<\/p>\n<p style=\"text-align: justify\">Por lo tanto el TS confirma que la <b>deuda a satisfacer<\/b> de los vecinos lo que\u00a0hab\u00eda se\u00f1alado el juzgado.<\/p>\n<p>\u00a0<\/p>\n<p><i>En controversias relacionadas con el impago de las cuotas de la comunidad de propietarios nuestros profesionales pueden asesorarle en la defensa de sus derechos<\/i><\/p>\n","protected":false},"excerpt":{"rendered":"<p>Una comunidad de propietarios interpuso demanda contra dos propietarios reclamando las cuotas comunitarias impagadas. El juzgado dict&oacute; sentencia condenando a los vecinos al pago de una cuant&iacute;a inferior, al entender que parte de las cantidades demandadas ya no pod&iacute;an ser reclamadas, por haber prescrito. La comunidad recurri&oacute; la sentencia y le dieron la raz&oacute;n, al [&hellip;]<\/p>\n","protected":false},"author":7,"featured_media":4496,"comment_status":"closed","ping_status":"closed","sticky":false,"template":"","format":"standard","meta":{"footnotes":""},"categories":[97,95],"tags":[],"class_list":["post-4495","post","type-post","status-publish","format-standard","has-post-thumbnail","hentry","category-civil-es","category-inmobiliario"],"yoast_head":"<!-- This site is optimized with the Yoast SEO plugin v27.4 - https:\/\/yoast.com\/product\/yoast-seo-wordpress\/ -->\n<title>IMPAGO DE CUOTAS COMUNITARIAS | Contem Assessors<\/title>\n<meta name=\"robots\" content=\"index, follow, max-snippet:-1, max-image-preview:large, max-video-preview:-1\" \/>\n<link rel=\"canonical\" href=\"https:\/\/www.contem.es\/es\/impago-de-cuotas-comunitarias\/\" \/>\n<meta property=\"og:locale\" content=\"es_ES\" \/>\n<meta property=\"og:type\" content=\"article\" \/>\n<meta property=\"og:title\" content=\"IMPAGO DE CUOTAS COMUNITARIAS | Contem Assessors\" \/>\n<meta property=\"og:description\" content=\"Una comunidad de propietarios interpuso demanda contra dos propietarios reclamando las cuotas comunitarias impagadas. El juzgado dict&oacute; sentencia condenando a los vecinos al pago de una cuant&iacute;a inferior, al entender que parte de las cantidades demandadas ya no pod&iacute;an ser reclamadas, por haber prescrito. La comunidad recurri&oacute; la sentencia y le dieron la raz&oacute;n, al [&hellip;]\" \/>\n<meta property=\"og:url\" content=\"https:\/\/www.contem.es\/es\/impago-de-cuotas-comunitarias\/\" \/>\n<meta property=\"og:site_name\" content=\"Contem Assessors\" \/>\n<meta property=\"article:published_time\" content=\"2024-05-10T00:00:00+00:00\" \/>\n<meta property=\"og:image\" content=\"https:\/\/www.contem.es\/wp-content\/uploads\/2016\/06\/touch-icon-contem.png\" \/>\n<meta name=\"author\" content=\"rss\" \/>\n<meta name=\"twitter:card\" content=\"summary_large_image\" \/>\n<meta name=\"twitter:creator\" content=\"@contemassessors\" \/>\n<meta name=\"twitter:site\" content=\"@contemassessors\" \/>\n<meta name=\"twitter:label1\" content=\"Escrito por\" \/>\n\t<meta name=\"twitter:data1\" content=\"rss\" \/>\n\t<meta name=\"twitter:label2\" content=\"Tiempo de lectura\" \/>\n\t<meta name=\"twitter:data2\" content=\"1 minuto\" \/>\n<script type=\"application\/ld+json\" class=\"yoast-schema-graph\">{\"@context\":\"https:\\\/\\\/schema.org\",\"@graph\":[{\"@type\":\"Article\",\"@id\":\"https:\\\/\\\/www.contem.es\\\/es\\\/impago-de-cuotas-comunitarias\\\/#article\",\"isPartOf\":{\"@id\":\"https:\\\/\\\/www.contem.es\\\/es\\\/impago-de-cuotas-comunitarias\\\/\"},\"author\":{\"name\":\"rss\",\"@id\":\"https:\\\/\\\/www.contem.es\\\/es\\\/#\\\/schema\\\/person\\\/c1284c1e1887128f110dc4a88f6137ae\"},\"headline\":\"IMPAGO DE CUOTAS COMUNITARIAS\",\"datePublished\":\"2024-05-10T00:00:00+00:00\",\"mainEntityOfPage\":{\"@id\":\"https:\\\/\\\/www.contem.es\\\/es\\\/impago-de-cuotas-comunitarias\\\/\"},\"wordCount\":266,\"publisher\":{\"@id\":\"https:\\\/\\\/www.contem.es\\\/es\\\/#organization\"},\"image\":{\"@id\":\"https:\\\/\\\/www.contem.es\\\/es\\\/impago-de-cuotas-comunitarias\\\/#primaryimage\"},\"thumbnailUrl\":\"https:\\\/\\\/www.contem.es\\\/wp-content\\\/uploads\\\/2024\\\/05\\\/proprietairedimmeuble-bcSize-650x118-1.jpg\",\"articleSection\":[\"Civil\",\"Inmobiliario\"],\"inLanguage\":\"es\"},{\"@type\":\"WebPage\",\"@id\":\"https:\\\/\\\/www.contem.es\\\/es\\\/impago-de-cuotas-comunitarias\\\/\",\"url\":\"https:\\\/\\\/www.contem.es\\\/es\\\/impago-de-cuotas-comunitarias\\\/\",\"name\":\"IMPAGO DE CUOTAS COMUNITARIAS | Contem Assessors\",\"isPartOf\":{\"@id\":\"https:\\\/\\\/www.contem.es\\\/es\\\/#website\"},\"primaryImageOfPage\":{\"@id\":\"https:\\\/\\\/www.contem.es\\\/es\\\/impago-de-cuotas-comunitarias\\\/#primaryimage\"},\"image\":{\"@id\":\"https:\\\/\\\/www.contem.es\\\/es\\\/impago-de-cuotas-comunitarias\\\/#primaryimage\"},\"thumbnailUrl\":\"https:\\\/\\\/www.contem.es\\\/wp-content\\\/uploads\\\/2024\\\/05\\\/proprietairedimmeuble-bcSize-650x118-1.jpg\",\"datePublished\":\"2024-05-10T00:00:00+00:00\",\"breadcrumb\":{\"@id\":\"https:\\\/\\\/www.contem.es\\\/es\\\/impago-de-cuotas-comunitarias\\\/#breadcrumb\"},\"inLanguage\":\"es\",\"potentialAction\":[{\"@type\":\"ReadAction\",\"target\":[\"https:\\\/\\\/www.contem.es\\\/es\\\/impago-de-cuotas-comunitarias\\\/\"]}]},{\"@type\":\"ImageObject\",\"inLanguage\":\"es\",\"@id\":\"https:\\\/\\\/www.contem.es\\\/es\\\/impago-de-cuotas-comunitarias\\\/#primaryimage\",\"url\":\"https:\\\/\\\/www.contem.es\\\/wp-content\\\/uploads\\\/2024\\\/05\\\/proprietairedimmeuble-bcSize-650x118-1.jpg\",\"contentUrl\":\"https:\\\/\\\/www.contem.es\\\/wp-content\\\/uploads\\\/2024\\\/05\\\/proprietairedimmeuble-bcSize-650x118-1.jpg\",\"width\":650,\"height\":118},{\"@type\":\"BreadcrumbList\",\"@id\":\"https:\\\/\\\/www.contem.es\\\/es\\\/impago-de-cuotas-comunitarias\\\/#breadcrumb\",\"itemListElement\":[{\"@type\":\"ListItem\",\"position\":1,\"name\":\"Inici\",\"item\":\"https:\\\/\\\/www.contem.es\\\/es\\\/\"},{\"@type\":\"ListItem\",\"position\":2,\"name\":\"IMPAGO DE CUOTAS COMUNITARIAS\"}]},{\"@type\":\"WebSite\",\"@id\":\"https:\\\/\\\/www.contem.es\\\/es\\\/#website\",\"url\":\"https:\\\/\\\/www.contem.es\\\/es\\\/\",\"name\":\"Contem Assessors\",\"description\":\"Fiscal, comptable , laboral , jur\u00eddic , econ\u00f2mic i assegurances\",\"publisher\":{\"@id\":\"https:\\\/\\\/www.contem.es\\\/es\\\/#organization\"},\"potentialAction\":[{\"@type\":\"SearchAction\",\"target\":{\"@type\":\"EntryPoint\",\"urlTemplate\":\"https:\\\/\\\/www.contem.es\\\/es\\\/?s={search_term_string}\"},\"query-input\":{\"@type\":\"PropertyValueSpecification\",\"valueRequired\":true,\"valueName\":\"search_term_string\"}}],\"inLanguage\":\"es\"},{\"@type\":\"Organization\",\"@id\":\"https:\\\/\\\/www.contem.es\\\/es\\\/#organization\",\"name\":\"Contem Assessors\",\"url\":\"https:\\\/\\\/www.contem.es\\\/es\\\/\",\"logo\":{\"@type\":\"ImageObject\",\"inLanguage\":\"es\",\"@id\":\"https:\\\/\\\/www.contem.es\\\/es\\\/#\\\/schema\\\/logo\\\/image\\\/\",\"url\":\"https:\\\/\\\/www.contem.es\\\/wp-content\\\/uploads\\\/2016\\\/06\\\/touch-icon-contem.png\",\"contentUrl\":\"https:\\\/\\\/www.contem.es\\\/wp-content\\\/uploads\\\/2016\\\/06\\\/touch-icon-contem.png\",\"width\":120,\"height\":120,\"caption\":\"Contem Assessors\"},\"image\":{\"@id\":\"https:\\\/\\\/www.contem.es\\\/es\\\/#\\\/schema\\\/logo\\\/image\\\/\"},\"sameAs\":[\"https:\\\/\\\/x.com\\\/contemassessors\",\"https:\\\/\\\/www.linkedin.com\\\/company\\\/contem-assessors\"]},{\"@type\":\"Person\",\"@id\":\"https:\\\/\\\/www.contem.es\\\/es\\\/#\\\/schema\\\/person\\\/c1284c1e1887128f110dc4a88f6137ae\",\"name\":\"rss\",\"image\":{\"@type\":\"ImageObject\",\"inLanguage\":\"es\",\"@id\":\"https:\\\/\\\/secure.gravatar.com\\\/avatar\\\/ab3bd31bf66b0e143141b04dbe6aa5f58290e800756006b9aef442f9b1e697cb?s=96&d=mm&r=g\",\"url\":\"https:\\\/\\\/secure.gravatar.com\\\/avatar\\\/ab3bd31bf66b0e143141b04dbe6aa5f58290e800756006b9aef442f9b1e697cb?s=96&d=mm&r=g\",\"contentUrl\":\"https:\\\/\\\/secure.gravatar.com\\\/avatar\\\/ab3bd31bf66b0e143141b04dbe6aa5f58290e800756006b9aef442f9b1e697cb?s=96&d=mm&r=g\",\"caption\":\"rss\"},\"url\":\"https:\\\/\\\/www.contem.es\\\/es\\\/author\\\/rss\\\/\"}]}<\/script>\n<!-- \/ Yoast SEO plugin. -->","yoast_head_json":{"title":"IMPAGO DE CUOTAS COMUNITARIAS | Contem Assessors","robots":{"index":"index","follow":"follow","max-snippet":"max-snippet:-1","max-image-preview":"max-image-preview:large","max-video-preview":"max-video-preview:-1"},"canonical":"https:\/\/www.contem.es\/es\/impago-de-cuotas-comunitarias\/","og_locale":"es_ES","og_type":"article","og_title":"IMPAGO DE CUOTAS COMUNITARIAS | Contem Assessors","og_description":"Una comunidad de propietarios interpuso demanda contra dos propietarios reclamando las cuotas comunitarias impagadas. El juzgado dict&oacute; sentencia condenando a los vecinos al pago de una cuant&iacute;a inferior, al entender que parte de las cantidades demandadas ya no pod&iacute;an ser reclamadas, por haber prescrito. La comunidad recurri&oacute; la sentencia y le dieron la raz&oacute;n, al [&hellip;]","og_url":"https:\/\/www.contem.es\/es\/impago-de-cuotas-comunitarias\/","og_site_name":"Contem Assessors","article_published_time":"2024-05-10T00:00:00+00:00","og_image":[{"url":"https:\/\/www.contem.es\/wp-content\/uploads\/2016\/06\/touch-icon-contem.png","type":"","width":"","height":""}],"author":"rss","twitter_card":"summary_large_image","twitter_creator":"@contemassessors","twitter_site":"@contemassessors","twitter_misc":{"Escrito por":"rss","Tiempo de lectura":"1 minuto"},"schema":{"@context":"https:\/\/schema.org","@graph":[{"@type":"Article","@id":"https:\/\/www.contem.es\/es\/impago-de-cuotas-comunitarias\/#article","isPartOf":{"@id":"https:\/\/www.contem.es\/es\/impago-de-cuotas-comunitarias\/"},"author":{"name":"rss","@id":"https:\/\/www.contem.es\/es\/#\/schema\/person\/c1284c1e1887128f110dc4a88f6137ae"},"headline":"IMPAGO DE CUOTAS COMUNITARIAS","datePublished":"2024-05-10T00:00:00+00:00","mainEntityOfPage":{"@id":"https:\/\/www.contem.es\/es\/impago-de-cuotas-comunitarias\/"},"wordCount":266,"publisher":{"@id":"https:\/\/www.contem.es\/es\/#organization"},"image":{"@id":"https:\/\/www.contem.es\/es\/impago-de-cuotas-comunitarias\/#primaryimage"},"thumbnailUrl":"https:\/\/www.contem.es\/wp-content\/uploads\/2024\/05\/proprietairedimmeuble-bcSize-650x118-1.jpg","articleSection":["Civil","Inmobiliario"],"inLanguage":"es"},{"@type":"WebPage","@id":"https:\/\/www.contem.es\/es\/impago-de-cuotas-comunitarias\/","url":"https:\/\/www.contem.es\/es\/impago-de-cuotas-comunitarias\/","name":"IMPAGO DE CUOTAS COMUNITARIAS | Contem Assessors","isPartOf":{"@id":"https:\/\/www.contem.es\/es\/#website"},"primaryImageOfPage":{"@id":"https:\/\/www.contem.es\/es\/impago-de-cuotas-comunitarias\/#primaryimage"},"image":{"@id":"https:\/\/www.contem.es\/es\/impago-de-cuotas-comunitarias\/#primaryimage"},"thumbnailUrl":"https:\/\/www.contem.es\/wp-content\/uploads\/2024\/05\/proprietairedimmeuble-bcSize-650x118-1.jpg","datePublished":"2024-05-10T00:00:00+00:00","breadcrumb":{"@id":"https:\/\/www.contem.es\/es\/impago-de-cuotas-comunitarias\/#breadcrumb"},"inLanguage":"es","potentialAction":[{"@type":"ReadAction","target":["https:\/\/www.contem.es\/es\/impago-de-cuotas-comunitarias\/"]}]},{"@type":"ImageObject","inLanguage":"es","@id":"https:\/\/www.contem.es\/es\/impago-de-cuotas-comunitarias\/#primaryimage","url":"https:\/\/www.contem.es\/wp-content\/uploads\/2024\/05\/proprietairedimmeuble-bcSize-650x118-1.jpg","contentUrl":"https:\/\/www.contem.es\/wp-content\/uploads\/2024\/05\/proprietairedimmeuble-bcSize-650x118-1.jpg","width":650,"height":118},{"@type":"BreadcrumbList","@id":"https:\/\/www.contem.es\/es\/impago-de-cuotas-comunitarias\/#breadcrumb","itemListElement":[{"@type":"ListItem","position":1,"name":"Inici","item":"https:\/\/www.contem.es\/es\/"},{"@type":"ListItem","position":2,"name":"IMPAGO DE CUOTAS COMUNITARIAS"}]},{"@type":"WebSite","@id":"https:\/\/www.contem.es\/es\/#website","url":"https:\/\/www.contem.es\/es\/","name":"Contem Assessors","description":"Fiscal, comptable , laboral , jur\u00eddic , econ\u00f2mic i assegurances","publisher":{"@id":"https:\/\/www.contem.es\/es\/#organization"},"potentialAction":[{"@type":"SearchAction","target":{"@type":"EntryPoint","urlTemplate":"https:\/\/www.contem.es\/es\/?s={search_term_string}"},"query-input":{"@type":"PropertyValueSpecification","valueRequired":true,"valueName":"search_term_string"}}],"inLanguage":"es"},{"@type":"Organization","@id":"https:\/\/www.contem.es\/es\/#organization","name":"Contem Assessors","url":"https:\/\/www.contem.es\/es\/","logo":{"@type":"ImageObject","inLanguage":"es","@id":"https:\/\/www.contem.es\/es\/#\/schema\/logo\/image\/","url":"https:\/\/www.contem.es\/wp-content\/uploads\/2016\/06\/touch-icon-contem.png","contentUrl":"https:\/\/www.contem.es\/wp-content\/uploads\/2016\/06\/touch-icon-contem.png","width":120,"height":120,"caption":"Contem Assessors"},"image":{"@id":"https:\/\/www.contem.es\/es\/#\/schema\/logo\/image\/"},"sameAs":["https:\/\/x.com\/contemassessors","https:\/\/www.linkedin.com\/company\/contem-assessors"]},{"@type":"Person","@id":"https:\/\/www.contem.es\/es\/#\/schema\/person\/c1284c1e1887128f110dc4a88f6137ae","name":"rss","image":{"@type":"ImageObject","inLanguage":"es","@id":"https:\/\/secure.gravatar.com\/avatar\/ab3bd31bf66b0e143141b04dbe6aa5f58290e800756006b9aef442f9b1e697cb?s=96&d=mm&r=g","url":"https:\/\/secure.gravatar.com\/avatar\/ab3bd31bf66b0e143141b04dbe6aa5f58290e800756006b9aef442f9b1e697cb?s=96&d=mm&r=g","contentUrl":"https:\/\/secure.gravatar.com\/avatar\/ab3bd31bf66b0e143141b04dbe6aa5f58290e800756006b9aef442f9b1e697cb?s=96&d=mm&r=g","caption":"rss"},"url":"https:\/\/www.contem.es\/es\/author\/rss\/"}]}},"_links":{"self":[{"href":"https:\/\/www.contem.es\/es\/wp-json\/wp\/v2\/posts\/4495","targetHints":{"allow":["GET"]}}],"collection":[{"href":"https:\/\/www.contem.es\/es\/wp-json\/wp\/v2\/posts"}],"about":[{"href":"https:\/\/www.contem.es\/es\/wp-json\/wp\/v2\/types\/post"}],"author":[{"embeddable":true,"href":"https:\/\/www.contem.es\/es\/wp-json\/wp\/v2\/users\/7"}],"replies":[{"embeddable":true,"href":"https:\/\/www.contem.es\/es\/wp-json\/wp\/v2\/comments?post=4495"}],"version-history":[{"count":0,"href":"https:\/\/www.contem.es\/es\/wp-json\/wp\/v2\/posts\/4495\/revisions"}],"wp:featuredmedia":[{"embeddable":true,"href":"https:\/\/www.contem.es\/es\/wp-json\/wp\/v2\/media\/4496"}],"wp:attachment":[{"href":"https:\/\/www.contem.es\/es\/wp-json\/wp\/v2\/media?parent=4495"}],"wp:term":[{"taxonomy":"category","embeddable":true,"href":"https:\/\/www.contem.es\/es\/wp-json\/wp\/v2\/categories?post=4495"},{"taxonomy":"post_tag","embeddable":true,"href":"https:\/\/www.contem.es\/es\/wp-json\/wp\/v2\/tags?post=4495"}],"curies":[{"name":"wp","href":"https:\/\/api.w.org\/{rel}","templated":true}]}}