{"id":3991,"date":"2021-10-04T14:15:18","date_gmt":"2021-10-04T14:15:18","guid":{"rendered":"https:\/\/www.contem.es\/que-es-i-quins-son-els-paradisos-fiscals-actualment\/"},"modified":"2021-10-04T14:27:53","modified_gmt":"2021-10-04T14:27:53","slug":"que-es-i-quins-son-els-paradisos-fiscals-actualment","status":"publish","type":"post","link":"https:\/\/www.contem.es\/es\/que-es-i-quins-son-els-paradisos-fiscals-actualment\/","title":{"rendered":"Cu\u00e1les son los para\u00edsos fiscales actualmente?"},"content":{"rendered":"<div class=\"contenido\">\n<div>\n<p>Tendr\u00e1n la consideraci\u00f3n de para\u00edso fiscal\u00a0los pa\u00edses o territorios que se determinen reglamentariamente. En tanto no se determinen, tendr\u00e1n dicha consideraci\u00f3n los pa\u00edses o territorios previstos en el art\u00edculo 1 del Real Decreto 1080\/1991, de 5 de julio, por el que se determinan los pa\u00edses o territorios a que se refieren los art\u00edculos 2, apartado 3, n\u00famero 4, de la Ley 17\/1991, de 27 de mayo, de Medidas Fiscales Urgentes, y 62 de la Ley 31\/1990, de 27 de diciembre, de Presupuestos Generales del Estado para 1991 (Disposici\u00f3n Transitoria Segunda Ley 36\/2006).<\/p>\n<p>Desde 2 de febrero de 2003, fecha de entrada en vigor del Real Decreto 116\/2003, de 31 de enero, se incorpor\u00f3 al Real Decreto 1080\/1991 una disposici\u00f3n seg\u00fan la cual dejar\u00e1n de tener la consideraci\u00f3n de para\u00edso fiscal aquellos pa\u00edses o territorios que firmen con Espa\u00f1a un convenio para evitar la doble imposici\u00f3n internacional con cl\u00e1usula de intercambio de informaci\u00f3n o un acuerdo de intercambio de informaci\u00f3n en materia tributaria en el que expresamente se establezca que dejan de tener dicha consideraci\u00f3n, desde el momento en que estos convenios o acuerdos se apliquen.<\/p>\n<p>Los pa\u00edses o territorios a los que se refiere el p\u00e1rrafo anterior volver\u00e1n a tener la consideraci\u00f3n de para\u00edso fiscal a partir del momento en que tales convenios o acuerdos dejen de aplicarse<\/p>\n<p>En base a los p\u00e1rrafos anteriores han salido de la lista original los siguientes territorios: Principado de Andorra, Antillas Neerlandesas, Aruba, Rep\u00fablica de Chipre, Emiratos \u00c1rabes Unidos, Hong-Kong, Las Bahamas, Barbados, Jamaica, Rep\u00fablica de Malta, Rep\u00fablica de Trinidad y Tobago, Gran Ducado de Luxemburgo, Rep\u00fablica de Panam\u00e1, Rep\u00fablica de San Marino y Rep\u00fablica de Singapur.<\/p>\n<p>En consecuencia, la vigente lista de territorios, con las modificaciones derivadas y que se deriven de lo establecido en el Real Decreto 116\/2003, seguir\u00e1 siendo de aplicaci\u00f3n en tanto no se apruebe una nueva relaci\u00f3n.<\/p>\n<p>A partir de 1 de enero de 2015 la relaci\u00f3n de pa\u00edses y territorios que tienen la consideraci\u00f3n de para\u00edsos fiscales se podr\u00e1 actualizar atendiendo a los siguientes criterios:<\/p>\n<ol type=\"a\">\n<li>La existencia con dicho pa\u00eds o territorio de un convenio para evitar la doble imposici\u00f3n internacional con cl\u00e1usula de intercambio de informaci\u00f3n, un acuerdo de intercambio de informaci\u00f3n en materia tributaria o el Convenio de Asistencia Administrativa Mutua en Materia Fiscal de la\u00a0<abbr title=\"Organizaci\u00f3n para la Cooperaci\u00f3n y el Desarrollo Econ\u00f3mico\">OCDE<\/abbr>\u00a0y del Consejo de Europa enmendado por el Protocolo 2010, que resulte de aplicaci\u00f3n.<\/li>\n<li>Que no exista un efectivo intercambio de informaci\u00f3n tributaria.<\/li>\n<li>Los resultados de las evaluaciones inter pares realizadas por el Foro Global de Transparencia e Intercambio de Informaci\u00f3n con Fines Fiscales.<\/li>\n<\/ol>\n<p>En consecuencia, a partir de la entrada en vigor de esta modificaci\u00f3n la actualizaci\u00f3n de la lista no tendr\u00e1 car\u00e1cter autom\u00e1tico, sino que deber\u00e1 realizarse de manera expresa y, a esos efectos, se tendr\u00e1n en cuenta los antedichos criterios.<\/p>\n<p>(Disposici\u00f3n Adicional Primera Ley 36\/2006, de 29 de noviembre de 2006, de medidas para la prevenci\u00f3n del fraude fiscal).<\/p>\n<p><strong>Lista de pa\u00edses y territorios que tienen la consideraci\u00f3n de para\u00edsos fiscales con las modificaciones derivadas de lo establecido en el Real Decreto 116\/2003:<\/strong><\/p>\n<ol class=\"enColumna2\">\n<li><span id=\"(59)\">Principado de Andorra<\/span><\/li>\n<li><span id=\"(53)\"><span id=\"(60)\">Antillas Neerlandesas<\/span><\/span><\/li>\n<li><span id=\"(54)\">Aruba<\/span><\/li>\n<li>Emirato del Estado de Bahrein<\/li>\n<li>Sultanato de Brunei<\/li>\n<li><span id=\"(67)\">Rep\u00fablica de Chipre<\/span><\/li>\n<li><span id=\"(51)\">Emiratos \u00c1rabes Unidos<\/span><\/li>\n<li>Gibraltar<\/li>\n<li><span id=\"(66)\">Hong-Kong<\/span><\/li>\n<li>Anguilla<\/li>\n<li>Antigua y Barbuda<\/li>\n<li><span id=\"(64)\">Las Bahamas<\/span><\/li>\n<li><span id=\"(65)\">Barbados<\/span><\/li>\n<li>Bermuda<\/li>\n<li>Islas Caimanes<\/li>\n<li>Islas Cook<\/li>\n<li>Rep\u00fablica de Dominica<\/li>\n<li>Granada<\/li>\n<li>Fiji<\/li>\n<li>Islas de Guernesey y de Jersey (Islas del Canal)<\/li>\n<li><span id=\"(55)\"><span id=\"(56)\">Jamaica<\/span><\/span><\/li>\n<li><span id=\"(52)\">Rep\u00fablica de Malta<\/span><\/li>\n<li>Islas Malvinas<\/li>\n<li>Isla de Man<\/li>\n<li>Islas Marianas<\/li>\n<li>Mauricio<\/li>\n<li>Montserrat<\/li>\n<li>Rep\u00fablica de Naur\u00fa<\/li>\n<li>Islas Salom\u00f3n<\/li>\n<li>San Vicente y las Granadinas<\/li>\n<li>Santa Luc\u00eda<\/li>\n<li><span id=\"(58)\">Rep\u00fablica de Trinidad y Tobago<\/span><\/li>\n<li>Islas Turks y Caicos<\/li>\n<li>Rep\u00fablica de Vanuatu<\/li>\n<li>Islas V\u00edrgenes Brit\u00e1nicas<\/li>\n<li>Islas V\u00edrgenes de Estados Unidos de Am\u00e9rica<\/li>\n<li>Reino Hachemita de Jordania<\/li>\n<li>Rep\u00fablica Libanesa<\/li>\n<li>Rep\u00fablica de Liberia<\/li>\n<li>Principado de Liechtenstein<\/li>\n<li><span id=\"(57)\">Gran Ducado de Luxemburgo, por lo que respecta a las rentas percibidas por las Sociedades a que se refiere el p\u00e1rrafo 1 del Protocolo anexo al Convenio, para evitar la doble imposici\u00f3n, de 3 de junio de 1986<\/span><\/li>\n<li>Macao<\/li>\n<li>Principado de M\u00f3naco<\/li>\n<li><span id=\"(68)\">Sultanato de Om\u00e1n<\/span><\/li>\n<li><span id=\"(62)\">Rep\u00fablica de Panam\u00e1<\/span><\/li>\n<li><span id=\"(61)\">Rep\u00fablica de San Marino<\/span><\/li>\n<li>Rep\u00fablica de Seychelles<\/li>\n<li><span id=\"(63)\">Rep\u00fablica de Singapur<\/span><\/li>\n<\/ol>\n<div class=\"letrita\">\n<p id=\"(18)\">\n<\/div>\n<\/div>\n<\/div>\n","protected":false},"excerpt":{"rendered":"<p>Tendr&aacute;n la consideraci&oacute;n de para&iacute;so fiscal&nbsp;los pa&iacute;ses o territorios que se determinen reglamentariamente. En tanto no se determinen, tendr&aacute;n dicha consideraci&oacute;n los pa&iacute;ses o territorios previstos en el art&iacute;culo 1 del Real Decreto 1080\/1991, de 5 de julio, por el que se determinan los pa&iacute;ses o territorios a que se refieren los art&iacute;culos 2, apartado [&hellip;]<\/p>\n","protected":false},"author":3,"featured_media":3989,"comment_status":"closed","ping_status":"closed","sticky":false,"template":"","format":"standard","meta":{"footnotes":""},"categories":[68,69,70,71,72,73,77],"tags":[],"class_list":["post-3991","post","type-post","status-publish","format-standard","has-post-thumbnail","hentry","category-economico","category-emprendedores","category-entidades","category-filiales","category-fiscal-es","category-grandes-empresas","category-pymes-es"],"yoast_head":"<!-- This site is optimized with the Yoast SEO plugin v27.4 - https:\/\/yoast.com\/product\/yoast-seo-wordpress\/ -->\n<title>Cu\u00e1les son los para\u00edsos fiscales actualmente? | Contem Assessors<\/title>\n<meta name=\"robots\" content=\"index, follow, max-snippet:-1, max-image-preview:large, max-video-preview:-1\" \/>\n<link rel=\"canonical\" href=\"https:\/\/www.contem.es\/es\/que-es-i-quins-son-els-paradisos-fiscals-actualment\/\" \/>\n<meta property=\"og:locale\" content=\"es_ES\" \/>\n<meta property=\"og:type\" content=\"article\" \/>\n<meta property=\"og:title\" content=\"Cu\u00e1les son los para\u00edsos fiscales actualmente? | Contem Assessors\" \/>\n<meta property=\"og:description\" content=\"Tendr&aacute;n la consideraci&oacute;n de para&iacute;so fiscal&nbsp;los pa&iacute;ses o territorios que se determinen reglamentariamente. En tanto no se determinen, tendr&aacute;n dicha consideraci&oacute;n los pa&iacute;ses o territorios previstos en el art&iacute;culo 1 del Real Decreto 1080\/1991, de 5 de julio, por el que se determinan los pa&iacute;ses o territorios a que se refieren los art&iacute;culos 2, apartado [&hellip;]\" \/>\n<meta property=\"og:url\" content=\"https:\/\/www.contem.es\/es\/que-es-i-quins-son-els-paradisos-fiscals-actualment\/\" \/>\n<meta property=\"og:site_name\" content=\"Contem Assessors\" \/>\n<meta property=\"article:published_time\" content=\"2021-10-04T14:15:18+00:00\" \/>\n<meta property=\"article:modified_time\" content=\"2021-10-04T14:27:53+00:00\" \/>\n<meta property=\"og:image\" content=\"https:\/\/www.contem.es\/wp-content\/uploads\/2021\/10\/20211004-paraiso-fiscal-pexels-luis-quintero-1587097.jpg\" \/>\n\t<meta property=\"og:image:width\" content=\"1200\" \/>\n\t<meta property=\"og:image:height\" content=\"800\" \/>\n\t<meta property=\"og:image:type\" content=\"image\/jpeg\" \/>\n<meta name=\"author\" content=\"Santi G\u00fcell\" \/>\n<meta name=\"twitter:card\" content=\"summary_large_image\" \/>\n<meta name=\"twitter:creator\" content=\"@contemassessors\" \/>\n<meta name=\"twitter:site\" content=\"@contemassessors\" \/>\n<meta name=\"twitter:label1\" content=\"Escrito por\" \/>\n\t<meta name=\"twitter:data1\" content=\"Santi G\u00fcell\" \/>\n\t<meta name=\"twitter:label2\" content=\"Tiempo de lectura\" \/>\n\t<meta name=\"twitter:data2\" content=\"3 minutos\" \/>\n<script type=\"application\/ld+json\" class=\"yoast-schema-graph\">{\"@context\":\"https:\\\/\\\/schema.org\",\"@graph\":[{\"@type\":\"Article\",\"@id\":\"https:\\\/\\\/www.contem.es\\\/es\\\/que-es-i-quins-son-els-paradisos-fiscals-actualment\\\/#article\",\"isPartOf\":{\"@id\":\"https:\\\/\\\/www.contem.es\\\/es\\\/que-es-i-quins-son-els-paradisos-fiscals-actualment\\\/\"},\"author\":{\"name\":\"Santi G\u00fcell\",\"@id\":\"https:\\\/\\\/www.contem.es\\\/es\\\/#\\\/schema\\\/person\\\/049519b60046ced147c8fb44d70b0798\"},\"headline\":\"Cu\u00e1les son los para\u00edsos fiscales actualmente?\",\"datePublished\":\"2021-10-04T14:15:18+00:00\",\"dateModified\":\"2021-10-04T14:27:53+00:00\",\"mainEntityOfPage\":{\"@id\":\"https:\\\/\\\/www.contem.es\\\/es\\\/que-es-i-quins-son-els-paradisos-fiscals-actualment\\\/\"},\"wordCount\":734,\"publisher\":{\"@id\":\"https:\\\/\\\/www.contem.es\\\/es\\\/#organization\"},\"image\":{\"@id\":\"https:\\\/\\\/www.contem.es\\\/es\\\/que-es-i-quins-son-els-paradisos-fiscals-actualment\\\/#primaryimage\"},\"thumbnailUrl\":\"https:\\\/\\\/www.contem.es\\\/wp-content\\\/uploads\\\/2021\\\/10\\\/20211004-paraiso-fiscal-pexels-luis-quintero-1587097.jpg\",\"articleSection\":[\"Econ\u00f3mico\",\"Emprendedores\",\"Entidades\",\"Filiales\",\"Fiscal\",\"Grandes Empresas\",\"Pymes\"],\"inLanguage\":\"es\"},{\"@type\":\"WebPage\",\"@id\":\"https:\\\/\\\/www.contem.es\\\/es\\\/que-es-i-quins-son-els-paradisos-fiscals-actualment\\\/\",\"url\":\"https:\\\/\\\/www.contem.es\\\/es\\\/que-es-i-quins-son-els-paradisos-fiscals-actualment\\\/\",\"name\":\"Cu\u00e1les son los para\u00edsos fiscales actualmente? | Contem Assessors\",\"isPartOf\":{\"@id\":\"https:\\\/\\\/www.contem.es\\\/es\\\/#website\"},\"primaryImageOfPage\":{\"@id\":\"https:\\\/\\\/www.contem.es\\\/es\\\/que-es-i-quins-son-els-paradisos-fiscals-actualment\\\/#primaryimage\"},\"image\":{\"@id\":\"https:\\\/\\\/www.contem.es\\\/es\\\/que-es-i-quins-son-els-paradisos-fiscals-actualment\\\/#primaryimage\"},\"thumbnailUrl\":\"https:\\\/\\\/www.contem.es\\\/wp-content\\\/uploads\\\/2021\\\/10\\\/20211004-paraiso-fiscal-pexels-luis-quintero-1587097.jpg\",\"datePublished\":\"2021-10-04T14:15:18+00:00\",\"dateModified\":\"2021-10-04T14:27:53+00:00\",\"breadcrumb\":{\"@id\":\"https:\\\/\\\/www.contem.es\\\/es\\\/que-es-i-quins-son-els-paradisos-fiscals-actualment\\\/#breadcrumb\"},\"inLanguage\":\"es\",\"potentialAction\":[{\"@type\":\"ReadAction\",\"target\":[\"https:\\\/\\\/www.contem.es\\\/es\\\/que-es-i-quins-son-els-paradisos-fiscals-actualment\\\/\"]}]},{\"@type\":\"ImageObject\",\"inLanguage\":\"es\",\"@id\":\"https:\\\/\\\/www.contem.es\\\/es\\\/que-es-i-quins-son-els-paradisos-fiscals-actualment\\\/#primaryimage\",\"url\":\"https:\\\/\\\/www.contem.es\\\/wp-content\\\/uploads\\\/2021\\\/10\\\/20211004-paraiso-fiscal-pexels-luis-quintero-1587097.jpg\",\"contentUrl\":\"https:\\\/\\\/www.contem.es\\\/wp-content\\\/uploads\\\/2021\\\/10\\\/20211004-paraiso-fiscal-pexels-luis-quintero-1587097.jpg\",\"width\":1200,\"height\":800},{\"@type\":\"BreadcrumbList\",\"@id\":\"https:\\\/\\\/www.contem.es\\\/es\\\/que-es-i-quins-son-els-paradisos-fiscals-actualment\\\/#breadcrumb\",\"itemListElement\":[{\"@type\":\"ListItem\",\"position\":1,\"name\":\"Inici\",\"item\":\"https:\\\/\\\/www.contem.es\\\/es\\\/\"},{\"@type\":\"ListItem\",\"position\":2,\"name\":\"Cu\u00e1les son los para\u00edsos fiscales actualmente?\"}]},{\"@type\":\"WebSite\",\"@id\":\"https:\\\/\\\/www.contem.es\\\/es\\\/#website\",\"url\":\"https:\\\/\\\/www.contem.es\\\/es\\\/\",\"name\":\"Contem Assessors\",\"description\":\"Fiscal, comptable , laboral , jur\u00eddic , econ\u00f2mic i assegurances\",\"publisher\":{\"@id\":\"https:\\\/\\\/www.contem.es\\\/es\\\/#organization\"},\"potentialAction\":[{\"@type\":\"SearchAction\",\"target\":{\"@type\":\"EntryPoint\",\"urlTemplate\":\"https:\\\/\\\/www.contem.es\\\/es\\\/?s={search_term_string}\"},\"query-input\":{\"@type\":\"PropertyValueSpecification\",\"valueRequired\":true,\"valueName\":\"search_term_string\"}}],\"inLanguage\":\"es\"},{\"@type\":\"Organization\",\"@id\":\"https:\\\/\\\/www.contem.es\\\/es\\\/#organization\",\"name\":\"Contem Assessors\",\"url\":\"https:\\\/\\\/www.contem.es\\\/es\\\/\",\"logo\":{\"@type\":\"ImageObject\",\"inLanguage\":\"es\",\"@id\":\"https:\\\/\\\/www.contem.es\\\/es\\\/#\\\/schema\\\/logo\\\/image\\\/\",\"url\":\"https:\\\/\\\/www.contem.es\\\/wp-content\\\/uploads\\\/2016\\\/06\\\/touch-icon-contem.png\",\"contentUrl\":\"https:\\\/\\\/www.contem.es\\\/wp-content\\\/uploads\\\/2016\\\/06\\\/touch-icon-contem.png\",\"width\":120,\"height\":120,\"caption\":\"Contem Assessors\"},\"image\":{\"@id\":\"https:\\\/\\\/www.contem.es\\\/es\\\/#\\\/schema\\\/logo\\\/image\\\/\"},\"sameAs\":[\"https:\\\/\\\/x.com\\\/contemassessors\",\"https:\\\/\\\/www.linkedin.com\\\/company\\\/contem-assessors\"]},{\"@type\":\"Person\",\"@id\":\"https:\\\/\\\/www.contem.es\\\/es\\\/#\\\/schema\\\/person\\\/049519b60046ced147c8fb44d70b0798\",\"name\":\"Santi G\u00fcell\",\"image\":{\"@type\":\"ImageObject\",\"inLanguage\":\"es\",\"@id\":\"https:\\\/\\\/secure.gravatar.com\\\/avatar\\\/a26f6d5ffdf9ca95107d61955ad05331d3b29993698ff162d087540ea2a4d153?s=96&d=mm&r=g\",\"url\":\"https:\\\/\\\/secure.gravatar.com\\\/avatar\\\/a26f6d5ffdf9ca95107d61955ad05331d3b29993698ff162d087540ea2a4d153?s=96&d=mm&r=g\",\"contentUrl\":\"https:\\\/\\\/secure.gravatar.com\\\/avatar\\\/a26f6d5ffdf9ca95107d61955ad05331d3b29993698ff162d087540ea2a4d153?s=96&d=mm&r=g\",\"caption\":\"Santi G\u00fcell\"},\"url\":\"https:\\\/\\\/www.contem.es\\\/es\\\/author\\\/sguell\\\/\"}]}<\/script>\n<!-- \/ Yoast SEO plugin. -->","yoast_head_json":{"title":"Cu\u00e1les son los para\u00edsos fiscales actualmente? | Contem Assessors","robots":{"index":"index","follow":"follow","max-snippet":"max-snippet:-1","max-image-preview":"max-image-preview:large","max-video-preview":"max-video-preview:-1"},"canonical":"https:\/\/www.contem.es\/es\/que-es-i-quins-son-els-paradisos-fiscals-actualment\/","og_locale":"es_ES","og_type":"article","og_title":"Cu\u00e1les son los para\u00edsos fiscales actualmente? | Contem Assessors","og_description":"Tendr&aacute;n la consideraci&oacute;n de para&iacute;so fiscal&nbsp;los pa&iacute;ses o territorios que se determinen reglamentariamente. En tanto no se determinen, tendr&aacute;n dicha consideraci&oacute;n los pa&iacute;ses o territorios previstos en el art&iacute;culo 1 del Real Decreto 1080\/1991, de 5 de julio, por el que se determinan los pa&iacute;ses o territorios a que se refieren los art&iacute;culos 2, apartado [&hellip;]","og_url":"https:\/\/www.contem.es\/es\/que-es-i-quins-son-els-paradisos-fiscals-actualment\/","og_site_name":"Contem Assessors","article_published_time":"2021-10-04T14:15:18+00:00","article_modified_time":"2021-10-04T14:27:53+00:00","og_image":[{"width":1200,"height":800,"url":"https:\/\/www.contem.es\/wp-content\/uploads\/2021\/10\/20211004-paraiso-fiscal-pexels-luis-quintero-1587097.jpg","type":"image\/jpeg"}],"author":"Santi G\u00fcell","twitter_card":"summary_large_image","twitter_creator":"@contemassessors","twitter_site":"@contemassessors","twitter_misc":{"Escrito por":"Santi G\u00fcell","Tiempo de lectura":"3 minutos"},"schema":{"@context":"https:\/\/schema.org","@graph":[{"@type":"Article","@id":"https:\/\/www.contem.es\/es\/que-es-i-quins-son-els-paradisos-fiscals-actualment\/#article","isPartOf":{"@id":"https:\/\/www.contem.es\/es\/que-es-i-quins-son-els-paradisos-fiscals-actualment\/"},"author":{"name":"Santi G\u00fcell","@id":"https:\/\/www.contem.es\/es\/#\/schema\/person\/049519b60046ced147c8fb44d70b0798"},"headline":"Cu\u00e1les son los para\u00edsos fiscales actualmente?","datePublished":"2021-10-04T14:15:18+00:00","dateModified":"2021-10-04T14:27:53+00:00","mainEntityOfPage":{"@id":"https:\/\/www.contem.es\/es\/que-es-i-quins-son-els-paradisos-fiscals-actualment\/"},"wordCount":734,"publisher":{"@id":"https:\/\/www.contem.es\/es\/#organization"},"image":{"@id":"https:\/\/www.contem.es\/es\/que-es-i-quins-son-els-paradisos-fiscals-actualment\/#primaryimage"},"thumbnailUrl":"https:\/\/www.contem.es\/wp-content\/uploads\/2021\/10\/20211004-paraiso-fiscal-pexels-luis-quintero-1587097.jpg","articleSection":["Econ\u00f3mico","Emprendedores","Entidades","Filiales","Fiscal","Grandes Empresas","Pymes"],"inLanguage":"es"},{"@type":"WebPage","@id":"https:\/\/www.contem.es\/es\/que-es-i-quins-son-els-paradisos-fiscals-actualment\/","url":"https:\/\/www.contem.es\/es\/que-es-i-quins-son-els-paradisos-fiscals-actualment\/","name":"Cu\u00e1les son los para\u00edsos fiscales actualmente? | Contem Assessors","isPartOf":{"@id":"https:\/\/www.contem.es\/es\/#website"},"primaryImageOfPage":{"@id":"https:\/\/www.contem.es\/es\/que-es-i-quins-son-els-paradisos-fiscals-actualment\/#primaryimage"},"image":{"@id":"https:\/\/www.contem.es\/es\/que-es-i-quins-son-els-paradisos-fiscals-actualment\/#primaryimage"},"thumbnailUrl":"https:\/\/www.contem.es\/wp-content\/uploads\/2021\/10\/20211004-paraiso-fiscal-pexels-luis-quintero-1587097.jpg","datePublished":"2021-10-04T14:15:18+00:00","dateModified":"2021-10-04T14:27:53+00:00","breadcrumb":{"@id":"https:\/\/www.contem.es\/es\/que-es-i-quins-son-els-paradisos-fiscals-actualment\/#breadcrumb"},"inLanguage":"es","potentialAction":[{"@type":"ReadAction","target":["https:\/\/www.contem.es\/es\/que-es-i-quins-son-els-paradisos-fiscals-actualment\/"]}]},{"@type":"ImageObject","inLanguage":"es","@id":"https:\/\/www.contem.es\/es\/que-es-i-quins-son-els-paradisos-fiscals-actualment\/#primaryimage","url":"https:\/\/www.contem.es\/wp-content\/uploads\/2021\/10\/20211004-paraiso-fiscal-pexels-luis-quintero-1587097.jpg","contentUrl":"https:\/\/www.contem.es\/wp-content\/uploads\/2021\/10\/20211004-paraiso-fiscal-pexels-luis-quintero-1587097.jpg","width":1200,"height":800},{"@type":"BreadcrumbList","@id":"https:\/\/www.contem.es\/es\/que-es-i-quins-son-els-paradisos-fiscals-actualment\/#breadcrumb","itemListElement":[{"@type":"ListItem","position":1,"name":"Inici","item":"https:\/\/www.contem.es\/es\/"},{"@type":"ListItem","position":2,"name":"Cu\u00e1les son los para\u00edsos fiscales actualmente?"}]},{"@type":"WebSite","@id":"https:\/\/www.contem.es\/es\/#website","url":"https:\/\/www.contem.es\/es\/","name":"Contem Assessors","description":"Fiscal, comptable , laboral , jur\u00eddic , econ\u00f2mic i assegurances","publisher":{"@id":"https:\/\/www.contem.es\/es\/#organization"},"potentialAction":[{"@type":"SearchAction","target":{"@type":"EntryPoint","urlTemplate":"https:\/\/www.contem.es\/es\/?s={search_term_string}"},"query-input":{"@type":"PropertyValueSpecification","valueRequired":true,"valueName":"search_term_string"}}],"inLanguage":"es"},{"@type":"Organization","@id":"https:\/\/www.contem.es\/es\/#organization","name":"Contem Assessors","url":"https:\/\/www.contem.es\/es\/","logo":{"@type":"ImageObject","inLanguage":"es","@id":"https:\/\/www.contem.es\/es\/#\/schema\/logo\/image\/","url":"https:\/\/www.contem.es\/wp-content\/uploads\/2016\/06\/touch-icon-contem.png","contentUrl":"https:\/\/www.contem.es\/wp-content\/uploads\/2016\/06\/touch-icon-contem.png","width":120,"height":120,"caption":"Contem Assessors"},"image":{"@id":"https:\/\/www.contem.es\/es\/#\/schema\/logo\/image\/"},"sameAs":["https:\/\/x.com\/contemassessors","https:\/\/www.linkedin.com\/company\/contem-assessors"]},{"@type":"Person","@id":"https:\/\/www.contem.es\/es\/#\/schema\/person\/049519b60046ced147c8fb44d70b0798","name":"Santi G\u00fcell","image":{"@type":"ImageObject","inLanguage":"es","@id":"https:\/\/secure.gravatar.com\/avatar\/a26f6d5ffdf9ca95107d61955ad05331d3b29993698ff162d087540ea2a4d153?s=96&d=mm&r=g","url":"https:\/\/secure.gravatar.com\/avatar\/a26f6d5ffdf9ca95107d61955ad05331d3b29993698ff162d087540ea2a4d153?s=96&d=mm&r=g","contentUrl":"https:\/\/secure.gravatar.com\/avatar\/a26f6d5ffdf9ca95107d61955ad05331d3b29993698ff162d087540ea2a4d153?s=96&d=mm&r=g","caption":"Santi G\u00fcell"},"url":"https:\/\/www.contem.es\/es\/author\/sguell\/"}]}},"_links":{"self":[{"href":"https:\/\/www.contem.es\/es\/wp-json\/wp\/v2\/posts\/3991","targetHints":{"allow":["GET"]}}],"collection":[{"href":"https:\/\/www.contem.es\/es\/wp-json\/wp\/v2\/posts"}],"about":[{"href":"https:\/\/www.contem.es\/es\/wp-json\/wp\/v2\/types\/post"}],"author":[{"embeddable":true,"href":"https:\/\/www.contem.es\/es\/wp-json\/wp\/v2\/users\/3"}],"replies":[{"embeddable":true,"href":"https:\/\/www.contem.es\/es\/wp-json\/wp\/v2\/comments?post=3991"}],"version-history":[{"count":2,"href":"https:\/\/www.contem.es\/es\/wp-json\/wp\/v2\/posts\/3991\/revisions"}],"predecessor-version":[{"id":3993,"href":"https:\/\/www.contem.es\/es\/wp-json\/wp\/v2\/posts\/3991\/revisions\/3993"}],"wp:featuredmedia":[{"embeddable":true,"href":"https:\/\/www.contem.es\/es\/wp-json\/wp\/v2\/media\/3989"}],"wp:attachment":[{"href":"https:\/\/www.contem.es\/es\/wp-json\/wp\/v2\/media?parent=3991"}],"wp:term":[{"taxonomy":"category","embeddable":true,"href":"https:\/\/www.contem.es\/es\/wp-json\/wp\/v2\/categories?post=3991"},{"taxonomy":"post_tag","embeddable":true,"href":"https:\/\/www.contem.es\/es\/wp-json\/wp\/v2\/tags?post=3991"}],"curies":[{"name":"wp","href":"https:\/\/api.w.org\/{rel}","templated":true}]}}