{"id":3881,"date":"2017-11-03T14:53:21","date_gmt":"2017-11-03T14:53:21","guid":{"rendered":"https:\/\/www.contem.es\/?p=3881"},"modified":"2021-03-31T15:15:40","modified_gmt":"2021-03-31T15:15:40","slug":"declaracion-operaciones-vinculadas-regimen-sancionador-en-caso-de-incumplimiento","status":"publish","type":"post","link":"https:\/\/www.contem.es\/es\/declaracion-operaciones-vinculadas-regimen-sancionador-en-caso-de-incumplimiento\/","title":{"rendered":"Declaraci\u00f3n Operaciones Vinculadas: R\u00e9gimen sancionador en caso de incumplimiento."},"content":{"rendered":"<p>La infracci\u00f3n por la no presentaci\u00f3n en plazo de una declaraci\u00f3n sin que se produzca perjuicio econ\u00f3mico comportar\u00e1 una sanci\u00f3n consistente en una multa pecuniaria fija de 20 euros pro cada dato o conjunto de datos referidos a una misma persona o entidad que se haya dejado incluir en la declaraci\u00f3n con un m\u00ednimo de 300 euros y un m\u00e1ximo de 20.000 euros.<\/p>\n<p>Estos importes se reducir\u00e1n a la mitad en el caso de declaraciones presentadas fuera de plazo sin requerimiento previo de la Administraci\u00f3n.<\/p>\n<p>En cambio, en el supuesto de que se presente el modelo 232 de forma incorrecta o incompleta, la infracci\u00f3n ser\u00e1 la correspondiente a la presentaci\u00f3n incorrecta de autoliquidaciones o declaraciones sin que se produzca perjuicio econ\u00f3mico, el que puede comportar una multa pecuniaria proporcional del 0,5%, 1%, 1,5% o 2% del importe de las operaciones no declaradas o declaradas incorrectamente, si representan un porcentaje superior al 10%, 25%, 50% o 75%, respectivamente, de las operaciones que se deber\u00edan de haber declarado. En caso de que el porcentaje sea inferior al 10%, se impondr\u00e1 una multa pecuniaria fija de 500 euros. Estas multas se incrementan en un 100% en caso de comisi\u00f3n repetida de la infracci\u00f3n.<\/p>\n<p>Si desea m\u00e1s informaci\u00f3n sobre esta declaraci\u00f3n puede consultar nuestra <a href=\"http:\/\/www.contem.es\/declaracio-informativa-doperacions-vinculades\/\">entrada anterior sobre declaraci\u00f3n relativa a las operaciones vinculadas<\/a> o contactar con <a href=\"http:\/\/www.contem.es\/contacte\/\">Contem assessors<\/a>.<\/p>\n","protected":false},"excerpt":{"rendered":"<p>La infracci&oacute;n por la no presentaci&oacute;n en plazo de una declaraci&oacute;n sin que se produzca perjuicio econ&oacute;mico comportar&aacute; una sanci&oacute;n consistente en una multa pecuniaria fija de 20 euros pro cada dato o conjunto de datos referidos a una misma persona o entidad que se haya dejado incluir en la declaraci&oacute;n con un m&iacute;nimo de [&hellip;]<\/p>\n","protected":false},"author":4,"featured_media":2568,"comment_status":"closed","ping_status":"closed","sticky":false,"template":"","format":"standard","meta":{"footnotes":""},"categories":[70,71,72,73,77],"tags":[],"class_list":["post-3881","post","type-post","status-publish","format-standard","has-post-thumbnail","hentry","category-entidades","category-filiales","category-fiscal-es","category-grandes-empresas","category-pymes-es"],"yoast_head":"<!-- This site is optimized with the Yoast SEO plugin v27.4 - https:\/\/yoast.com\/product\/yoast-seo-wordpress\/ -->\n<title>Declaraci\u00f3n Operaciones Vinculadas: R\u00e9gimen sancionador en caso de incumplimiento. | Contem Assessors<\/title>\n<meta name=\"robots\" content=\"index, follow, max-snippet:-1, max-image-preview:large, max-video-preview:-1\" \/>\n<link rel=\"canonical\" href=\"https:\/\/www.contem.es\/es\/declaracion-operaciones-vinculadas-regimen-sancionador-en-caso-de-incumplimiento\/\" \/>\n<meta property=\"og:locale\" content=\"es_ES\" \/>\n<meta property=\"og:type\" content=\"article\" \/>\n<meta property=\"og:title\" content=\"Declaraci\u00f3n Operaciones Vinculadas: R\u00e9gimen sancionador en caso de incumplimiento. | Contem Assessors\" \/>\n<meta property=\"og:description\" content=\"La infracci&oacute;n por la no presentaci&oacute;n en plazo de una declaraci&oacute;n sin que se produzca perjuicio econ&oacute;mico comportar&aacute; una sanci&oacute;n consistente en una multa pecuniaria fija de 20 euros pro cada dato o conjunto de datos referidos a una misma persona o entidad que se haya dejado incluir en la declaraci&oacute;n con un m&iacute;nimo de [&hellip;]\" \/>\n<meta property=\"og:url\" content=\"https:\/\/www.contem.es\/es\/declaracion-operaciones-vinculadas-regimen-sancionador-en-caso-de-incumplimiento\/\" \/>\n<meta property=\"og:site_name\" content=\"Contem Assessors\" \/>\n<meta property=\"article:published_time\" content=\"2017-11-03T14:53:21+00:00\" \/>\n<meta property=\"article:modified_time\" content=\"2021-03-31T15:15:40+00:00\" \/>\n<meta property=\"og:image\" content=\"https:\/\/www.contem.es\/wp-content\/uploads\/2018\/10\/operacions-vinculades-escacs-tractada.png\" \/>\n\t<meta property=\"og:image:width\" content=\"750\" \/>\n\t<meta property=\"og:image:height\" content=\"491\" \/>\n\t<meta property=\"og:image:type\" content=\"image\/png\" \/>\n<meta name=\"author\" content=\"Myriam Lopez\" \/>\n<meta name=\"twitter:card\" content=\"summary_large_image\" \/>\n<meta name=\"twitter:creator\" content=\"@contemassessors\" \/>\n<meta name=\"twitter:site\" content=\"@contemassessors\" \/>\n<meta name=\"twitter:label1\" content=\"Escrito por\" \/>\n\t<meta name=\"twitter:data1\" content=\"Myriam Lopez\" \/>\n\t<meta name=\"twitter:label2\" content=\"Tiempo de lectura\" \/>\n\t<meta name=\"twitter:data2\" content=\"1 minuto\" \/>\n<script type=\"application\/ld+json\" class=\"yoast-schema-graph\">{\"@context\":\"https:\\\/\\\/schema.org\",\"@graph\":[{\"@type\":\"Article\",\"@id\":\"https:\\\/\\\/www.contem.es\\\/es\\\/declaracion-operaciones-vinculadas-regimen-sancionador-en-caso-de-incumplimiento\\\/#article\",\"isPartOf\":{\"@id\":\"https:\\\/\\\/www.contem.es\\\/es\\\/declaracion-operaciones-vinculadas-regimen-sancionador-en-caso-de-incumplimiento\\\/\"},\"author\":{\"name\":\"Myriam Lopez\",\"@id\":\"https:\\\/\\\/www.contem.es\\\/es\\\/#\\\/schema\\\/person\\\/0269b436caa955169936ae514023ff7a\"},\"headline\":\"Declaraci\u00f3n Operaciones Vinculadas: R\u00e9gimen sancionador en caso de incumplimiento.\",\"datePublished\":\"2017-11-03T14:53:21+00:00\",\"dateModified\":\"2021-03-31T15:15:40+00:00\",\"mainEntityOfPage\":{\"@id\":\"https:\\\/\\\/www.contem.es\\\/es\\\/declaracion-operaciones-vinculadas-regimen-sancionador-en-caso-de-incumplimiento\\\/\"},\"wordCount\":240,\"publisher\":{\"@id\":\"https:\\\/\\\/www.contem.es\\\/es\\\/#organization\"},\"image\":{\"@id\":\"https:\\\/\\\/www.contem.es\\\/es\\\/declaracion-operaciones-vinculadas-regimen-sancionador-en-caso-de-incumplimiento\\\/#primaryimage\"},\"thumbnailUrl\":\"https:\\\/\\\/www.contem.es\\\/wp-content\\\/uploads\\\/2018\\\/10\\\/operacions-vinculades-escacs-tractada.png\",\"articleSection\":[\"Entidades\",\"Filiales\",\"Fiscal\",\"Grandes Empresas\",\"Pymes\"],\"inLanguage\":\"es\"},{\"@type\":\"WebPage\",\"@id\":\"https:\\\/\\\/www.contem.es\\\/es\\\/declaracion-operaciones-vinculadas-regimen-sancionador-en-caso-de-incumplimiento\\\/\",\"url\":\"https:\\\/\\\/www.contem.es\\\/es\\\/declaracion-operaciones-vinculadas-regimen-sancionador-en-caso-de-incumplimiento\\\/\",\"name\":\"Declaraci\u00f3n Operaciones Vinculadas: R\u00e9gimen sancionador en caso de incumplimiento. | Contem Assessors\",\"isPartOf\":{\"@id\":\"https:\\\/\\\/www.contem.es\\\/es\\\/#website\"},\"primaryImageOfPage\":{\"@id\":\"https:\\\/\\\/www.contem.es\\\/es\\\/declaracion-operaciones-vinculadas-regimen-sancionador-en-caso-de-incumplimiento\\\/#primaryimage\"},\"image\":{\"@id\":\"https:\\\/\\\/www.contem.es\\\/es\\\/declaracion-operaciones-vinculadas-regimen-sancionador-en-caso-de-incumplimiento\\\/#primaryimage\"},\"thumbnailUrl\":\"https:\\\/\\\/www.contem.es\\\/wp-content\\\/uploads\\\/2018\\\/10\\\/operacions-vinculades-escacs-tractada.png\",\"datePublished\":\"2017-11-03T14:53:21+00:00\",\"dateModified\":\"2021-03-31T15:15:40+00:00\",\"breadcrumb\":{\"@id\":\"https:\\\/\\\/www.contem.es\\\/es\\\/declaracion-operaciones-vinculadas-regimen-sancionador-en-caso-de-incumplimiento\\\/#breadcrumb\"},\"inLanguage\":\"es\",\"potentialAction\":[{\"@type\":\"ReadAction\",\"target\":[\"https:\\\/\\\/www.contem.es\\\/es\\\/declaracion-operaciones-vinculadas-regimen-sancionador-en-caso-de-incumplimiento\\\/\"]}]},{\"@type\":\"ImageObject\",\"inLanguage\":\"es\",\"@id\":\"https:\\\/\\\/www.contem.es\\\/es\\\/declaracion-operaciones-vinculadas-regimen-sancionador-en-caso-de-incumplimiento\\\/#primaryimage\",\"url\":\"https:\\\/\\\/www.contem.es\\\/wp-content\\\/uploads\\\/2018\\\/10\\\/operacions-vinculades-escacs-tractada.png\",\"contentUrl\":\"https:\\\/\\\/www.contem.es\\\/wp-content\\\/uploads\\\/2018\\\/10\\\/operacions-vinculades-escacs-tractada.png\",\"width\":750,\"height\":491},{\"@type\":\"BreadcrumbList\",\"@id\":\"https:\\\/\\\/www.contem.es\\\/es\\\/declaracion-operaciones-vinculadas-regimen-sancionador-en-caso-de-incumplimiento\\\/#breadcrumb\",\"itemListElement\":[{\"@type\":\"ListItem\",\"position\":1,\"name\":\"Inici\",\"item\":\"https:\\\/\\\/www.contem.es\\\/es\\\/\"},{\"@type\":\"ListItem\",\"position\":2,\"name\":\"Declaraci\u00f3n Operaciones Vinculadas: R\u00e9gimen sancionador en caso de incumplimiento.\"}]},{\"@type\":\"WebSite\",\"@id\":\"https:\\\/\\\/www.contem.es\\\/es\\\/#website\",\"url\":\"https:\\\/\\\/www.contem.es\\\/es\\\/\",\"name\":\"Contem Assessors\",\"description\":\"Fiscal, comptable , laboral , jur\u00eddic , econ\u00f2mic i assegurances\",\"publisher\":{\"@id\":\"https:\\\/\\\/www.contem.es\\\/es\\\/#organization\"},\"potentialAction\":[{\"@type\":\"SearchAction\",\"target\":{\"@type\":\"EntryPoint\",\"urlTemplate\":\"https:\\\/\\\/www.contem.es\\\/es\\\/?s={search_term_string}\"},\"query-input\":{\"@type\":\"PropertyValueSpecification\",\"valueRequired\":true,\"valueName\":\"search_term_string\"}}],\"inLanguage\":\"es\"},{\"@type\":\"Organization\",\"@id\":\"https:\\\/\\\/www.contem.es\\\/es\\\/#organization\",\"name\":\"Contem Assessors\",\"url\":\"https:\\\/\\\/www.contem.es\\\/es\\\/\",\"logo\":{\"@type\":\"ImageObject\",\"inLanguage\":\"es\",\"@id\":\"https:\\\/\\\/www.contem.es\\\/es\\\/#\\\/schema\\\/logo\\\/image\\\/\",\"url\":\"https:\\\/\\\/www.contem.es\\\/wp-content\\\/uploads\\\/2016\\\/06\\\/touch-icon-contem.png\",\"contentUrl\":\"https:\\\/\\\/www.contem.es\\\/wp-content\\\/uploads\\\/2016\\\/06\\\/touch-icon-contem.png\",\"width\":120,\"height\":120,\"caption\":\"Contem Assessors\"},\"image\":{\"@id\":\"https:\\\/\\\/www.contem.es\\\/es\\\/#\\\/schema\\\/logo\\\/image\\\/\"},\"sameAs\":[\"https:\\\/\\\/x.com\\\/contemassessors\",\"https:\\\/\\\/www.linkedin.com\\\/company\\\/contem-assessors\"]},{\"@type\":\"Person\",\"@id\":\"https:\\\/\\\/www.contem.es\\\/es\\\/#\\\/schema\\\/person\\\/0269b436caa955169936ae514023ff7a\",\"name\":\"Myriam Lopez\",\"image\":{\"@type\":\"ImageObject\",\"inLanguage\":\"es\",\"@id\":\"https:\\\/\\\/secure.gravatar.com\\\/avatar\\\/180afd5c1af5874fb33cc0bf074fcfc42cba7cb1d0e093f6ee9bb8ad541a2a48?s=96&d=mm&r=g\",\"url\":\"https:\\\/\\\/secure.gravatar.com\\\/avatar\\\/180afd5c1af5874fb33cc0bf074fcfc42cba7cb1d0e093f6ee9bb8ad541a2a48?s=96&d=mm&r=g\",\"contentUrl\":\"https:\\\/\\\/secure.gravatar.com\\\/avatar\\\/180afd5c1af5874fb33cc0bf074fcfc42cba7cb1d0e093f6ee9bb8ad541a2a48?s=96&d=mm&r=g\",\"caption\":\"Myriam Lopez\"},\"url\":\"https:\\\/\\\/www.contem.es\\\/es\\\/author\\\/myriam\\\/\"}]}<\/script>\n<!-- \/ Yoast SEO plugin. -->","yoast_head_json":{"title":"Declaraci\u00f3n Operaciones Vinculadas: R\u00e9gimen sancionador en caso de incumplimiento. | Contem Assessors","robots":{"index":"index","follow":"follow","max-snippet":"max-snippet:-1","max-image-preview":"max-image-preview:large","max-video-preview":"max-video-preview:-1"},"canonical":"https:\/\/www.contem.es\/es\/declaracion-operaciones-vinculadas-regimen-sancionador-en-caso-de-incumplimiento\/","og_locale":"es_ES","og_type":"article","og_title":"Declaraci\u00f3n Operaciones Vinculadas: R\u00e9gimen sancionador en caso de incumplimiento. | Contem Assessors","og_description":"La infracci&oacute;n por la no presentaci&oacute;n en plazo de una declaraci&oacute;n sin que se produzca perjuicio econ&oacute;mico comportar&aacute; una sanci&oacute;n consistente en una multa pecuniaria fija de 20 euros pro cada dato o conjunto de datos referidos a una misma persona o entidad que se haya dejado incluir en la declaraci&oacute;n con un m&iacute;nimo de [&hellip;]","og_url":"https:\/\/www.contem.es\/es\/declaracion-operaciones-vinculadas-regimen-sancionador-en-caso-de-incumplimiento\/","og_site_name":"Contem Assessors","article_published_time":"2017-11-03T14:53:21+00:00","article_modified_time":"2021-03-31T15:15:40+00:00","og_image":[{"width":750,"height":491,"url":"https:\/\/www.contem.es\/wp-content\/uploads\/2018\/10\/operacions-vinculades-escacs-tractada.png","type":"image\/png"}],"author":"Myriam Lopez","twitter_card":"summary_large_image","twitter_creator":"@contemassessors","twitter_site":"@contemassessors","twitter_misc":{"Escrito por":"Myriam Lopez","Tiempo de lectura":"1 minuto"},"schema":{"@context":"https:\/\/schema.org","@graph":[{"@type":"Article","@id":"https:\/\/www.contem.es\/es\/declaracion-operaciones-vinculadas-regimen-sancionador-en-caso-de-incumplimiento\/#article","isPartOf":{"@id":"https:\/\/www.contem.es\/es\/declaracion-operaciones-vinculadas-regimen-sancionador-en-caso-de-incumplimiento\/"},"author":{"name":"Myriam Lopez","@id":"https:\/\/www.contem.es\/es\/#\/schema\/person\/0269b436caa955169936ae514023ff7a"},"headline":"Declaraci\u00f3n Operaciones Vinculadas: R\u00e9gimen sancionador en caso de incumplimiento.","datePublished":"2017-11-03T14:53:21+00:00","dateModified":"2021-03-31T15:15:40+00:00","mainEntityOfPage":{"@id":"https:\/\/www.contem.es\/es\/declaracion-operaciones-vinculadas-regimen-sancionador-en-caso-de-incumplimiento\/"},"wordCount":240,"publisher":{"@id":"https:\/\/www.contem.es\/es\/#organization"},"image":{"@id":"https:\/\/www.contem.es\/es\/declaracion-operaciones-vinculadas-regimen-sancionador-en-caso-de-incumplimiento\/#primaryimage"},"thumbnailUrl":"https:\/\/www.contem.es\/wp-content\/uploads\/2018\/10\/operacions-vinculades-escacs-tractada.png","articleSection":["Entidades","Filiales","Fiscal","Grandes Empresas","Pymes"],"inLanguage":"es"},{"@type":"WebPage","@id":"https:\/\/www.contem.es\/es\/declaracion-operaciones-vinculadas-regimen-sancionador-en-caso-de-incumplimiento\/","url":"https:\/\/www.contem.es\/es\/declaracion-operaciones-vinculadas-regimen-sancionador-en-caso-de-incumplimiento\/","name":"Declaraci\u00f3n Operaciones Vinculadas: R\u00e9gimen sancionador en caso de incumplimiento. | Contem Assessors","isPartOf":{"@id":"https:\/\/www.contem.es\/es\/#website"},"primaryImageOfPage":{"@id":"https:\/\/www.contem.es\/es\/declaracion-operaciones-vinculadas-regimen-sancionador-en-caso-de-incumplimiento\/#primaryimage"},"image":{"@id":"https:\/\/www.contem.es\/es\/declaracion-operaciones-vinculadas-regimen-sancionador-en-caso-de-incumplimiento\/#primaryimage"},"thumbnailUrl":"https:\/\/www.contem.es\/wp-content\/uploads\/2018\/10\/operacions-vinculades-escacs-tractada.png","datePublished":"2017-11-03T14:53:21+00:00","dateModified":"2021-03-31T15:15:40+00:00","breadcrumb":{"@id":"https:\/\/www.contem.es\/es\/declaracion-operaciones-vinculadas-regimen-sancionador-en-caso-de-incumplimiento\/#breadcrumb"},"inLanguage":"es","potentialAction":[{"@type":"ReadAction","target":["https:\/\/www.contem.es\/es\/declaracion-operaciones-vinculadas-regimen-sancionador-en-caso-de-incumplimiento\/"]}]},{"@type":"ImageObject","inLanguage":"es","@id":"https:\/\/www.contem.es\/es\/declaracion-operaciones-vinculadas-regimen-sancionador-en-caso-de-incumplimiento\/#primaryimage","url":"https:\/\/www.contem.es\/wp-content\/uploads\/2018\/10\/operacions-vinculades-escacs-tractada.png","contentUrl":"https:\/\/www.contem.es\/wp-content\/uploads\/2018\/10\/operacions-vinculades-escacs-tractada.png","width":750,"height":491},{"@type":"BreadcrumbList","@id":"https:\/\/www.contem.es\/es\/declaracion-operaciones-vinculadas-regimen-sancionador-en-caso-de-incumplimiento\/#breadcrumb","itemListElement":[{"@type":"ListItem","position":1,"name":"Inici","item":"https:\/\/www.contem.es\/es\/"},{"@type":"ListItem","position":2,"name":"Declaraci\u00f3n Operaciones Vinculadas: R\u00e9gimen sancionador en caso de incumplimiento."}]},{"@type":"WebSite","@id":"https:\/\/www.contem.es\/es\/#website","url":"https:\/\/www.contem.es\/es\/","name":"Contem Assessors","description":"Fiscal, comptable , laboral , jur\u00eddic , econ\u00f2mic i assegurances","publisher":{"@id":"https:\/\/www.contem.es\/es\/#organization"},"potentialAction":[{"@type":"SearchAction","target":{"@type":"EntryPoint","urlTemplate":"https:\/\/www.contem.es\/es\/?s={search_term_string}"},"query-input":{"@type":"PropertyValueSpecification","valueRequired":true,"valueName":"search_term_string"}}],"inLanguage":"es"},{"@type":"Organization","@id":"https:\/\/www.contem.es\/es\/#organization","name":"Contem Assessors","url":"https:\/\/www.contem.es\/es\/","logo":{"@type":"ImageObject","inLanguage":"es","@id":"https:\/\/www.contem.es\/es\/#\/schema\/logo\/image\/","url":"https:\/\/www.contem.es\/wp-content\/uploads\/2016\/06\/touch-icon-contem.png","contentUrl":"https:\/\/www.contem.es\/wp-content\/uploads\/2016\/06\/touch-icon-contem.png","width":120,"height":120,"caption":"Contem Assessors"},"image":{"@id":"https:\/\/www.contem.es\/es\/#\/schema\/logo\/image\/"},"sameAs":["https:\/\/x.com\/contemassessors","https:\/\/www.linkedin.com\/company\/contem-assessors"]},{"@type":"Person","@id":"https:\/\/www.contem.es\/es\/#\/schema\/person\/0269b436caa955169936ae514023ff7a","name":"Myriam Lopez","image":{"@type":"ImageObject","inLanguage":"es","@id":"https:\/\/secure.gravatar.com\/avatar\/180afd5c1af5874fb33cc0bf074fcfc42cba7cb1d0e093f6ee9bb8ad541a2a48?s=96&d=mm&r=g","url":"https:\/\/secure.gravatar.com\/avatar\/180afd5c1af5874fb33cc0bf074fcfc42cba7cb1d0e093f6ee9bb8ad541a2a48?s=96&d=mm&r=g","contentUrl":"https:\/\/secure.gravatar.com\/avatar\/180afd5c1af5874fb33cc0bf074fcfc42cba7cb1d0e093f6ee9bb8ad541a2a48?s=96&d=mm&r=g","caption":"Myriam Lopez"},"url":"https:\/\/www.contem.es\/es\/author\/myriam\/"}]}},"_links":{"self":[{"href":"https:\/\/www.contem.es\/es\/wp-json\/wp\/v2\/posts\/3881","targetHints":{"allow":["GET"]}}],"collection":[{"href":"https:\/\/www.contem.es\/es\/wp-json\/wp\/v2\/posts"}],"about":[{"href":"https:\/\/www.contem.es\/es\/wp-json\/wp\/v2\/types\/post"}],"author":[{"embeddable":true,"href":"https:\/\/www.contem.es\/es\/wp-json\/wp\/v2\/users\/4"}],"replies":[{"embeddable":true,"href":"https:\/\/www.contem.es\/es\/wp-json\/wp\/v2\/comments?post=3881"}],"version-history":[{"count":1,"href":"https:\/\/www.contem.es\/es\/wp-json\/wp\/v2\/posts\/3881\/revisions"}],"predecessor-version":[{"id":3882,"href":"https:\/\/www.contem.es\/es\/wp-json\/wp\/v2\/posts\/3881\/revisions\/3882"}],"wp:featuredmedia":[{"embeddable":true,"href":"https:\/\/www.contem.es\/es\/wp-json\/wp\/v2\/media\/2568"}],"wp:attachment":[{"href":"https:\/\/www.contem.es\/es\/wp-json\/wp\/v2\/media?parent=3881"}],"wp:term":[{"taxonomy":"category","embeddable":true,"href":"https:\/\/www.contem.es\/es\/wp-json\/wp\/v2\/categories?post=3881"},{"taxonomy":"post_tag","embeddable":true,"href":"https:\/\/www.contem.es\/es\/wp-json\/wp\/v2\/tags?post=3881"}],"curies":[{"name":"wp","href":"https:\/\/api.w.org\/{rel}","templated":true}]}}