{"id":3777,"date":"2021-11-01T00:00:34","date_gmt":"2021-11-01T00:00:34","guid":{"rendered":"https:\/\/www.contem.es\/?p=3777"},"modified":"2022-01-03T12:47:40","modified_gmt":"2022-01-03T12:47:40","slug":"calendario-obligaciones-empresa-autonomos-y-entidades-noviembre-2","status":"publish","type":"post","link":"https:\/\/www.contem.es\/es\/calendario-obligaciones-empresa-autonomos-y-entidades-noviembre-2\/","title":{"rendered":"Calendario obligaciones empresa, aut\u00f3nomos y entidades: Noviembre"},"content":{"rendered":"<p>El mes de noviembre tiene plazos significativos que se han se cumplir a nivel <a href=\"https:\/\/www.contem.es\/serveis\/fiscal\/\">fiscal<\/a>, <a href=\"https:\/\/www.contem.es\/serveis\/comptable\/\">contable<\/a>,<a href=\"https:\/\/www.contem.es\/serveis\/laboral\/\"> laboral<\/a>, <a href=\"https:\/\/www.contem.es\/serveis\/economic\/\">econ\u00f3mico<\/a> y <a href=\"https:\/\/www.contem.es\/serveis\/juridic\/\">jur\u00eddico<\/a>, tanto para el <a href=\"https:\/\/www.contem.es\/solucions\/autonoms\/\">aut\u00f3nomo<\/a> o <a href=\"https:\/\/www.contem.es\/solucions\/emprenedors\/\">emprendedor<\/a>, <a href=\"https:\/\/www.contem.es\/solucions\/pymes\/\">pyme<\/a>, <a href=\"https:\/\/www.contem.es\/solucions\/grans-empreses\/\">gran empresa<\/a> o <a href=\"https:\/\/www.contem.es\/solucions\/filials\/\">filial<\/a> as\u00ed como para las <a href=\"https:\/\/www.contem.es\/solucions\/entitats\/\">entidades <\/a>sin \u00e1nimo de lucro como por ejemplo las fundaciones y asociaciones:<\/p>\n<p>&nbsp;<\/p>\n<table width=\"168\">\n<tbody>\n<tr>\n<td class=\"xl164\" width=\"24\" height=\"20\">\n<h3>Lu<\/h3>\n<\/td>\n<td class=\"xl164\" width=\"24\">\n<h3>Ma<\/h3>\n<\/td>\n<td class=\"xl164\" width=\"24\">\n<h3>Mi<\/h3>\n<\/td>\n<td class=\"xl164\" width=\"24\">\n<h3>Ju<\/h3>\n<\/td>\n<td class=\"xl164\" width=\"24\">\n<h3>Vi<\/h3>\n<\/td>\n<td class=\"xl164\" width=\"24\">\n<h3>Sa<\/h3>\n<\/td>\n<td class=\"xl164\" width=\"24\">\n<h3>Dg<\/h3>\n<\/td>\n<\/tr>\n<tr>\n<td class=\"xl166\" width=\"24\" height=\"20\">1<\/td>\n<td class=\"xl166\" width=\"24\">\n<h3>2<\/h3>\n<\/td>\n<td class=\"xl166\" width=\"24\">3<\/td>\n<td class=\"xl166\" width=\"24\">4<\/td>\n<td class=\"xl166\" width=\"24\">\n<h3>5<\/h3>\n<\/td>\n<td class=\"xl166\" width=\"24\">6<\/td>\n<td class=\"xl166\" width=\"24\">7<\/td>\n<\/tr>\n<tr>\n<td class=\"xl166\" width=\"24\" height=\"20\">8<\/td>\n<td class=\"xl166\" width=\"24\">9<\/td>\n<td class=\"xl166\" width=\"24\">10<\/td>\n<td class=\"xl166\" width=\"24\">11<\/td>\n<td class=\"xl166\" width=\"24\">\n<h3>12<\/h3>\n<\/td>\n<td class=\"xl166\" width=\"24\">13<\/td>\n<td class=\"xl166\" width=\"24\">14<\/td>\n<\/tr>\n<tr>\n<td class=\"xl166\" width=\"24\" height=\"20\">15<\/td>\n<td class=\"xl166\" width=\"24\">16<\/td>\n<td class=\"xl166\" width=\"24\">17<\/td>\n<td class=\"xl166\" width=\"24\">18<\/td>\n<td class=\"xl166\" width=\"24\">19<\/td>\n<td class=\"xl166\" width=\"24\">20<\/td>\n<td class=\"xl166\" width=\"24\">21<\/td>\n<\/tr>\n<tr>\n<td class=\"xl166\" width=\"24\" height=\"20\">\n<h3>22<\/h3>\n<\/td>\n<td class=\"xl166\" width=\"24\">23<\/td>\n<td class=\"xl166\" width=\"24\">24<\/td>\n<td class=\"xl166\" width=\"24\">25<\/td>\n<td class=\"xl166\" width=\"24\">26<\/td>\n<td class=\"xl166\" width=\"24\">27<\/td>\n<td class=\"xl166\" width=\"24\">28<\/td>\n<\/tr>\n<tr>\n<td class=\"xl166\" width=\"24\" height=\"20\">29<\/td>\n<td class=\"xl166\" width=\"24\">\n<h3>30<\/h3>\n<\/td>\n<td class=\"xl166\" width=\"24\"><\/td>\n<td class=\"xl166\" width=\"24\"><\/td>\n<td class=\"xl166\" width=\"24\"><\/td>\n<td class=\"xl166\" width=\"24\"><\/td>\n<td class=\"xl166\" width=\"24\"><\/td>\n<\/tr>\n<\/tbody>\n<\/table>\n<h2><\/h2>\n<h2>Durante todo el mes<\/h2>\n<p><a href=\"http:\/\/www.contem.es\/sancions-incompliment-terminis-sii\/\">Aplicaci\u00f3n del SII<\/a><\/p>\n<p>&nbsp;<\/p>\n<h2>Hasta el 2 de noviembre<\/h2>\n<h3>Cuenta corriente tributaria<\/h3>\n<p>Solicitud inclusi\u00f3n para el a\u00f1o 2022: CCT<\/p>\n<p>&nbsp;<\/p>\n<h2>Hasta el 5 de noviembre<\/h2>\n<h3>RENTA<\/h3>\n<ul>\n<li>\u00a0Ingreso del segundo plazo de la declaraci\u00f3n anual de 2020, si se fraccion\u00f3 el pago: 102<\/li>\n<\/ul>\n<p>&nbsp;<\/p>\n<h2>Hasta el 12 de noviembre<\/h2>\n<h3>Aduanas<\/h3>\n<p><a href=\"http:\/\/www.contem.es\/llindars-intrastat-2\/\">Declaraci\u00f3n Intrastat de Comercio Intracomunitario<\/a><\/p>\n<p>&nbsp;<\/p>\n<h2>Hasta el 22 de noviembre<\/h2>\n<h3>Renta y sociedades<\/h3>\n<h4>Retenciones e ingresos a cuenta de rendimientos del trabajo, actividades econ\u00f3micas, premios y determinadas ganancias patrimoniales e imputaciones de renta, ganancias derivadas de acciones y participaciones de las instituciones de inversi\u00f3n colectiva, rentas de arriendos de inmuebles urbanos, capital mobiliario, personas autorizadas y saldos a cuenta.<\/h4>\n<ul>\n<li>Octubre 2021. Grandes empresas: 111, 115, 117, 123, 124, 126, 128, 230<\/li>\n<\/ul>\n<p>&nbsp;<\/p>\n<h3>IVA<\/h3>\n<ul>\n<li>Octubre 2021. Declaraci\u00f3n de operaciones incluidas en los libros registro del IVA e IGIC y otras operaciones: 340<\/li>\n<li>Octubre 2021. Declaraci\u00f3n recapitulativa de operaciones intracomunitarias: 349<\/li>\n<li>Octubre 2021. Operaciones asimiladas a las importaciones: 380<\/li>\n<\/ul>\n<p>&nbsp;<\/p>\n<h3>Impuesto sobre las primas de seguros<\/h3>\n<ul>\n<li>Octubre 2021: 430<\/li>\n<\/ul>\n<p>&nbsp;<\/p>\n<h3>Impuestos especiales de fabricaci\u00f3n<\/h3>\n<ul>\n<li>Agosto 2021. Grandes empresas: 553, 554, 555, 556, 557, 558<\/li>\n<li>Agosto 2021. Grandes empresas: 561, 562, 563<\/li>\n<li>Octubre 2021: 548, 566, 581<\/li>\n<li>Octubre 2021: 570, 580<\/li>\n<li>Tercer trimestre 2021. Salvo de grandes empresas: 553, 554, 555, 556, 557, 558<\/li>\n<li>Tercer trimestre 2021. Salvo de grandes empresas: 561, 562, 563<\/li>\n<\/ul>\n<p class=\"margen-inf\">Declaraci\u00f3n de operaciones para los destinatarios registrados, representantes fiscales y receptores autorizados: 510<\/p>\n<p>&nbsp;<\/p>\n<h2>Hasta el 30 de noviembre<\/h2>\n<h3>IVA<\/h3>\n<ul>\n<li>Octubre 2021. Autoliquidaci\u00f3n: 303<\/li>\n<li>Octubre 2021. Grupo de entidades, modelo individual: 322<\/li>\n<li>Octubre 2021. Grupo de entidades, modelo agregado: 353<\/li>\n<li>Solicitud de inscripci\u00f3n\/baja. Registro de devoluci\u00f3n mensual: 036<\/li>\n<li>Solicitud aplicaci\u00f3n r\u00e9gimen de deducci\u00f3n com\u00fan para sectores diferenciados para 2021: sin modelo<\/li>\n<li>SII: Opci\u00f3n o renuncia para la gesti\u00f3n electr\u00f3nica de los libros registro: 036<\/li>\n<li>SII. Comunicaci\u00f3n de la opci\u00f3n \/ renuncia para la facturaci\u00f3n para los destinatarios de las operaciones o terceros: 036<\/li>\n<li>Opci\u00f3n para comunicar la condici\u00f3n de revendedor de tel\u00e9fonos m\u00f3viles, consolas de videojuegos, port\u00e1tiles o tabletas: 036<\/li>\n<li>Opci\u00f3n para comunicar la aplicaci\u00f3n del r\u00e9gimen de diferimiento del IVA a la importaci\u00f3n: 036<\/li>\n<\/ul>\n<p>&nbsp;<\/p>\n<h3>Impuesto sobre sociedades<\/h3>\n<ul>\n<li>Ejercicio 2020. Declaraci\u00f3n informativa Operaciones Vinculadas: 232 <a href=\"http:\/\/www.contem.es\/declaracio-informativa-doperacions-vinculades\/\">+info<\/a><\/li>\n<\/ul>\n<p>&nbsp;<\/p>\n","protected":false},"excerpt":{"rendered":"<p>El mes de noviembre tiene plazos significativos que se han se cumplir a nivel fiscal, contable, laboral, econ&oacute;mico y jur&iacute;dico, tanto para el aut&oacute;nomo o emprendedor, pyme, gran empresa o filial as&iacute; como para las entidades sin &aacute;nimo de lucro como por ejemplo las fundaciones y asociaciones: &nbsp; Lu Ma Mi Ju Vi Sa Dg [&hellip;]<\/p>\n","protected":false},"author":4,"featured_media":2897,"comment_status":"closed","ping_status":"closed","sticky":false,"template":"","format":"standard","meta":{"footnotes":""},"categories":[66,67,68,69,70,71,72,73,77],"tags":[],"class_list":["post-3777","post","type-post","status-publish","format-standard","has-post-thumbnail","hentry","category-autonomos","category-contable","category-economico","category-emprendedores","category-entidades","category-filiales","category-fiscal-es","category-grandes-empresas","category-pymes-es"],"yoast_head":"<!-- This site is optimized with the Yoast SEO plugin v27.4 - https:\/\/yoast.com\/product\/yoast-seo-wordpress\/ -->\n<title>Calendario obligaciones empresa, aut\u00f3nomos y entidades: Noviembre | Contem Assessors<\/title>\n<meta name=\"robots\" content=\"index, follow, max-snippet:-1, max-image-preview:large, max-video-preview:-1\" \/>\n<link rel=\"canonical\" href=\"https:\/\/www.contem.es\/es\/calendario-obligaciones-empresa-autonomos-y-entidades-noviembre-2\/\" \/>\n<meta property=\"og:locale\" content=\"es_ES\" \/>\n<meta property=\"og:type\" content=\"article\" \/>\n<meta property=\"og:title\" content=\"Calendario obligaciones empresa, aut\u00f3nomos y entidades: Noviembre | Contem Assessors\" \/>\n<meta property=\"og:description\" content=\"El mes de noviembre tiene plazos significativos que se han se cumplir a nivel fiscal, contable, laboral, econ&oacute;mico y jur&iacute;dico, tanto para el aut&oacute;nomo o emprendedor, pyme, gran empresa o filial as&iacute; como para las entidades sin &aacute;nimo de lucro como por ejemplo las fundaciones y asociaciones: &nbsp; Lu Ma Mi Ju Vi Sa Dg [&hellip;]\" \/>\n<meta property=\"og:url\" content=\"https:\/\/www.contem.es\/es\/calendario-obligaciones-empresa-autonomos-y-entidades-noviembre-2\/\" \/>\n<meta property=\"og:site_name\" content=\"Contem Assessors\" \/>\n<meta property=\"article:published_time\" content=\"2021-11-01T00:00:34+00:00\" \/>\n<meta property=\"article:modified_time\" content=\"2022-01-03T12:47:40+00:00\" \/>\n<meta property=\"og:image\" content=\"https:\/\/www.contem.es\/wp-content\/uploads\/2018\/02\/201802-calendari-contem-4.jpg\" \/>\n\t<meta property=\"og:image:width\" content=\"816\" \/>\n\t<meta property=\"og:image:height\" content=\"612\" \/>\n\t<meta property=\"og:image:type\" content=\"image\/jpeg\" \/>\n<meta name=\"author\" content=\"Myriam Lopez\" \/>\n<meta name=\"twitter:card\" content=\"summary_large_image\" \/>\n<meta name=\"twitter:creator\" content=\"@contemassessors\" \/>\n<meta name=\"twitter:site\" content=\"@contemassessors\" \/>\n<meta name=\"twitter:label1\" content=\"Escrito por\" \/>\n\t<meta name=\"twitter:data1\" content=\"Myriam Lopez\" \/>\n\t<meta name=\"twitter:label2\" content=\"Tiempo de lectura\" \/>\n\t<meta name=\"twitter:data2\" content=\"2 minutos\" \/>\n<script type=\"application\/ld+json\" class=\"yoast-schema-graph\">{\"@context\":\"https:\\\/\\\/schema.org\",\"@graph\":[{\"@type\":\"Article\",\"@id\":\"https:\\\/\\\/www.contem.es\\\/es\\\/calendario-obligaciones-empresa-autonomos-y-entidades-noviembre-2\\\/#article\",\"isPartOf\":{\"@id\":\"https:\\\/\\\/www.contem.es\\\/es\\\/calendario-obligaciones-empresa-autonomos-y-entidades-noviembre-2\\\/\"},\"author\":{\"name\":\"Myriam Lopez\",\"@id\":\"https:\\\/\\\/www.contem.es\\\/es\\\/#\\\/schema\\\/person\\\/0269b436caa955169936ae514023ff7a\"},\"headline\":\"Calendario obligaciones empresa, aut\u00f3nomos y entidades: Noviembre\",\"datePublished\":\"2021-11-01T00:00:34+00:00\",\"dateModified\":\"2022-01-03T12:47:40+00:00\",\"mainEntityOfPage\":{\"@id\":\"https:\\\/\\\/www.contem.es\\\/es\\\/calendario-obligaciones-empresa-autonomos-y-entidades-noviembre-2\\\/\"},\"wordCount\":394,\"publisher\":{\"@id\":\"https:\\\/\\\/www.contem.es\\\/es\\\/#organization\"},\"image\":{\"@id\":\"https:\\\/\\\/www.contem.es\\\/es\\\/calendario-obligaciones-empresa-autonomos-y-entidades-noviembre-2\\\/#primaryimage\"},\"thumbnailUrl\":\"https:\\\/\\\/www.contem.es\\\/wp-content\\\/uploads\\\/2018\\\/02\\\/201802-calendari-contem-4.jpg\",\"articleSection\":[\"Aut\u00f3nomos\",\"Contable\",\"Econ\u00f3mico\",\"Emprendedores\",\"Entidades\",\"Filiales\",\"Fiscal\",\"Grandes Empresas\",\"Pymes\"],\"inLanguage\":\"es\"},{\"@type\":\"WebPage\",\"@id\":\"https:\\\/\\\/www.contem.es\\\/es\\\/calendario-obligaciones-empresa-autonomos-y-entidades-noviembre-2\\\/\",\"url\":\"https:\\\/\\\/www.contem.es\\\/es\\\/calendario-obligaciones-empresa-autonomos-y-entidades-noviembre-2\\\/\",\"name\":\"Calendario obligaciones empresa, aut\u00f3nomos y entidades: Noviembre | Contem Assessors\",\"isPartOf\":{\"@id\":\"https:\\\/\\\/www.contem.es\\\/es\\\/#website\"},\"primaryImageOfPage\":{\"@id\":\"https:\\\/\\\/www.contem.es\\\/es\\\/calendario-obligaciones-empresa-autonomos-y-entidades-noviembre-2\\\/#primaryimage\"},\"image\":{\"@id\":\"https:\\\/\\\/www.contem.es\\\/es\\\/calendario-obligaciones-empresa-autonomos-y-entidades-noviembre-2\\\/#primaryimage\"},\"thumbnailUrl\":\"https:\\\/\\\/www.contem.es\\\/wp-content\\\/uploads\\\/2018\\\/02\\\/201802-calendari-contem-4.jpg\",\"datePublished\":\"2021-11-01T00:00:34+00:00\",\"dateModified\":\"2022-01-03T12:47:40+00:00\",\"breadcrumb\":{\"@id\":\"https:\\\/\\\/www.contem.es\\\/es\\\/calendario-obligaciones-empresa-autonomos-y-entidades-noviembre-2\\\/#breadcrumb\"},\"inLanguage\":\"es\",\"potentialAction\":[{\"@type\":\"ReadAction\",\"target\":[\"https:\\\/\\\/www.contem.es\\\/es\\\/calendario-obligaciones-empresa-autonomos-y-entidades-noviembre-2\\\/\"]}]},{\"@type\":\"ImageObject\",\"inLanguage\":\"es\",\"@id\":\"https:\\\/\\\/www.contem.es\\\/es\\\/calendario-obligaciones-empresa-autonomos-y-entidades-noviembre-2\\\/#primaryimage\",\"url\":\"https:\\\/\\\/www.contem.es\\\/wp-content\\\/uploads\\\/2018\\\/02\\\/201802-calendari-contem-4.jpg\",\"contentUrl\":\"https:\\\/\\\/www.contem.es\\\/wp-content\\\/uploads\\\/2018\\\/02\\\/201802-calendari-contem-4.jpg\",\"width\":816,\"height\":612},{\"@type\":\"BreadcrumbList\",\"@id\":\"https:\\\/\\\/www.contem.es\\\/es\\\/calendario-obligaciones-empresa-autonomos-y-entidades-noviembre-2\\\/#breadcrumb\",\"itemListElement\":[{\"@type\":\"ListItem\",\"position\":1,\"name\":\"Inici\",\"item\":\"https:\\\/\\\/www.contem.es\\\/es\\\/\"},{\"@type\":\"ListItem\",\"position\":2,\"name\":\"Calendario obligaciones empresa, aut\u00f3nomos y entidades: Noviembre\"}]},{\"@type\":\"WebSite\",\"@id\":\"https:\\\/\\\/www.contem.es\\\/es\\\/#website\",\"url\":\"https:\\\/\\\/www.contem.es\\\/es\\\/\",\"name\":\"Contem Assessors\",\"description\":\"Fiscal, comptable , laboral , jur\u00eddic , econ\u00f2mic i assegurances\",\"publisher\":{\"@id\":\"https:\\\/\\\/www.contem.es\\\/es\\\/#organization\"},\"potentialAction\":[{\"@type\":\"SearchAction\",\"target\":{\"@type\":\"EntryPoint\",\"urlTemplate\":\"https:\\\/\\\/www.contem.es\\\/es\\\/?s={search_term_string}\"},\"query-input\":{\"@type\":\"PropertyValueSpecification\",\"valueRequired\":true,\"valueName\":\"search_term_string\"}}],\"inLanguage\":\"es\"},{\"@type\":\"Organization\",\"@id\":\"https:\\\/\\\/www.contem.es\\\/es\\\/#organization\",\"name\":\"Contem Assessors\",\"url\":\"https:\\\/\\\/www.contem.es\\\/es\\\/\",\"logo\":{\"@type\":\"ImageObject\",\"inLanguage\":\"es\",\"@id\":\"https:\\\/\\\/www.contem.es\\\/es\\\/#\\\/schema\\\/logo\\\/image\\\/\",\"url\":\"https:\\\/\\\/www.contem.es\\\/wp-content\\\/uploads\\\/2016\\\/06\\\/touch-icon-contem.png\",\"contentUrl\":\"https:\\\/\\\/www.contem.es\\\/wp-content\\\/uploads\\\/2016\\\/06\\\/touch-icon-contem.png\",\"width\":120,\"height\":120,\"caption\":\"Contem Assessors\"},\"image\":{\"@id\":\"https:\\\/\\\/www.contem.es\\\/es\\\/#\\\/schema\\\/logo\\\/image\\\/\"},\"sameAs\":[\"https:\\\/\\\/x.com\\\/contemassessors\",\"https:\\\/\\\/www.linkedin.com\\\/company\\\/contem-assessors\"]},{\"@type\":\"Person\",\"@id\":\"https:\\\/\\\/www.contem.es\\\/es\\\/#\\\/schema\\\/person\\\/0269b436caa955169936ae514023ff7a\",\"name\":\"Myriam Lopez\",\"image\":{\"@type\":\"ImageObject\",\"inLanguage\":\"es\",\"@id\":\"https:\\\/\\\/secure.gravatar.com\\\/avatar\\\/180afd5c1af5874fb33cc0bf074fcfc42cba7cb1d0e093f6ee9bb8ad541a2a48?s=96&d=mm&r=g\",\"url\":\"https:\\\/\\\/secure.gravatar.com\\\/avatar\\\/180afd5c1af5874fb33cc0bf074fcfc42cba7cb1d0e093f6ee9bb8ad541a2a48?s=96&d=mm&r=g\",\"contentUrl\":\"https:\\\/\\\/secure.gravatar.com\\\/avatar\\\/180afd5c1af5874fb33cc0bf074fcfc42cba7cb1d0e093f6ee9bb8ad541a2a48?s=96&d=mm&r=g\",\"caption\":\"Myriam Lopez\"},\"url\":\"https:\\\/\\\/www.contem.es\\\/es\\\/author\\\/myriam\\\/\"}]}<\/script>\n<!-- \/ Yoast SEO plugin. -->","yoast_head_json":{"title":"Calendario obligaciones empresa, aut\u00f3nomos y entidades: Noviembre | Contem Assessors","robots":{"index":"index","follow":"follow","max-snippet":"max-snippet:-1","max-image-preview":"max-image-preview:large","max-video-preview":"max-video-preview:-1"},"canonical":"https:\/\/www.contem.es\/es\/calendario-obligaciones-empresa-autonomos-y-entidades-noviembre-2\/","og_locale":"es_ES","og_type":"article","og_title":"Calendario obligaciones empresa, aut\u00f3nomos y entidades: Noviembre | Contem Assessors","og_description":"El mes de noviembre tiene plazos significativos que se han se cumplir a nivel fiscal, contable, laboral, econ&oacute;mico y jur&iacute;dico, tanto para el aut&oacute;nomo o emprendedor, pyme, gran empresa o filial as&iacute; como para las entidades sin &aacute;nimo de lucro como por ejemplo las fundaciones y asociaciones: &nbsp; Lu Ma Mi Ju Vi Sa Dg [&hellip;]","og_url":"https:\/\/www.contem.es\/es\/calendario-obligaciones-empresa-autonomos-y-entidades-noviembre-2\/","og_site_name":"Contem Assessors","article_published_time":"2021-11-01T00:00:34+00:00","article_modified_time":"2022-01-03T12:47:40+00:00","og_image":[{"width":816,"height":612,"url":"https:\/\/www.contem.es\/wp-content\/uploads\/2018\/02\/201802-calendari-contem-4.jpg","type":"image\/jpeg"}],"author":"Myriam Lopez","twitter_card":"summary_large_image","twitter_creator":"@contemassessors","twitter_site":"@contemassessors","twitter_misc":{"Escrito por":"Myriam Lopez","Tiempo de lectura":"2 minutos"},"schema":{"@context":"https:\/\/schema.org","@graph":[{"@type":"Article","@id":"https:\/\/www.contem.es\/es\/calendario-obligaciones-empresa-autonomos-y-entidades-noviembre-2\/#article","isPartOf":{"@id":"https:\/\/www.contem.es\/es\/calendario-obligaciones-empresa-autonomos-y-entidades-noviembre-2\/"},"author":{"name":"Myriam Lopez","@id":"https:\/\/www.contem.es\/es\/#\/schema\/person\/0269b436caa955169936ae514023ff7a"},"headline":"Calendario obligaciones empresa, aut\u00f3nomos y entidades: Noviembre","datePublished":"2021-11-01T00:00:34+00:00","dateModified":"2022-01-03T12:47:40+00:00","mainEntityOfPage":{"@id":"https:\/\/www.contem.es\/es\/calendario-obligaciones-empresa-autonomos-y-entidades-noviembre-2\/"},"wordCount":394,"publisher":{"@id":"https:\/\/www.contem.es\/es\/#organization"},"image":{"@id":"https:\/\/www.contem.es\/es\/calendario-obligaciones-empresa-autonomos-y-entidades-noviembre-2\/#primaryimage"},"thumbnailUrl":"https:\/\/www.contem.es\/wp-content\/uploads\/2018\/02\/201802-calendari-contem-4.jpg","articleSection":["Aut\u00f3nomos","Contable","Econ\u00f3mico","Emprendedores","Entidades","Filiales","Fiscal","Grandes Empresas","Pymes"],"inLanguage":"es"},{"@type":"WebPage","@id":"https:\/\/www.contem.es\/es\/calendario-obligaciones-empresa-autonomos-y-entidades-noviembre-2\/","url":"https:\/\/www.contem.es\/es\/calendario-obligaciones-empresa-autonomos-y-entidades-noviembre-2\/","name":"Calendario obligaciones empresa, aut\u00f3nomos y entidades: Noviembre | Contem Assessors","isPartOf":{"@id":"https:\/\/www.contem.es\/es\/#website"},"primaryImageOfPage":{"@id":"https:\/\/www.contem.es\/es\/calendario-obligaciones-empresa-autonomos-y-entidades-noviembre-2\/#primaryimage"},"image":{"@id":"https:\/\/www.contem.es\/es\/calendario-obligaciones-empresa-autonomos-y-entidades-noviembre-2\/#primaryimage"},"thumbnailUrl":"https:\/\/www.contem.es\/wp-content\/uploads\/2018\/02\/201802-calendari-contem-4.jpg","datePublished":"2021-11-01T00:00:34+00:00","dateModified":"2022-01-03T12:47:40+00:00","breadcrumb":{"@id":"https:\/\/www.contem.es\/es\/calendario-obligaciones-empresa-autonomos-y-entidades-noviembre-2\/#breadcrumb"},"inLanguage":"es","potentialAction":[{"@type":"ReadAction","target":["https:\/\/www.contem.es\/es\/calendario-obligaciones-empresa-autonomos-y-entidades-noviembre-2\/"]}]},{"@type":"ImageObject","inLanguage":"es","@id":"https:\/\/www.contem.es\/es\/calendario-obligaciones-empresa-autonomos-y-entidades-noviembre-2\/#primaryimage","url":"https:\/\/www.contem.es\/wp-content\/uploads\/2018\/02\/201802-calendari-contem-4.jpg","contentUrl":"https:\/\/www.contem.es\/wp-content\/uploads\/2018\/02\/201802-calendari-contem-4.jpg","width":816,"height":612},{"@type":"BreadcrumbList","@id":"https:\/\/www.contem.es\/es\/calendario-obligaciones-empresa-autonomos-y-entidades-noviembre-2\/#breadcrumb","itemListElement":[{"@type":"ListItem","position":1,"name":"Inici","item":"https:\/\/www.contem.es\/es\/"},{"@type":"ListItem","position":2,"name":"Calendario obligaciones empresa, aut\u00f3nomos y entidades: Noviembre"}]},{"@type":"WebSite","@id":"https:\/\/www.contem.es\/es\/#website","url":"https:\/\/www.contem.es\/es\/","name":"Contem Assessors","description":"Fiscal, comptable , laboral , jur\u00eddic , econ\u00f2mic i assegurances","publisher":{"@id":"https:\/\/www.contem.es\/es\/#organization"},"potentialAction":[{"@type":"SearchAction","target":{"@type":"EntryPoint","urlTemplate":"https:\/\/www.contem.es\/es\/?s={search_term_string}"},"query-input":{"@type":"PropertyValueSpecification","valueRequired":true,"valueName":"search_term_string"}}],"inLanguage":"es"},{"@type":"Organization","@id":"https:\/\/www.contem.es\/es\/#organization","name":"Contem Assessors","url":"https:\/\/www.contem.es\/es\/","logo":{"@type":"ImageObject","inLanguage":"es","@id":"https:\/\/www.contem.es\/es\/#\/schema\/logo\/image\/","url":"https:\/\/www.contem.es\/wp-content\/uploads\/2016\/06\/touch-icon-contem.png","contentUrl":"https:\/\/www.contem.es\/wp-content\/uploads\/2016\/06\/touch-icon-contem.png","width":120,"height":120,"caption":"Contem Assessors"},"image":{"@id":"https:\/\/www.contem.es\/es\/#\/schema\/logo\/image\/"},"sameAs":["https:\/\/x.com\/contemassessors","https:\/\/www.linkedin.com\/company\/contem-assessors"]},{"@type":"Person","@id":"https:\/\/www.contem.es\/es\/#\/schema\/person\/0269b436caa955169936ae514023ff7a","name":"Myriam Lopez","image":{"@type":"ImageObject","inLanguage":"es","@id":"https:\/\/secure.gravatar.com\/avatar\/180afd5c1af5874fb33cc0bf074fcfc42cba7cb1d0e093f6ee9bb8ad541a2a48?s=96&d=mm&r=g","url":"https:\/\/secure.gravatar.com\/avatar\/180afd5c1af5874fb33cc0bf074fcfc42cba7cb1d0e093f6ee9bb8ad541a2a48?s=96&d=mm&r=g","contentUrl":"https:\/\/secure.gravatar.com\/avatar\/180afd5c1af5874fb33cc0bf074fcfc42cba7cb1d0e093f6ee9bb8ad541a2a48?s=96&d=mm&r=g","caption":"Myriam Lopez"},"url":"https:\/\/www.contem.es\/es\/author\/myriam\/"}]}},"_links":{"self":[{"href":"https:\/\/www.contem.es\/es\/wp-json\/wp\/v2\/posts\/3777","targetHints":{"allow":["GET"]}}],"collection":[{"href":"https:\/\/www.contem.es\/es\/wp-json\/wp\/v2\/posts"}],"about":[{"href":"https:\/\/www.contem.es\/es\/wp-json\/wp\/v2\/types\/post"}],"author":[{"embeddable":true,"href":"https:\/\/www.contem.es\/es\/wp-json\/wp\/v2\/users\/4"}],"replies":[{"embeddable":true,"href":"https:\/\/www.contem.es\/es\/wp-json\/wp\/v2\/comments?post=3777"}],"version-history":[{"count":2,"href":"https:\/\/www.contem.es\/es\/wp-json\/wp\/v2\/posts\/3777\/revisions"}],"predecessor-version":[{"id":3780,"href":"https:\/\/www.contem.es\/es\/wp-json\/wp\/v2\/posts\/3777\/revisions\/3780"}],"wp:featuredmedia":[{"embeddable":true,"href":"https:\/\/www.contem.es\/es\/wp-json\/wp\/v2\/media\/2897"}],"wp:attachment":[{"href":"https:\/\/www.contem.es\/es\/wp-json\/wp\/v2\/media?parent=3777"}],"wp:term":[{"taxonomy":"category","embeddable":true,"href":"https:\/\/www.contem.es\/es\/wp-json\/wp\/v2\/categories?post=3777"},{"taxonomy":"post_tag","embeddable":true,"href":"https:\/\/www.contem.es\/es\/wp-json\/wp\/v2\/tags?post=3777"}],"curies":[{"name":"wp","href":"https:\/\/api.w.org\/{rel}","templated":true}]}}