{"id":3361,"date":"2020-03-16T00:00:27","date_gmt":"2020-03-16T00:00:27","guid":{"rendered":"https:\/\/www.contem.es\/?p=3361"},"modified":"2021-02-11T17:12:36","modified_gmt":"2021-02-11T17:12:36","slug":"medidas-extraordinarias-ii","status":"publish","type":"post","link":"https:\/\/www.contem.es\/es\/medidas-extraordinarias-ii\/","title":{"rendered":"Medidas extraordinarias II."},"content":{"rendered":"<p>Como segunda bater\u00eda de medidas para paliar el efecto del COVID-19 o Coronavirus, el s\u00e1bado 14 de marzo se declar\u00f3 el <strong>estado de alarma<\/strong>, la duraci\u00f3n del mismo se fija inicialmente en 15 d\u00edas desde el d\u00eda de su publicaci\u00f3n, que es el m\u00e1ximo que fija la normativa. Este estado se podr\u00e1 prorrogar con autorizaci\u00f3n expresa del Congreso de los Diputados. El domingo se aprobaron diferentes ordenes que puntualizaban alg\u00fan aspecto de este real decreto.<\/p>\n<p>Se esperaba que el decreto aprobado tuviera medidas econ\u00f3micas espec\u00edficas para levantar determinadas incertidumbres sobre todo de \u00e1mbito laboral, pero no ha sido as\u00ed. Se prev\u00e9 que, durante esta semana, probablemente martes, se aprueben. Estaremos atentos a las mismas.<\/p>\n<p>Pese a ello, el Real Decreto por el que se aprueba el estado de alarma, <strong>establece medidas que tienen unas claras consecuencias econ\u00f3micas y de empresa<\/strong>, en concreto:<\/p>\n<p>&nbsp;<\/p>\n<ul>\n<li>\n<h3><b><strong>Limitaci\u00f3n de la libertad de circulaci\u00f3n de las personas. Durante la vigencia del estado de alarma las personas \u00fanicamente podr\u00e1n circular por las v\u00edas de uso p\u00fablico para la realizaci\u00f3n de las siguientes actividades:<\/strong><\/b><\/h3>\n<\/li>\n<\/ul>\n<ol>\n<li>Adquisici\u00f3n de alimentos, productos farmac\u00e9uticos y de primera necesidad.<\/li>\n<li>Asistencia a centros, servicios y establecimientos sanitarios.<\/li>\n<li><b><strong>Desplazamiento al puesto de trabajo para efectuar su prestaci\u00f3n laboral, profesional o empresarial.<\/strong><\/b><\/li>\n<li><strong>Retorno al lugar de residencia habitual.<\/strong><\/li>\n<li>Asistencia y cura a mayores, menores, dependientes, personas con discapacidad o personas especialmente vulnerables.<\/li>\n<li>Desplazamiento a entidades financieras y de seguros.<\/li>\n<li>A causa de fuerza mayor o situaci\u00f3n de necesidad<\/li>\n<li>Cualquier otra actividad de naturaleza an\u00e1loga que tendr\u00e1 que hacerse individualmente, salvo que se acompa\u00f1e a personas con discapacidad o por otra causa justificada.<\/li>\n<\/ol>\n<p>Igualmente, se permitir\u00e1 la circulaci\u00f3n de veh\u00edculos particulares por las v\u00edas de uso p\u00fablico para la realizaci\u00f3n de las actividades referidas en el apartado anterior o para el abastecimiento en gasolineras o estaciones de servicio.<\/p>\n<p>&nbsp;<\/p>\n<ul>\n<li>\n<h3><strong>Medidas de contenci\u00f3n en el \u00e1mbito de la actividad comercial, equipamientos culturales, establecimientos y actividades recreativas, actividades de hosteler\u00eda y restauraci\u00f3n y otros adicionales.<\/strong><\/h3>\n<\/li>\n<\/ul>\n<p><strong>Se suspende la apertura al p\u00fablico de los locales y establecimientos minoristas, a excepci\u00f3n de los establecimientos comerciales minoristas de alimentaci\u00f3n, bebidas, productos y bienes de primera necesidad, farmac\u00e9uticos, m\u00e9dicos, \u00f3pticas y productos ortop\u00e9dicos, productos higi\u00e9nicos, peluquer\u00edas, prensa y papeler\u00eda, combustible para la automoci\u00f3n, estancos, equipos tecnol\u00f3gicos y de telecomunicaciones, alimentos para animales de compa\u00f1\u00eda, comercio por internet, tel\u00e9fono o correspondencia, tintorer\u00edas y lavander\u00edas. Se suspende cualquier otra actividad o establecimiento que por la autoridad competente pueda suponer un riesgo de contagio.<\/strong><\/p>\n<p>La permanencia en los establecimientos comerciales anteriores ser\u00e1 la estrictamente necesaria para que los consumidores puedan realizar la adquisici\u00f3n de alimentos y productos de primera necesidad, quedando suspendida la posibilidad de consumo de productos en los propios dispositivos.<\/p>\n<p>En todo caso, se evitar\u00e1n las aglomeraciones y se controlar\u00e1 que los consumidores y empleados mantengan una distancia de seguridad de al menos un metro para evitar posibles contagios.<\/p>\n<p>Se suspende la apertura al p\u00fablico de los museos, archivos, bibliotecas, monumentos, as\u00ed como de los lugares y espacios en los acontecimientos p\u00fablicos, las actividades deportivas y de ocio indicados en el anexo de este Real Decreto.<\/p>\n<p><strong>Se suspenden las actividades de hosteler\u00eda y restauraci\u00f3n, pudiendo prestarse exclusivamente servicios de entrega a domicilio. <\/strong>Se suspenden espec\u00edficamente las verbenas, desfiles y fiestas populares.<\/p>\n<p>&nbsp;<\/p>\n<ul>\n<li>\n<h3><b><strong>Medidas en materia de transportes.<\/strong><\/b><\/h3>\n<\/li>\n<\/ul>\n<p>En relaci\u00f3n con todos los medios de transporte, cualquiera que sea la Administraci\u00f3n competente sobre los mismos, se aplicar\u00e1 lo siguiente:<\/p>\n<ol>\n<li><strong>En los servicios de transporte p\u00fablico de viajeros por carretera, los operadores de transporte reducir\u00e1n la oferta total de operaciones en, al menos, un 50%.<\/strong><\/li>\n<li>Los servicios de transporte p\u00fablico de viajeros por carretera, ferroviarios y mar\u00edtimo de competencia auton\u00f3mica o local que est\u00e9n sometidos a contrato p\u00fablico o OSP, o sean de titularidad p\u00fablica, mantienen su oferta de transporte.<\/li>\n<li>Los servicios ferroviarios de cercan\u00edas mantendr\u00e1n su oferta de servicios.<\/li>\n<\/ol>\n<p>Por resoluci\u00f3n del Ministro de Transportes, Movilidad y Agenda Urbana se podr\u00e1n modificar estos porcentajes y establecer condiciones espec\u00edficas al respeto. En esta resoluci\u00f3n <strong>se tendr\u00e1 en cuenta la necesidad de garantizar que los ciudadanos puedan acceder a sus puestos de trabajo y los servicios b\u00e1sicos en caso necesario.<\/strong><\/p>\n<p><strong>En relaci\u00f3n con todos los medios de transporte, los operadores de servicio de transporte de viajeros quedan obligados a realizar una limpieza diaria de los veh\u00edculos de transporte<\/strong>, de acuerdo con las recomendaciones que establezca el Ministerio de Sanidad.<\/p>\n<p>Los sistemas de venta de billetes \u201con-line\u201d tienen que incluir durante el proceso de venta de los billetes un mensaje lo suficientemente visible en que se desaconseje viajar excepto por razones inaplazables. Por orden del ministro de Transportes, Movilidad y Agenda Urbana se podr\u00e1n establecer las caracter\u00edsticas y contenido de este anuncio. En aquellos servicios en que el billete otorga una plaza de asiento o cabina, los operadores de transporte tomar\u00e1n las medidas necesarias para procurar la m\u00e1xima separaci\u00f3n posible entre los pasajeros.<\/p>\n<p>Los operadores de transporte llevar\u00e1n a cabo los ajustes necesarios para cumplir con los porcentajes establecidos en este art\u00edculo de la forma lo m\u00e1s homog\u00e9neamente posible entre los diferentes servicios que prestan y podr\u00e1n plantear al Ministerio de Transportes, Movilidad y Agenda Urbana todas las cuestiones que requieran interpretaci\u00f3n o aclaraci\u00f3n .Si por razones t\u00e9cnicas u operativas no resulta viable la aplicaci\u00f3n directa de los porcentajes establecidos desde el primer d\u00eda, se tiene que llevar a cabo el ajuste m\u00e1s r\u00e1pido posible de los servicios, que no podr\u00e1 durar m\u00e1s de cinco d\u00edas.<\/p>\n<p>Por resoluci\u00f3n del Ministro de Transportes, Movilidad y Agenda Urbana <strong>se establecer\u00e1n las condiciones necesarias para facilitar el transporte de mercanc\u00edas en todo el territorio nacional, a fin de garantizar el abastecimiento.<\/strong><\/p>\n<p>Los establecimientos de suministro de combustible que dispongan servicios de limpieza tienen que facilitar su uso a los conductores profesionales. As\u00ed mismo, los centros de carga y descarga que cuenten con este tipo de instalaciones, tienen que facilitar en lo posible su uso a los conductores profesionales que realicen operaciones en ellos.<\/p>\n<p>Las medidas que se puedan exigir a los conductores para el acceso a este tipo de instalaciones seguir\u00e1n los criterios e instrucciones de prevenci\u00f3n que a todos los efectos establezca el Ministerio de Sanidad, o las que este \u00f3rgano pudiera establecer espec\u00edficamente en este \u00e1mbito. As\u00ed mismo, a fin de posibilitar los descansos adecuados en cumplimiento de la normativa de tiempo de conducci\u00f3n y descanso, que son imprescindibles para poder llevar a cabo las operaciones de transporte, aquellos establecimientos que dispongan de cocina, servicios de restauraci\u00f3n, o expendedores de comida preparada, tienen que facilitar al transportista profesional un servicio de catering.<\/p>\n<p>&nbsp;<\/p>\n<ul>\n<li>\n<h3><b><strong>Tr\u00e1fico aduanero.<\/strong><\/b><\/h3>\n<\/li>\n<\/ul>\n<p><b><strong>\u00a0<\/strong><\/b>Las autoridades competentes delegadas adoptar\u00e1n las medidas necesarias para garantizar el tr\u00e1fico aduanero en los puntos de entrada o puntos de inspecci\u00f3n fronteriza ubicados en puertos o aeropuertos. En lo referente a esto <strong>se atender\u00e1 de manera prioritaria los productos que sean de primera necesidad.<\/strong><\/p>\n<ul>\n<li>\n<h3><b><strong>Suspensi\u00f3n de plazos procesales y administrativos y de prescripci\u00f3n y caducidad.<\/strong><\/b><\/h3>\n<\/li>\n<\/ul>\n<ol>\n<li>Se suspenden los t\u00e9rminos<b> y <strong>se suspenden e interrumpen los plazos previstos en las leyes procesales para todos los \u00f3rdenes jurisdiccionales. El c\u00f3mputo de los plazos se retomar\u00e1 en el momento en que pierda vigencia el presente estado de alarma o, en su caso, las pr\u00f3rrogas del mismo<\/strong>. <\/b>Se except\u00faan de este hecho determinados procedimientos penales y otros muy concretos, entre los que habr\u00eda que destacar procedimientos de conflicto colectivo y para la tutela de los derechos fundamentales y libertades p\u00fablicas.<\/li>\n<li>Se suspenden t\u00e9rminos<b> y <strong>se interrumpen los plazos para la tramitaci\u00f3n de los procedimientos de las entidades de sector p\u00fablico<\/strong>. <\/b>El c\u00f3mputo de los plazos se retomar\u00e1 en el momento en que pierda vigencia el presente estado de alarma o, en su caso, las pr\u00f3rrogas de la misma. Por sector p\u00fablico se entiende la Administraci\u00f3n General del Estado, las Administraciones de las Comunidades Aut\u00f3nomas, las Entidades que integran la Administraci\u00f3n Local y el sector p\u00fablico institucional que est\u00e1 integrado por cualesquier organismo p\u00fablico y entidades de derecho p\u00fablico vinculados o dependientes de las administraciones p\u00fablicas, as\u00ed como las entidades de derecho privado vinculadas o dependientes de las administraciones p\u00fablicas y las universidades p\u00fablicas.<\/li>\n<li><b><strong>Los plazos de prescripci\u00f3n y caducidad de cualesquier acci\u00f3n y derecho quedar\u00e1n suspendidos durante el plazo de vigencia del estado de alarma y, si procede, de las pr\u00f3rrogas que se adopten.<\/strong><\/b><\/li>\n<li><b>Paralelamente la Agencia Tributaria ya ha colgado una comunicaci\u00f3n en su web que indica.<\/b><\/li>\n<\/ol>\n<p style=\"text-align: left;\"><em>\u201cLas <strong>Oficinas<\/strong> de la AEAT estar\u00e1n <strong>TEMPORALMENTE CERRADAS PARA LA ATENCI\u00d3N PRESENCIAL <\/strong>debido al estado de alarma declarado mediante RD 463\/2020, cuya Disposici\u00f3n Adicional Tercera establece la <strong>SUSPENSI\u00d3N DE PLAZOS ADMINISTRATIVOS<\/strong>.<\/em><\/p>\n<p><em>No se preocupe si tiene alg\u00fan tr\u00e1mite pendiente.<\/em><\/p>\n<p><em>La Agencia Tributaria es consciente de esta situaci\u00f3n.<\/em><\/p>\n<p><em>Adem\u00e1s, se est\u00e1 tramitando una norma legal tributaria como la ampliaci\u00f3n de los plazos para realizar tr\u00e1mites.<\/em><\/p>\n<p><em>Si tiene cita pendiente, podr\u00e1 obtener m\u00e1s adelante una nueva cite\u201d.<\/em><\/p>\n<p>&nbsp;<\/p>\n","protected":false},"excerpt":{"rendered":"<p>Como segunda bater&iacute;a de medidas para paliar el efecto del COVID-19 o Coronavirus, el s&aacute;bado 14 de marzo se declar&oacute; el estado de alarma, la duraci&oacute;n del mismo se fija inicialmente en 15 d&iacute;as desde el d&iacute;a de su publicaci&oacute;n, que es el m&aacute;ximo que fija la normativa. Este estado se podr&aacute; prorrogar con autorizaci&oacute;n [&hellip;]<\/p>\n","protected":false},"author":4,"featured_media":3045,"comment_status":"closed","ping_status":"closed","sticky":false,"template":"","format":"standard","meta":{"footnotes":""},"categories":[66,68,70,72,73,74,76,77],"tags":[],"class_list":["post-3361","post","type-post","status-publish","format-standard","has-post-thumbnail","hentry","category-autonomos","category-economico","category-entidades","category-fiscal-es","category-grandes-empresas","category-juridico","category-particulares","category-pymes-es"],"yoast_head":"<!-- This site is optimized with the Yoast SEO plugin v27.4 - https:\/\/yoast.com\/product\/yoast-seo-wordpress\/ -->\n<title>Medidas extraordinarias II. | Contem Assessors<\/title>\n<meta name=\"robots\" content=\"index, follow, max-snippet:-1, max-image-preview:large, max-video-preview:-1\" \/>\n<link rel=\"canonical\" href=\"https:\/\/www.contem.es\/es\/medidas-extraordinarias-ii\/\" \/>\n<meta property=\"og:locale\" content=\"es_ES\" \/>\n<meta property=\"og:type\" content=\"article\" \/>\n<meta property=\"og:title\" content=\"Medidas extraordinarias II. | Contem Assessors\" \/>\n<meta property=\"og:description\" content=\"Como segunda bater&iacute;a de medidas para paliar el efecto del COVID-19 o Coronavirus, el s&aacute;bado 14 de marzo se declar&oacute; el estado de alarma, la duraci&oacute;n del mismo se fija inicialmente en 15 d&iacute;as desde el d&iacute;a de su publicaci&oacute;n, que es el m&aacute;ximo que fija la normativa. Este estado se podr&aacute; prorrogar con autorizaci&oacute;n [&hellip;]\" \/>\n<meta property=\"og:url\" content=\"https:\/\/www.contem.es\/es\/medidas-extraordinarias-ii\/\" \/>\n<meta property=\"og:site_name\" content=\"Contem Assessors\" \/>\n<meta property=\"article:published_time\" content=\"2020-03-16T00:00:27+00:00\" \/>\n<meta property=\"article:modified_time\" content=\"2021-02-11T17:12:36+00:00\" \/>\n<meta property=\"og:image\" content=\"https:\/\/www.contem.es\/wp-content\/uploads\/2020\/03\/stayhome-tractada-1.jpg\" \/>\n\t<meta property=\"og:image:width\" content=\"2421\" \/>\n\t<meta property=\"og:image:height\" content=\"3631\" \/>\n\t<meta property=\"og:image:type\" content=\"image\/jpeg\" \/>\n<meta name=\"author\" content=\"Myriam Lopez\" \/>\n<meta name=\"twitter:card\" content=\"summary_large_image\" \/>\n<meta name=\"twitter:creator\" content=\"@contemassessors\" \/>\n<meta name=\"twitter:site\" content=\"@contemassessors\" \/>\n<meta name=\"twitter:label1\" content=\"Escrito por\" \/>\n\t<meta name=\"twitter:data1\" content=\"Myriam Lopez\" \/>\n\t<meta name=\"twitter:label2\" content=\"Tiempo de lectura\" \/>\n\t<meta name=\"twitter:data2\" content=\"8 minutos\" \/>\n<script type=\"application\/ld+json\" class=\"yoast-schema-graph\">{\"@context\":\"https:\\\/\\\/schema.org\",\"@graph\":[{\"@type\":\"Article\",\"@id\":\"https:\\\/\\\/www.contem.es\\\/es\\\/medidas-extraordinarias-ii\\\/#article\",\"isPartOf\":{\"@id\":\"https:\\\/\\\/www.contem.es\\\/es\\\/medidas-extraordinarias-ii\\\/\"},\"author\":{\"name\":\"Myriam Lopez\",\"@id\":\"https:\\\/\\\/www.contem.es\\\/es\\\/#\\\/schema\\\/person\\\/0269b436caa955169936ae514023ff7a\"},\"headline\":\"Medidas extraordinarias II.\",\"datePublished\":\"2020-03-16T00:00:27+00:00\",\"dateModified\":\"2021-02-11T17:12:36+00:00\",\"mainEntityOfPage\":{\"@id\":\"https:\\\/\\\/www.contem.es\\\/es\\\/medidas-extraordinarias-ii\\\/\"},\"wordCount\":1599,\"publisher\":{\"@id\":\"https:\\\/\\\/www.contem.es\\\/es\\\/#organization\"},\"image\":{\"@id\":\"https:\\\/\\\/www.contem.es\\\/es\\\/medidas-extraordinarias-ii\\\/#primaryimage\"},\"thumbnailUrl\":\"https:\\\/\\\/www.contem.es\\\/wp-content\\\/uploads\\\/2020\\\/03\\\/stayhome-tractada-1.jpg\",\"articleSection\":[\"Aut\u00f3nomos\",\"Econ\u00f3mico\",\"Entidades\",\"Fiscal\",\"Grandes Empresas\",\"Jur\u00eddico\",\"Particulares\",\"Pymes\"],\"inLanguage\":\"es\"},{\"@type\":\"WebPage\",\"@id\":\"https:\\\/\\\/www.contem.es\\\/es\\\/medidas-extraordinarias-ii\\\/\",\"url\":\"https:\\\/\\\/www.contem.es\\\/es\\\/medidas-extraordinarias-ii\\\/\",\"name\":\"Medidas extraordinarias II. | Contem Assessors\",\"isPartOf\":{\"@id\":\"https:\\\/\\\/www.contem.es\\\/es\\\/#website\"},\"primaryImageOfPage\":{\"@id\":\"https:\\\/\\\/www.contem.es\\\/es\\\/medidas-extraordinarias-ii\\\/#primaryimage\"},\"image\":{\"@id\":\"https:\\\/\\\/www.contem.es\\\/es\\\/medidas-extraordinarias-ii\\\/#primaryimage\"},\"thumbnailUrl\":\"https:\\\/\\\/www.contem.es\\\/wp-content\\\/uploads\\\/2020\\\/03\\\/stayhome-tractada-1.jpg\",\"datePublished\":\"2020-03-16T00:00:27+00:00\",\"dateModified\":\"2021-02-11T17:12:36+00:00\",\"breadcrumb\":{\"@id\":\"https:\\\/\\\/www.contem.es\\\/es\\\/medidas-extraordinarias-ii\\\/#breadcrumb\"},\"inLanguage\":\"es\",\"potentialAction\":[{\"@type\":\"ReadAction\",\"target\":[\"https:\\\/\\\/www.contem.es\\\/es\\\/medidas-extraordinarias-ii\\\/\"]}]},{\"@type\":\"ImageObject\",\"inLanguage\":\"es\",\"@id\":\"https:\\\/\\\/www.contem.es\\\/es\\\/medidas-extraordinarias-ii\\\/#primaryimage\",\"url\":\"https:\\\/\\\/www.contem.es\\\/wp-content\\\/uploads\\\/2020\\\/03\\\/stayhome-tractada-1.jpg\",\"contentUrl\":\"https:\\\/\\\/www.contem.es\\\/wp-content\\\/uploads\\\/2020\\\/03\\\/stayhome-tractada-1.jpg\",\"width\":2421,\"height\":3631},{\"@type\":\"BreadcrumbList\",\"@id\":\"https:\\\/\\\/www.contem.es\\\/es\\\/medidas-extraordinarias-ii\\\/#breadcrumb\",\"itemListElement\":[{\"@type\":\"ListItem\",\"position\":1,\"name\":\"Inici\",\"item\":\"https:\\\/\\\/www.contem.es\\\/es\\\/\"},{\"@type\":\"ListItem\",\"position\":2,\"name\":\"Medidas extraordinarias II.\"}]},{\"@type\":\"WebSite\",\"@id\":\"https:\\\/\\\/www.contem.es\\\/es\\\/#website\",\"url\":\"https:\\\/\\\/www.contem.es\\\/es\\\/\",\"name\":\"Contem Assessors\",\"description\":\"Fiscal, comptable , laboral , jur\u00eddic , econ\u00f2mic i assegurances\",\"publisher\":{\"@id\":\"https:\\\/\\\/www.contem.es\\\/es\\\/#organization\"},\"potentialAction\":[{\"@type\":\"SearchAction\",\"target\":{\"@type\":\"EntryPoint\",\"urlTemplate\":\"https:\\\/\\\/www.contem.es\\\/es\\\/?s={search_term_string}\"},\"query-input\":{\"@type\":\"PropertyValueSpecification\",\"valueRequired\":true,\"valueName\":\"search_term_string\"}}],\"inLanguage\":\"es\"},{\"@type\":\"Organization\",\"@id\":\"https:\\\/\\\/www.contem.es\\\/es\\\/#organization\",\"name\":\"Contem Assessors\",\"url\":\"https:\\\/\\\/www.contem.es\\\/es\\\/\",\"logo\":{\"@type\":\"ImageObject\",\"inLanguage\":\"es\",\"@id\":\"https:\\\/\\\/www.contem.es\\\/es\\\/#\\\/schema\\\/logo\\\/image\\\/\",\"url\":\"https:\\\/\\\/www.contem.es\\\/wp-content\\\/uploads\\\/2016\\\/06\\\/touch-icon-contem.png\",\"contentUrl\":\"https:\\\/\\\/www.contem.es\\\/wp-content\\\/uploads\\\/2016\\\/06\\\/touch-icon-contem.png\",\"width\":120,\"height\":120,\"caption\":\"Contem Assessors\"},\"image\":{\"@id\":\"https:\\\/\\\/www.contem.es\\\/es\\\/#\\\/schema\\\/logo\\\/image\\\/\"},\"sameAs\":[\"https:\\\/\\\/x.com\\\/contemassessors\",\"https:\\\/\\\/www.linkedin.com\\\/company\\\/contem-assessors\"]},{\"@type\":\"Person\",\"@id\":\"https:\\\/\\\/www.contem.es\\\/es\\\/#\\\/schema\\\/person\\\/0269b436caa955169936ae514023ff7a\",\"name\":\"Myriam Lopez\",\"image\":{\"@type\":\"ImageObject\",\"inLanguage\":\"es\",\"@id\":\"https:\\\/\\\/secure.gravatar.com\\\/avatar\\\/180afd5c1af5874fb33cc0bf074fcfc42cba7cb1d0e093f6ee9bb8ad541a2a48?s=96&d=mm&r=g\",\"url\":\"https:\\\/\\\/secure.gravatar.com\\\/avatar\\\/180afd5c1af5874fb33cc0bf074fcfc42cba7cb1d0e093f6ee9bb8ad541a2a48?s=96&d=mm&r=g\",\"contentUrl\":\"https:\\\/\\\/secure.gravatar.com\\\/avatar\\\/180afd5c1af5874fb33cc0bf074fcfc42cba7cb1d0e093f6ee9bb8ad541a2a48?s=96&d=mm&r=g\",\"caption\":\"Myriam Lopez\"},\"url\":\"https:\\\/\\\/www.contem.es\\\/es\\\/author\\\/myriam\\\/\"}]}<\/script>\n<!-- \/ Yoast SEO plugin. -->","yoast_head_json":{"title":"Medidas extraordinarias II. | Contem Assessors","robots":{"index":"index","follow":"follow","max-snippet":"max-snippet:-1","max-image-preview":"max-image-preview:large","max-video-preview":"max-video-preview:-1"},"canonical":"https:\/\/www.contem.es\/es\/medidas-extraordinarias-ii\/","og_locale":"es_ES","og_type":"article","og_title":"Medidas extraordinarias II. | Contem Assessors","og_description":"Como segunda bater&iacute;a de medidas para paliar el efecto del COVID-19 o Coronavirus, el s&aacute;bado 14 de marzo se declar&oacute; el estado de alarma, la duraci&oacute;n del mismo se fija inicialmente en 15 d&iacute;as desde el d&iacute;a de su publicaci&oacute;n, que es el m&aacute;ximo que fija la normativa. Este estado se podr&aacute; prorrogar con autorizaci&oacute;n [&hellip;]","og_url":"https:\/\/www.contem.es\/es\/medidas-extraordinarias-ii\/","og_site_name":"Contem Assessors","article_published_time":"2020-03-16T00:00:27+00:00","article_modified_time":"2021-02-11T17:12:36+00:00","og_image":[{"width":2421,"height":3631,"url":"https:\/\/www.contem.es\/wp-content\/uploads\/2020\/03\/stayhome-tractada-1.jpg","type":"image\/jpeg"}],"author":"Myriam Lopez","twitter_card":"summary_large_image","twitter_creator":"@contemassessors","twitter_site":"@contemassessors","twitter_misc":{"Escrito por":"Myriam Lopez","Tiempo de lectura":"8 minutos"},"schema":{"@context":"https:\/\/schema.org","@graph":[{"@type":"Article","@id":"https:\/\/www.contem.es\/es\/medidas-extraordinarias-ii\/#article","isPartOf":{"@id":"https:\/\/www.contem.es\/es\/medidas-extraordinarias-ii\/"},"author":{"name":"Myriam Lopez","@id":"https:\/\/www.contem.es\/es\/#\/schema\/person\/0269b436caa955169936ae514023ff7a"},"headline":"Medidas extraordinarias II.","datePublished":"2020-03-16T00:00:27+00:00","dateModified":"2021-02-11T17:12:36+00:00","mainEntityOfPage":{"@id":"https:\/\/www.contem.es\/es\/medidas-extraordinarias-ii\/"},"wordCount":1599,"publisher":{"@id":"https:\/\/www.contem.es\/es\/#organization"},"image":{"@id":"https:\/\/www.contem.es\/es\/medidas-extraordinarias-ii\/#primaryimage"},"thumbnailUrl":"https:\/\/www.contem.es\/wp-content\/uploads\/2020\/03\/stayhome-tractada-1.jpg","articleSection":["Aut\u00f3nomos","Econ\u00f3mico","Entidades","Fiscal","Grandes Empresas","Jur\u00eddico","Particulares","Pymes"],"inLanguage":"es"},{"@type":"WebPage","@id":"https:\/\/www.contem.es\/es\/medidas-extraordinarias-ii\/","url":"https:\/\/www.contem.es\/es\/medidas-extraordinarias-ii\/","name":"Medidas extraordinarias II. | Contem Assessors","isPartOf":{"@id":"https:\/\/www.contem.es\/es\/#website"},"primaryImageOfPage":{"@id":"https:\/\/www.contem.es\/es\/medidas-extraordinarias-ii\/#primaryimage"},"image":{"@id":"https:\/\/www.contem.es\/es\/medidas-extraordinarias-ii\/#primaryimage"},"thumbnailUrl":"https:\/\/www.contem.es\/wp-content\/uploads\/2020\/03\/stayhome-tractada-1.jpg","datePublished":"2020-03-16T00:00:27+00:00","dateModified":"2021-02-11T17:12:36+00:00","breadcrumb":{"@id":"https:\/\/www.contem.es\/es\/medidas-extraordinarias-ii\/#breadcrumb"},"inLanguage":"es","potentialAction":[{"@type":"ReadAction","target":["https:\/\/www.contem.es\/es\/medidas-extraordinarias-ii\/"]}]},{"@type":"ImageObject","inLanguage":"es","@id":"https:\/\/www.contem.es\/es\/medidas-extraordinarias-ii\/#primaryimage","url":"https:\/\/www.contem.es\/wp-content\/uploads\/2020\/03\/stayhome-tractada-1.jpg","contentUrl":"https:\/\/www.contem.es\/wp-content\/uploads\/2020\/03\/stayhome-tractada-1.jpg","width":2421,"height":3631},{"@type":"BreadcrumbList","@id":"https:\/\/www.contem.es\/es\/medidas-extraordinarias-ii\/#breadcrumb","itemListElement":[{"@type":"ListItem","position":1,"name":"Inici","item":"https:\/\/www.contem.es\/es\/"},{"@type":"ListItem","position":2,"name":"Medidas extraordinarias II."}]},{"@type":"WebSite","@id":"https:\/\/www.contem.es\/es\/#website","url":"https:\/\/www.contem.es\/es\/","name":"Contem Assessors","description":"Fiscal, comptable , laboral , jur\u00eddic , econ\u00f2mic i assegurances","publisher":{"@id":"https:\/\/www.contem.es\/es\/#organization"},"potentialAction":[{"@type":"SearchAction","target":{"@type":"EntryPoint","urlTemplate":"https:\/\/www.contem.es\/es\/?s={search_term_string}"},"query-input":{"@type":"PropertyValueSpecification","valueRequired":true,"valueName":"search_term_string"}}],"inLanguage":"es"},{"@type":"Organization","@id":"https:\/\/www.contem.es\/es\/#organization","name":"Contem Assessors","url":"https:\/\/www.contem.es\/es\/","logo":{"@type":"ImageObject","inLanguage":"es","@id":"https:\/\/www.contem.es\/es\/#\/schema\/logo\/image\/","url":"https:\/\/www.contem.es\/wp-content\/uploads\/2016\/06\/touch-icon-contem.png","contentUrl":"https:\/\/www.contem.es\/wp-content\/uploads\/2016\/06\/touch-icon-contem.png","width":120,"height":120,"caption":"Contem Assessors"},"image":{"@id":"https:\/\/www.contem.es\/es\/#\/schema\/logo\/image\/"},"sameAs":["https:\/\/x.com\/contemassessors","https:\/\/www.linkedin.com\/company\/contem-assessors"]},{"@type":"Person","@id":"https:\/\/www.contem.es\/es\/#\/schema\/person\/0269b436caa955169936ae514023ff7a","name":"Myriam Lopez","image":{"@type":"ImageObject","inLanguage":"es","@id":"https:\/\/secure.gravatar.com\/avatar\/180afd5c1af5874fb33cc0bf074fcfc42cba7cb1d0e093f6ee9bb8ad541a2a48?s=96&d=mm&r=g","url":"https:\/\/secure.gravatar.com\/avatar\/180afd5c1af5874fb33cc0bf074fcfc42cba7cb1d0e093f6ee9bb8ad541a2a48?s=96&d=mm&r=g","contentUrl":"https:\/\/secure.gravatar.com\/avatar\/180afd5c1af5874fb33cc0bf074fcfc42cba7cb1d0e093f6ee9bb8ad541a2a48?s=96&d=mm&r=g","caption":"Myriam Lopez"},"url":"https:\/\/www.contem.es\/es\/author\/myriam\/"}]}},"_links":{"self":[{"href":"https:\/\/www.contem.es\/es\/wp-json\/wp\/v2\/posts\/3361","targetHints":{"allow":["GET"]}}],"collection":[{"href":"https:\/\/www.contem.es\/es\/wp-json\/wp\/v2\/posts"}],"about":[{"href":"https:\/\/www.contem.es\/es\/wp-json\/wp\/v2\/types\/post"}],"author":[{"embeddable":true,"href":"https:\/\/www.contem.es\/es\/wp-json\/wp\/v2\/users\/4"}],"replies":[{"embeddable":true,"href":"https:\/\/www.contem.es\/es\/wp-json\/wp\/v2\/comments?post=3361"}],"version-history":[{"count":2,"href":"https:\/\/www.contem.es\/es\/wp-json\/wp\/v2\/posts\/3361\/revisions"}],"predecessor-version":[{"id":3363,"href":"https:\/\/www.contem.es\/es\/wp-json\/wp\/v2\/posts\/3361\/revisions\/3363"}],"wp:featuredmedia":[{"embeddable":true,"href":"https:\/\/www.contem.es\/es\/wp-json\/wp\/v2\/media\/3045"}],"wp:attachment":[{"href":"https:\/\/www.contem.es\/es\/wp-json\/wp\/v2\/media?parent=3361"}],"wp:term":[{"taxonomy":"category","embeddable":true,"href":"https:\/\/www.contem.es\/es\/wp-json\/wp\/v2\/categories?post=3361"},{"taxonomy":"post_tag","embeddable":true,"href":"https:\/\/www.contem.es\/es\/wp-json\/wp\/v2\/tags?post=3361"}],"curies":[{"name":"wp","href":"https:\/\/api.w.org\/{rel}","templated":true}]}}