{"id":3314,"date":"2013-10-26T07:51:57","date_gmt":"2013-10-26T07:51:57","guid":{"rendered":"https:\/\/www.contem.es\/?p=3314"},"modified":"2020-07-28T07:53:19","modified_gmt":"2020-07-28T07:53:19","slug":"regimen-especial-criterio-caja-recc","status":"publish","type":"post","link":"https:\/\/www.contem.es\/es\/regimen-especial-criterio-caja-recc\/","title":{"rendered":"R\u00e9gimen Especial del Criterio de Caja (RECC)"},"content":{"rendered":"<p>A efectos de IVA se introduce un nuevo r\u00e9gimen especial consistente en liquidar el IVA en funci\u00f3n de cuando se cobran o pagan las facturas. Las principales caracter\u00edsticas del mismo son:<\/p>\n<ul>\n<li>Es un r\u00e9gimen opcional para aquellos sujetos pasivos con un volumen de operaciones durante el a\u00f1o natural anterior que no haya superado los 2.000.000\u20ac<\/li>\n<li>Quedar\u00e1n excluidos para el a\u00f1o siguiente cuando durante el a\u00f1o natural a su volumen de operaciones supere los 2.000.000\u20ac o bien cuando el cobro en efectivo recibido de un mismo destinatario durante el a\u00f1o supere los 100.000\u20ac<\/li>\n<li>Este r\u00e9gimen se aplicar\u00e1 a todas las operaciones de la entidad excepto, entre otros:<\/li>\n<\/ul>\n<blockquote>\n<ol>\n<li>Las acogidas a reg\u00edmenes especiales simplificados, de la agricultura, ganader\u00eda y pesca, y recargo de equivalencia entre otros.<\/li>\n<li>Adquisiciones intracomunitarias de bienes.<\/li>\n<\/ol>\n<\/blockquote>\n<ul>\n<li>El IVA se liquidar\u00e1 a partir de que se cobren o paguen total o parcialmente las facturas para los importes efectivamente recibidos o librados. Si no se hubiese producido el flujo monetario, la liquidaci\u00f3n se har\u00e1 como m\u00e1ximo el 31 de diciembre del a\u00f1o inmediatamente posterior, por este motivo ser\u00e1 necesario acreditar el cobro o pago total o parcial de las facturas.<\/li>\n<li>Los <strong>sujetos pasivos<\/strong> acogidos a este r\u00e9gimen tendr\u00e1n que cumplir con unas <strong>obligaciones formales<\/strong> espec\u00edficas:<\/li>\n<\/ul>\n<blockquote>\n<ol>\n<li>Libro Registro Facturas Expedidas \u2013 a\u00f1adir fechas de cobro total o parcial de la operaci\u00f3n con indicaci\u00f3n del importe correspondiente en su caso, as\u00ed como indicaci\u00f3n de la cuenta bancaria o medio de cobro empleado que pueda acreditar el cobro parcial o total de la operaci\u00f3n.<\/li>\n<li>Libro Registro Facturas Recibidas \u2013 a\u00f1adir fechas de pago parcial o total de la operaci\u00f3n con indicaci\u00f3n del importe correspondiente en su caso, as\u00ed como indicaci\u00f3n del medio de pago por el que se satisface el importe parcial o total de la operaci\u00f3n.<\/li>\n<li>Factura expedida \u2013 toda factura expedida tendr\u00e1 que contener la menci\u00f3n <strong>\u201cR\u00e9gimen especial del criterio de caja\u201d.<\/strong><\/li>\n<\/ol>\n<\/blockquote>\n<ul>\n<li><strong>Los destinatarios de facturas incluidos en este r\u00e9gimen, aunque estos no est\u00e9n acogidos al mismo, se ver\u00e1n afectados, ya que no podr\u00e1n deducirse el IVA de las mismas, hasta que nos les paguen total o parcialmente. Como a consecuencia <\/strong>este destinatario no incluido en el RECC, deber\u00e1 de cumplir con una nueva obligaci\u00f3n registral, en concreto:<\/li>\n<\/ul>\n<blockquote>\n<ol>\n<li>Libro Registro Factura Recibidas \u2013 a\u00f1adir fechas de pago parcial o total de la operaci\u00f3n con indicaci\u00f3n del importe correspondiente en su caso, as\u00ed como indicaci\u00f3n del medio de pago por el que se satisface el importe parcial o total de la operaci\u00f3n.<\/li>\n<\/ol>\n<\/blockquote>\n<ul>\n<li><strong>Este r\u00e9gimen ser\u00e1 aplicable a partir del 1 de enero de 2014.<\/strong><\/li>\n<li><strong>La opci\u00f3n o renuncia por aplicarse <\/strong>este r\u00e9gimen ser\u00e1 en diciembre del a\u00f1o anterior en el que haya que tener efecto. La opci\u00f3n de aplicarse tambi\u00e9n se podr\u00e1 hacer al inicio de la actividad. En el caso de renuncia esta tendr\u00e1 una duraci\u00f3n de 3 a\u00f1os.<\/li>\n<\/ul>\n<p>&nbsp;<\/p>\n<p>&nbsp;<\/p>\n","protected":false},"excerpt":{"rendered":"<p>A efectos de IVA se introduce un nuevo r&eacute;gimen especial consistente en liquidar el IVA en funci&oacute;n de cuando se cobran o pagan las facturas. Las principales caracter&iacute;sticas del mismo son: Es un r&eacute;gimen opcional para aquellos sujetos pasivos con un volumen de operaciones durante el a&ntilde;o natural anterior que no haya superado los 2.000.000&euro; [&hellip;]<\/p>\n","protected":false},"author":4,"featured_media":0,"comment_status":"closed","ping_status":"closed","sticky":false,"template":"","format":"standard","meta":{"footnotes":""},"categories":[72],"tags":[],"class_list":["post-3314","post","type-post","status-publish","format-standard","hentry","category-fiscal-es"],"yoast_head":"<!-- This site is optimized with the Yoast SEO plugin v27.4 - https:\/\/yoast.com\/product\/yoast-seo-wordpress\/ -->\n<title>R\u00e9gimen Especial del Criterio de Caja (RECC) | Contem Assessors<\/title>\n<meta name=\"robots\" content=\"index, follow, max-snippet:-1, max-image-preview:large, max-video-preview:-1\" \/>\n<link rel=\"canonical\" href=\"https:\/\/www.contem.es\/es\/regimen-especial-criterio-caja-recc\/\" \/>\n<meta property=\"og:locale\" content=\"es_ES\" \/>\n<meta property=\"og:type\" content=\"article\" \/>\n<meta property=\"og:title\" content=\"R\u00e9gimen Especial del Criterio de Caja (RECC) | Contem Assessors\" \/>\n<meta property=\"og:description\" content=\"A efectos de IVA se introduce un nuevo r&eacute;gimen especial consistente en liquidar el IVA en funci&oacute;n de cuando se cobran o pagan las facturas. Las principales caracter&iacute;sticas del mismo son: Es un r&eacute;gimen opcional para aquellos sujetos pasivos con un volumen de operaciones durante el a&ntilde;o natural anterior que no haya superado los 2.000.000&euro; [&hellip;]\" \/>\n<meta property=\"og:url\" content=\"https:\/\/www.contem.es\/es\/regimen-especial-criterio-caja-recc\/\" \/>\n<meta property=\"og:site_name\" content=\"Contem Assessors\" \/>\n<meta property=\"article:published_time\" content=\"2013-10-26T07:51:57+00:00\" \/>\n<meta property=\"article:modified_time\" content=\"2020-07-28T07:53:19+00:00\" \/>\n<meta property=\"og:image\" content=\"https:\/\/www.contem.es\/wp-content\/uploads\/2016\/06\/touch-icon-contem.png\" \/>\n<meta name=\"author\" content=\"Myriam Lopez\" \/>\n<meta name=\"twitter:card\" content=\"summary_large_image\" \/>\n<meta name=\"twitter:creator\" content=\"@contemassessors\" \/>\n<meta name=\"twitter:site\" content=\"@contemassessors\" \/>\n<meta name=\"twitter:label1\" content=\"Escrito por\" \/>\n\t<meta name=\"twitter:data1\" content=\"Myriam Lopez\" \/>\n\t<meta name=\"twitter:label2\" content=\"Tiempo de lectura\" \/>\n\t<meta name=\"twitter:data2\" content=\"3 minutos\" \/>\n<script type=\"application\/ld+json\" class=\"yoast-schema-graph\">{\"@context\":\"https:\\\/\\\/schema.org\",\"@graph\":[{\"@type\":\"Article\",\"@id\":\"https:\\\/\\\/www.contem.es\\\/es\\\/regimen-especial-criterio-caja-recc\\\/#article\",\"isPartOf\":{\"@id\":\"https:\\\/\\\/www.contem.es\\\/es\\\/regimen-especial-criterio-caja-recc\\\/\"},\"author\":{\"name\":\"Myriam Lopez\",\"@id\":\"https:\\\/\\\/www.contem.es\\\/es\\\/#\\\/schema\\\/person\\\/0269b436caa955169936ae514023ff7a\"},\"headline\":\"R\u00e9gimen Especial del Criterio de Caja (RECC)\",\"datePublished\":\"2013-10-26T07:51:57+00:00\",\"dateModified\":\"2020-07-28T07:53:19+00:00\",\"mainEntityOfPage\":{\"@id\":\"https:\\\/\\\/www.contem.es\\\/es\\\/regimen-especial-criterio-caja-recc\\\/\"},\"wordCount\":515,\"publisher\":{\"@id\":\"https:\\\/\\\/www.contem.es\\\/es\\\/#organization\"},\"articleSection\":[\"Fiscal\"],\"inLanguage\":\"es\"},{\"@type\":\"WebPage\",\"@id\":\"https:\\\/\\\/www.contem.es\\\/es\\\/regimen-especial-criterio-caja-recc\\\/\",\"url\":\"https:\\\/\\\/www.contem.es\\\/es\\\/regimen-especial-criterio-caja-recc\\\/\",\"name\":\"R\u00e9gimen Especial del Criterio de Caja (RECC) | Contem Assessors\",\"isPartOf\":{\"@id\":\"https:\\\/\\\/www.contem.es\\\/es\\\/#website\"},\"datePublished\":\"2013-10-26T07:51:57+00:00\",\"dateModified\":\"2020-07-28T07:53:19+00:00\",\"breadcrumb\":{\"@id\":\"https:\\\/\\\/www.contem.es\\\/es\\\/regimen-especial-criterio-caja-recc\\\/#breadcrumb\"},\"inLanguage\":\"es\",\"potentialAction\":[{\"@type\":\"ReadAction\",\"target\":[\"https:\\\/\\\/www.contem.es\\\/es\\\/regimen-especial-criterio-caja-recc\\\/\"]}]},{\"@type\":\"BreadcrumbList\",\"@id\":\"https:\\\/\\\/www.contem.es\\\/es\\\/regimen-especial-criterio-caja-recc\\\/#breadcrumb\",\"itemListElement\":[{\"@type\":\"ListItem\",\"position\":1,\"name\":\"Inici\",\"item\":\"https:\\\/\\\/www.contem.es\\\/es\\\/\"},{\"@type\":\"ListItem\",\"position\":2,\"name\":\"R\u00e9gimen Especial del Criterio de Caja (RECC)\"}]},{\"@type\":\"WebSite\",\"@id\":\"https:\\\/\\\/www.contem.es\\\/es\\\/#website\",\"url\":\"https:\\\/\\\/www.contem.es\\\/es\\\/\",\"name\":\"Contem Assessors\",\"description\":\"Fiscal, comptable , laboral , jur\u00eddic , econ\u00f2mic i assegurances\",\"publisher\":{\"@id\":\"https:\\\/\\\/www.contem.es\\\/es\\\/#organization\"},\"potentialAction\":[{\"@type\":\"SearchAction\",\"target\":{\"@type\":\"EntryPoint\",\"urlTemplate\":\"https:\\\/\\\/www.contem.es\\\/es\\\/?s={search_term_string}\"},\"query-input\":{\"@type\":\"PropertyValueSpecification\",\"valueRequired\":true,\"valueName\":\"search_term_string\"}}],\"inLanguage\":\"es\"},{\"@type\":\"Organization\",\"@id\":\"https:\\\/\\\/www.contem.es\\\/es\\\/#organization\",\"name\":\"Contem Assessors\",\"url\":\"https:\\\/\\\/www.contem.es\\\/es\\\/\",\"logo\":{\"@type\":\"ImageObject\",\"inLanguage\":\"es\",\"@id\":\"https:\\\/\\\/www.contem.es\\\/es\\\/#\\\/schema\\\/logo\\\/image\\\/\",\"url\":\"https:\\\/\\\/www.contem.es\\\/wp-content\\\/uploads\\\/2016\\\/06\\\/touch-icon-contem.png\",\"contentUrl\":\"https:\\\/\\\/www.contem.es\\\/wp-content\\\/uploads\\\/2016\\\/06\\\/touch-icon-contem.png\",\"width\":120,\"height\":120,\"caption\":\"Contem Assessors\"},\"image\":{\"@id\":\"https:\\\/\\\/www.contem.es\\\/es\\\/#\\\/schema\\\/logo\\\/image\\\/\"},\"sameAs\":[\"https:\\\/\\\/x.com\\\/contemassessors\",\"https:\\\/\\\/www.linkedin.com\\\/company\\\/contem-assessors\"]},{\"@type\":\"Person\",\"@id\":\"https:\\\/\\\/www.contem.es\\\/es\\\/#\\\/schema\\\/person\\\/0269b436caa955169936ae514023ff7a\",\"name\":\"Myriam Lopez\",\"image\":{\"@type\":\"ImageObject\",\"inLanguage\":\"es\",\"@id\":\"https:\\\/\\\/secure.gravatar.com\\\/avatar\\\/180afd5c1af5874fb33cc0bf074fcfc42cba7cb1d0e093f6ee9bb8ad541a2a48?s=96&d=mm&r=g\",\"url\":\"https:\\\/\\\/secure.gravatar.com\\\/avatar\\\/180afd5c1af5874fb33cc0bf074fcfc42cba7cb1d0e093f6ee9bb8ad541a2a48?s=96&d=mm&r=g\",\"contentUrl\":\"https:\\\/\\\/secure.gravatar.com\\\/avatar\\\/180afd5c1af5874fb33cc0bf074fcfc42cba7cb1d0e093f6ee9bb8ad541a2a48?s=96&d=mm&r=g\",\"caption\":\"Myriam Lopez\"},\"url\":\"https:\\\/\\\/www.contem.es\\\/es\\\/author\\\/myriam\\\/\"}]}<\/script>\n<!-- \/ Yoast SEO plugin. -->","yoast_head_json":{"title":"R\u00e9gimen Especial del Criterio de Caja (RECC) | Contem Assessors","robots":{"index":"index","follow":"follow","max-snippet":"max-snippet:-1","max-image-preview":"max-image-preview:large","max-video-preview":"max-video-preview:-1"},"canonical":"https:\/\/www.contem.es\/es\/regimen-especial-criterio-caja-recc\/","og_locale":"es_ES","og_type":"article","og_title":"R\u00e9gimen Especial del Criterio de Caja (RECC) | Contem Assessors","og_description":"A efectos de IVA se introduce un nuevo r&eacute;gimen especial consistente en liquidar el IVA en funci&oacute;n de cuando se cobran o pagan las facturas. Las principales caracter&iacute;sticas del mismo son: Es un r&eacute;gimen opcional para aquellos sujetos pasivos con un volumen de operaciones durante el a&ntilde;o natural anterior que no haya superado los 2.000.000&euro; [&hellip;]","og_url":"https:\/\/www.contem.es\/es\/regimen-especial-criterio-caja-recc\/","og_site_name":"Contem Assessors","article_published_time":"2013-10-26T07:51:57+00:00","article_modified_time":"2020-07-28T07:53:19+00:00","og_image":[{"url":"https:\/\/www.contem.es\/wp-content\/uploads\/2016\/06\/touch-icon-contem.png","type":"","width":"","height":""}],"author":"Myriam Lopez","twitter_card":"summary_large_image","twitter_creator":"@contemassessors","twitter_site":"@contemassessors","twitter_misc":{"Escrito por":"Myriam Lopez","Tiempo de lectura":"3 minutos"},"schema":{"@context":"https:\/\/schema.org","@graph":[{"@type":"Article","@id":"https:\/\/www.contem.es\/es\/regimen-especial-criterio-caja-recc\/#article","isPartOf":{"@id":"https:\/\/www.contem.es\/es\/regimen-especial-criterio-caja-recc\/"},"author":{"name":"Myriam Lopez","@id":"https:\/\/www.contem.es\/es\/#\/schema\/person\/0269b436caa955169936ae514023ff7a"},"headline":"R\u00e9gimen Especial del Criterio de Caja (RECC)","datePublished":"2013-10-26T07:51:57+00:00","dateModified":"2020-07-28T07:53:19+00:00","mainEntityOfPage":{"@id":"https:\/\/www.contem.es\/es\/regimen-especial-criterio-caja-recc\/"},"wordCount":515,"publisher":{"@id":"https:\/\/www.contem.es\/es\/#organization"},"articleSection":["Fiscal"],"inLanguage":"es"},{"@type":"WebPage","@id":"https:\/\/www.contem.es\/es\/regimen-especial-criterio-caja-recc\/","url":"https:\/\/www.contem.es\/es\/regimen-especial-criterio-caja-recc\/","name":"R\u00e9gimen Especial del Criterio de Caja (RECC) | Contem Assessors","isPartOf":{"@id":"https:\/\/www.contem.es\/es\/#website"},"datePublished":"2013-10-26T07:51:57+00:00","dateModified":"2020-07-28T07:53:19+00:00","breadcrumb":{"@id":"https:\/\/www.contem.es\/es\/regimen-especial-criterio-caja-recc\/#breadcrumb"},"inLanguage":"es","potentialAction":[{"@type":"ReadAction","target":["https:\/\/www.contem.es\/es\/regimen-especial-criterio-caja-recc\/"]}]},{"@type":"BreadcrumbList","@id":"https:\/\/www.contem.es\/es\/regimen-especial-criterio-caja-recc\/#breadcrumb","itemListElement":[{"@type":"ListItem","position":1,"name":"Inici","item":"https:\/\/www.contem.es\/es\/"},{"@type":"ListItem","position":2,"name":"R\u00e9gimen Especial del Criterio de Caja (RECC)"}]},{"@type":"WebSite","@id":"https:\/\/www.contem.es\/es\/#website","url":"https:\/\/www.contem.es\/es\/","name":"Contem Assessors","description":"Fiscal, comptable , laboral , jur\u00eddic , econ\u00f2mic i assegurances","publisher":{"@id":"https:\/\/www.contem.es\/es\/#organization"},"potentialAction":[{"@type":"SearchAction","target":{"@type":"EntryPoint","urlTemplate":"https:\/\/www.contem.es\/es\/?s={search_term_string}"},"query-input":{"@type":"PropertyValueSpecification","valueRequired":true,"valueName":"search_term_string"}}],"inLanguage":"es"},{"@type":"Organization","@id":"https:\/\/www.contem.es\/es\/#organization","name":"Contem Assessors","url":"https:\/\/www.contem.es\/es\/","logo":{"@type":"ImageObject","inLanguage":"es","@id":"https:\/\/www.contem.es\/es\/#\/schema\/logo\/image\/","url":"https:\/\/www.contem.es\/wp-content\/uploads\/2016\/06\/touch-icon-contem.png","contentUrl":"https:\/\/www.contem.es\/wp-content\/uploads\/2016\/06\/touch-icon-contem.png","width":120,"height":120,"caption":"Contem Assessors"},"image":{"@id":"https:\/\/www.contem.es\/es\/#\/schema\/logo\/image\/"},"sameAs":["https:\/\/x.com\/contemassessors","https:\/\/www.linkedin.com\/company\/contem-assessors"]},{"@type":"Person","@id":"https:\/\/www.contem.es\/es\/#\/schema\/person\/0269b436caa955169936ae514023ff7a","name":"Myriam Lopez","image":{"@type":"ImageObject","inLanguage":"es","@id":"https:\/\/secure.gravatar.com\/avatar\/180afd5c1af5874fb33cc0bf074fcfc42cba7cb1d0e093f6ee9bb8ad541a2a48?s=96&d=mm&r=g","url":"https:\/\/secure.gravatar.com\/avatar\/180afd5c1af5874fb33cc0bf074fcfc42cba7cb1d0e093f6ee9bb8ad541a2a48?s=96&d=mm&r=g","contentUrl":"https:\/\/secure.gravatar.com\/avatar\/180afd5c1af5874fb33cc0bf074fcfc42cba7cb1d0e093f6ee9bb8ad541a2a48?s=96&d=mm&r=g","caption":"Myriam Lopez"},"url":"https:\/\/www.contem.es\/es\/author\/myriam\/"}]}},"_links":{"self":[{"href":"https:\/\/www.contem.es\/es\/wp-json\/wp\/v2\/posts\/3314","targetHints":{"allow":["GET"]}}],"collection":[{"href":"https:\/\/www.contem.es\/es\/wp-json\/wp\/v2\/posts"}],"about":[{"href":"https:\/\/www.contem.es\/es\/wp-json\/wp\/v2\/types\/post"}],"author":[{"embeddable":true,"href":"https:\/\/www.contem.es\/es\/wp-json\/wp\/v2\/users\/4"}],"replies":[{"embeddable":true,"href":"https:\/\/www.contem.es\/es\/wp-json\/wp\/v2\/comments?post=3314"}],"version-history":[{"count":1,"href":"https:\/\/www.contem.es\/es\/wp-json\/wp\/v2\/posts\/3314\/revisions"}],"predecessor-version":[{"id":3315,"href":"https:\/\/www.contem.es\/es\/wp-json\/wp\/v2\/posts\/3314\/revisions\/3315"}],"wp:attachment":[{"href":"https:\/\/www.contem.es\/es\/wp-json\/wp\/v2\/media?parent=3314"}],"wp:term":[{"taxonomy":"category","embeddable":true,"href":"https:\/\/www.contem.es\/es\/wp-json\/wp\/v2\/categories?post=3314"},{"taxonomy":"post_tag","embeddable":true,"href":"https:\/\/www.contem.es\/es\/wp-json\/wp\/v2\/tags?post=3314"}],"curies":[{"name":"wp","href":"https:\/\/api.w.org\/{rel}","templated":true}]}}